{"id":23427,"date":"2025-04-14T01:26:14","date_gmt":"2025-04-14T01:26:14","guid":{"rendered":"https:\/\/www.europesays.com\/fr\/23427\/"},"modified":"2025-04-14T01:26:14","modified_gmt":"2025-04-14T01:26:14","slug":"thomas-ramos-envoie-toulouse-en-demi-finale-a-la-sirene","status":"publish","type":"post","link":"https:\/\/www.europesays.com\/fr\/23427\/","title":{"rendered":"Thomas Ramos envoie Toulouse en demi-finale \u00e0 la sir\u00e8ne"},"content":{"rendered":"<p><strong>duel fratricide &#8211; Le tenant du titre s\u2019est impos\u00e9 \u00e0 l\u2019arrach\u00e9 face \u00e0 Toulon en quarts de finale de la Coupe d&rsquo;Europe malgr\u00e9 les conditions difficiles et la r\u00e9ussite de Jaminet au pied c\u00f4t\u00e9 toulonnais<\/strong><\/p>\n<p>Gabin Villi\u00e8re risque d\u2019en faire des cauchemars. Une derni\u00e8re chandelle toulousaine un peu longue mais bien tap\u00e9e dans le ciel de Mayol encombr\u00e9 par la pluie et quelques petites rafales de vent, et le drame : une r\u00e9ception mal assur\u00e9e \u00e0 cinq m\u00e8tres de sa ligne alors que le chronom\u00e8tre marquait 79 minutes de jeu et que Toulon tenait la prolongation face \u00e0 Toulouse en quarts de finale de la Coupe d&rsquo;Europe.<\/p>\n<p>Pas d\u2019en-avant, mais une grosse pression des Rouge et Noir d\u00e9bouchant sur une p\u00e9nalit\u00e9 logique, \u00e0 25 m\u00e8tres presque en coin. Peu en r\u00e9ussite jusque-l\u00e0, Thomas Ramos <a href=\"https:\/\/www.lequipe.fr\/Rugby\/match-direct\/coupe-des-champions\/2024-2025\/toulon-toulouse-live\/39521\" rel=\"nofollow noopener\" target=\"_blank\" data-ylk=\"slk:r\u00e9ussissait cette fois son coup de pied;elm:context_link;itc:0;sec:content-canvas\" class=\"link \">r\u00e9ussissait cette fois son coup de pied<\/a>. Fin du r\u00eave pour les Toulonnais, qui ont failli devenir le premier club fran\u00e7ais \u00e0 faire tomber Toulouse en Europe\u2026 \u00e0 la seizi\u00e8me tentative !<\/p>\n<blockquote placeholder=\"\" data-theme=\"light\" class=\"twitter-tweet\">\n<p><a href=\"https:\/\/twitter.com\/hashtag\/InvestecChampionsCup?src=hash&amp;ref_src=twsrc%5Etfw\" rel=\"nofollow noopener\" target=\"_blank\" data-ylk=\"slk:#InvestecChampionsCup;elm:context_link;itc:0;sec:content-canvas\" class=\"link \">#InvestecChampionsCup<\/a> | \ud83e\udd2f DU SUSPENSE JUSQU&rsquo;AU BOUT !<\/p>\n<p>\ud83c\udfc9 Les Toulonnais sont p\u00e9nalis\u00e9s en toute fin de rencontre et cette fois, \u00e7a passe pour Thomas Ramos qui qualifie le Stade Toulousain pour les demi-finales de Champions Cup ! <a href=\"https:\/\/t.co\/lAjIpUOE3V\" rel=\"nofollow noopener\" target=\"_blank\" data-ylk=\"slk:pic.twitter.com\/lAjIpUOE3V;elm:context_link;itc:0;sec:content-canvas\" class=\"link \">pic.twitter.com\/lAjIpUOE3V<\/a><\/p>\n<p>\u2014 francetvsport (@francetvsport) <a href=\"https:\/\/twitter.com\/francetvsport\/status\/1911449120184631641?ref_src=twsrc%5Etfw\" rel=\"nofollow noopener\" target=\"_blank\" data-ylk=\"slk:April 13, 2025;elm:context_link;itc:0;sec:content-canvas\" class=\"link \">April 13, 2025<\/a><\/p>\n<\/blockquote>\n<p>Le RCT, qui a choisi de jouer avec le vent en premi\u00e8re mi-temps, s\u2019est presque enti\u00e8rement remis \u00e0 la botte <a href=\"https:\/\/www.20minutes.fr\/sport\/rugby\/champions_rugby_cup\/4146419-20250406-champions-cup-affaire-jaminet-stade-toulousain-risque-aussi-grosse-sanction-sportive\" rel=\"nofollow noopener\" target=\"_blank\" data-ylk=\"slk:du revanchard Melvyn Jaminet;elm:context_link;itc:0;sec:content-canvas\" class=\"link \">du revanchard Melvyn Jaminet<\/a> pour tourner en t\u00eate \u00e0 la pause (12-6), avant de trouve run regain d\u2019\u00e9nergie quand on pensait Toulouse ma\u00eetre de son sujet \u00e0 l\u2019heure de jeu (18-12). C&rsquo;\u00e9tait sans compter sur cette derni\u00e8re boulette de Gabin Villi\u00e8re, abattu dans son en-but apr\u00e8s la victoire toulousaine. Le tenant du titre, pass\u00e9 tout pr\u00e8s de l\u2019\u00e9limination, s\u2019offre un nouveau duel franco-fran\u00e7ais <a href=\"https:\/\/rmcsport.bfmtv.com\/rugby\/coupe-d-europe\/direct-coupe-des-champions-suivez-le-quart-de-finale-bordeaux-munster-en-live_LS-202504120242.html\" rel=\"nofollow noopener\" target=\"_blank\" data-ylk=\"slk:en demi-finale contre L\u2019UBB;elm:context_link;itc:0;sec:content-canvas\" class=\"link \">en demi-finale contre L\u2019UBB<\/a>, toujours \u00e0 l\u2019ext\u00e9rieur, tandis que dans l\u2019autre partie de tableau, le Leinster, qui n\u2019a toujours pas encaiss\u00e9 de points en phase finale, recevra Northampton.<\/p>\n<p><a href=\"https:\/\/www.20minutes.fr\/sport\/rugby\/4148426-20250413-coupe-europe-rugby-thomas-ramos-envoie-toulouse-demi-finale-sirene\" rel=\"nofollow noopener\" target=\"_blank\" data-ylk=\"slk:Lire la suite sur 20minutes;elm:context_link;itc:0;sec:content-canvas\" class=\"link \">Lire la suite sur 20minutes<\/a><\/p>\n<p>\u00c0 lire aussi :<br \/><a href=\"https:\/\/www.20minutes.fr\/sport\/rugby\/champions_rugby_cup\/4146419-20250406-champions-cup-affaire-jaminet-stade-toulousain-risque-aussi-grosse-sanction-sportive\" rel=\"nofollow noopener\" target=\"_blank\" data-ylk=\"slk:Champions Cup : Avec l\u2019affaire Jaminet, le Stade Toulousain risque-t-il aussi une grosse sanction sportive ?;elm:context_link;itc:0;sec:content-canvas\" class=\"link \">Champions Cup : Avec l\u2019affaire Jaminet, le Stade Toulousain risque-t-il aussi une grosse sanction sportive ?<\/a><br \/><a href=\"https:\/\/www.20minutes.fr\/sport\/rugby\/6_nations\/4144227-20250319-xv-france-non-plus-mbappe-marre-louis-bielle-biarrey-nouvelle-star-bleus\" rel=\"nofollow noopener\" target=\"_blank\" data-ylk=\"slk:XV de France : \u00ab Je ne suis pas non plus Mbapp\u00e9 \u00bb, se marre Louis Bielle-Biarrey, la nouvelle star des Bleus;elm:context_link;itc:0;sec:content-canvas\" class=\"link \">XV de France : \u00ab Je ne suis pas non plus Mbapp\u00e9 \u00bb, se marre Louis Bielle-Biarrey, la nouvelle star des Bleus<\/a><\/p>\n<p><script async src=\"https:\/\/platform.twitter.com\/widgets.js\" charset=\"utf-8\"><\/script><\/p>\n","protected":false},"excerpt":{"rendered":"duel fratricide &#8211; Le tenant du titre s\u2019est impos\u00e9 \u00e0 l\u2019arrach\u00e9 face \u00e0 Toulon en quarts de finale&hellip;\n","protected":false},"author":2,"featured_media":23428,"comment_status":"","ping_status":"","sticky":false,"template":"","format":"standard","meta":{"footnotes":""},"categories":[1586],"tags":[11,1777,674,8540,1011,27,8544,12,8542,25,8541,2310,8543,2312],"class_list":{"0":"post-23427","1":"post","2":"type-post","3":"status-publish","4":"format-standard","5":"has-post-thumbnail","7":"category-europe","8":"tag-actualites","9":"tag-eu","10":"tag-europe","11":"tag-finale-de-la-coupe-deurope","12":"tag-fr","13":"tag-france","14":"tag-jaminet","15":"tag-news","16":"tag-rafales-de-vent","17":"tag-republique-francaise","18":"tag-thomas-ramos","19":"tag-toulon","20":"tag-toulonnais","21":"tag-toulouse"},"share_on_mastodon":{"url":"https:\/\/pubeurope.com\/@fr\/114333718008384819","error":""},"_links":{"self":[{"href":"https:\/\/www.europesays.com\/fr\/wp-json\/wp\/v2\/posts\/23427","targetHints":{"allow":["GET"]}}],"collection":[{"href":"https:\/\/www.europesays.com\/fr\/wp-json\/wp\/v2\/posts"}],"about":[{"href":"https:\/\/www.europesays.com\/fr\/wp-json\/wp\/v2\/types\/post"}],"author":[{"embeddable":true,"href":"https:\/\/www.europesays.com\/fr\/wp-json\/wp\/v2\/users\/2"}],"replies":[{"embeddable":true,"href":"https:\/\/www.europesays.com\/fr\/wp-json\/wp\/v2\/comments?post=23427"}],"version-history":[{"count":0,"href":"https:\/\/www.europesays.com\/fr\/wp-json\/wp\/v2\/posts\/23427\/revisions"}],"wp:featuredmedia":[{"embeddable":true,"href":"https:\/\/www.europesays.com\/fr\/wp-json\/wp\/v2\/media\/23428"}],"wp:attachment":[{"href":"https:\/\/www.europesays.com\/fr\/wp-json\/wp\/v2\/media?parent=23427"}],"wp:term":[{"taxonomy":"category","embeddable":true,"href":"https:\/\/www.europesays.com\/fr\/wp-json\/wp\/v2\/categories?post=23427"},{"taxonomy":"post_tag","embeddable":true,"href":"https:\/\/www.europesays.com\/fr\/wp-json\/wp\/v2\/tags?post=23427"}],"curies":[{"name":"wp","href":"https:\/\/api.w.org\/{rel}","templated":true}]}}