{"id":234277,"date":"2025-07-08T04:37:09","date_gmt":"2025-07-08T04:37:09","guid":{"rendered":"https:\/\/www.europesays.com\/fr\/234277\/"},"modified":"2025-07-08T04:37:09","modified_gmt":"2025-07-08T04:37:09","slug":"grenoble-cet-immense-batiment-pres-de-la-gare-va-fermer-et-on-connait-deja-son-repreneur","status":"publish","type":"post","link":"https:\/\/www.europesays.com\/fr\/234277\/","title":{"rendered":"Grenoble. Cet immense b\u00e2timent pr\u00e8s de la gare va fermer et on conna\u00eet d\u00e9j\u00e0 son repreneur"},"content":{"rendered":"<p>            Par<br \/>\n        <strong><br \/>\n            <a href=\"https:\/\/actu.fr\/auteur\/lisa-rodrigues\" title=\"Consulter tous les articles de Lisa Rodrigues\" target=\"_blank\" rel=\"noopener\">Lisa Rodrigues<\/a><br \/>\n        <\/strong><\/p>\n<p>        Publi\u00e9 le<\/p>\n<p>            8 juil. 2025 \u00e0 6h32        <\/p>\n<p>Il va y avoir du changement du c\u00f4t\u00e9 de la place Robert-Schuman, \u00e0 la sortie de la gare de <a href=\"https:\/\/actu.fr\/auvergne-rhone-alpes\/grenoble_38185\" target=\"_blank\" rel=\"noopener\">Grenoble<\/a>. Comme le r\u00e9v\u00e8le <a href=\"https:\/\/mesinfos.fr\/38000-grenoble\/fermeture-du-world-trade-center-ce-que-veut-faire-la-cci-de-grenoble-225980.html\" target=\"_blank\" rel=\"noopener\">L\u2019Essor<\/a>, l\u2019un des b\u00e2timents embl\u00e9matiques des lieux, le centre des congr\u00e8s <strong>World Trade Center<\/strong>, va fermer, a confirm\u00e9 la Chambre de commerce et d\u2019industrie (CCI) de Grenoble, gestionnaire actuel des lieux, \u00e0 actu Grenoble.<br \/>L\u2019organisation a d\u00e9cid\u00e9 de s\u2019en s\u00e9parer, ou plus exactement de \u00ab\u00a0r\u00e9affecter les espaces\u00a0\u00bb. Et on sait d\u00e9j\u00e0 qui va reprendre le b\u00e2timent.<\/p>\n<p>    <a href=\"https:\/\/www.google.com\/maps\/embed?pb=!1m18!1m12!1m3!1d1182.230878696304!2d5.71297021696228!3d45.19044137232705!2m3!1f0!2f0!3f0!3m2!1i1024!2i768!4f13.1!3m3!1m2!1s0x478af481b7661f97%3A0x2f475fe8d95f61e0!2sCentre%20de%20congr%C3%A8s%20du%20World%20Trade%20Center%20Grenoble!5e0!3m2!1sfr!2sfr!4v1751900601738!5m2!1sfr!2sfr\" title=\"Ouvrie le lien\" target=\"_blank\" rel=\"noopener\">Cliquez ici pour visualiser le contenu<\/a><\/p>\n<p>Une \u00e9cole de management prend la place<\/p>\n<p class=\" wall-content\">Une large partie du b\u00e2timent doit \u00eatre transf\u00e9r\u00e9 <strong>d\u00e8s le 31 d\u00e9cembre 2025<\/strong> \u00e0 Grenoble \u00c9cole de management (GEM), situ\u00e9e juste de l\u2019autre c\u00f4t\u00e9 de la place, dont la CCI est l\u2019actionnaire majoritaire. Un agrandissement rendu n\u00e9cessaire par \u00ab\u00a0la forte croissance des \u00e9tudiants\u00a0\u00bb, d\u00e9sormais un peu trop serr\u00e9s dans leurs locaux actuels.<\/p>\n<p class=\" wall-content\">Les <strong>salles r\u00e9am\u00e9nag\u00e9es<\/strong> du World Trade Center pourront \u00e9galement accueillir des conf\u00e9rences et \u00e9v\u00e9nements internes \u00e0 l\u2019\u00e9tablissement. Elles doivent aussi aider l\u2019\u00e9cole \u00e0 \u00ab\u00a0d\u00e9velopper des formats p\u00e9dagogiques immersifs\u00a0\u00bb pour valoriser son image \u00e0 l\u2019international.<\/p>\n<p class=\" wall-content\">Une bonne nouvelle pour Grenoble \u00c9cole de management, dont le travail de gestion de l\u2019\u00e9quipe dirigeante est salu\u00e9e par la CCI, apr\u00e8s des<a href=\"https:\/\/actu.fr\/auvergne-rhone-alpes\/grenoble_38185\/grenoble-l-ecole-de-management-reputee-dans-la-tourmente-des-accusations-infondees_62755882.html\" target=\"_blank\" rel=\"noopener\"> pol\u00e9miques internes<\/a>. \u00ab\u00a0GEM a pu r\u00e9sorber en un temps record le d\u00e9ficit h\u00e9rit\u00e9 de l\u2019ancienne gouvernance, permettant \u00e0 l\u2019\u00e9cole de retrouver l\u2019\u00e9quilibre financier d\u00e8s 2025 et de ne plus repr\u00e9senter un poids financier pour la CCI\u00a0\u00bb, souligne ainsi cette derni\u00e8re.<\/p>\n<p>Un \u00ab\u00a0recentrage\u00a0\u00bb de ses activit\u00e9s<\/p>\n<p class=\" wall-content\">Toutefois, toujours selon L\u2019Essor, les finances de la CCI ne sont pas aussi bonnes que celle de GEM : la Cour des Comptes aurait m\u00eame point\u00e9 du doigt l\u2019organisation is\u00e9roise comme \u00e9tant la CCI la plus \u00ab\u00a0mauvaise \u00e9l\u00e8ve de France\u00a0\u00bb en la mati\u00e8re\u2026<\/p>\n<p class=\" wall-content\">Pas de quoi rassurer les <strong>cinq salari\u00e9s <\/strong>du centre des congr\u00e8s, qui pourraient perdre leurs postes avec le changement de gestionnaire. M\u00eame si la CCI assure suivre de pr\u00e8s leur situation.<\/p>\n<blockquote class=\"ac-article-quote wall-content\">\n<p>Concernant les cinq employ\u00e9es concern\u00e9es par cette d\u00e9cision, la CCI de Grenoble s&rsquo;engage \u00e0 les accompagner dans les meilleures conditions, d\u00e8s \u00e0 pr\u00e9sent et jusqu\u2019\u00e0 leur d\u00e9part.<\/p>\n<p>    <strong>CCI de Grenoble<\/strong>\n            <\/p><\/blockquote>\n<p class=\" wall-content\">Pour la CCI, faire passer le World Trade Center sous le giron de l\u2019\u00e9cole de management permet ainsi un \u00ab\u00a0recentrage\u00a0\u00bb de ses activit\u00e9s, et donc une <strong>diminution des co\u00fbts<\/strong>. \u00ab\u00a0Ce recentrage nous permettra d\u2019\u00eatre plus agiles et disponibles aupr\u00e8s de nos ressortissants\u00a0\u00bb, souligne Pierre Streiff, pr\u00e9sident de la CCI de Grenoble par communiqu\u00e9.<\/p>\n<p class=\" wall-content\">Suivez toute l\u2019actualit\u00e9 de vos villes et m\u00e9dias favoris en vous inscrivant \u00e0 <a href=\"https:\/\/moncompte.actu.fr\" title=\"D\u00e9couvez Mon Actu\" rel=\"nofollow noopener\" data-trk=\"{&quot;cta&quot;:{&quot;action&quot;:&quot;https:\\\/\\\/moncompte.actu.fr&quot;,&quot;category&quot;:&quot;mon compte&quot;,&quot;from&quot;:&quot;article footer&quot;,&quot;name&quot;:&quot;Mon actu&quot;,&quot;type&quot;:&quot;cta&quot;}}\" target=\"_blank\">Mon Actu<\/a>.<\/p>\n<ul class=\"ac-article-tag wall-content\">\n<li><a href=\"https:\/\/actu.fr\/tag\/entrepreneuriat\" data-trk=\"{&quot;cta&quot;:{&quot;action&quot;:&quot;Entrepreneuriat&quot;,&quot;category&quot;:&quot;tag&quot;,&quot;from&quot;:&quot;article footer&quot;,&quot;name&quot;:&quot;Entrepreneuriat&quot;,&quot;type&quot;:&quot;cta&quot;}}\" target=\"_blank\" rel=\"noopener\">#Entrepreneuriat<\/a><\/li>\n<li><a href=\"https:\/\/actu.fr\/tag\/industrie\" data-trk=\"{&quot;cta&quot;:{&quot;action&quot;:&quot;Industrie&quot;,&quot;category&quot;:&quot;tag&quot;,&quot;from&quot;:&quot;article footer&quot;,&quot;name&quot;:&quot;Industrie&quot;,&quot;type&quot;:&quot;cta&quot;}}\" target=\"_blank\" rel=\"noopener\">#Industrie<\/a><\/li>\n<\/ul>\n","protected":false},"excerpt":{"rendered":"Par Lisa Rodrigues Publi\u00e9 le 8 juil. 2025 \u00e0 6h32 Il va y avoir du changement du c\u00f4t\u00e9&hellip;\n","protected":false},"author":2,"featured_media":234278,"comment_status":"","ping_status":"","sticky":false,"template":"","format":"standard","meta":{"footnotes":""},"categories":[9566],"tags":[1111,11,2430,33,2855,1777,674,1011,27,2731,693,12,25,216],"class_list":{"0":"post-234277","1":"post","2":"type-post","3":"status-publish","4":"format-standard","5":"has-post-thumbnail","7":"category-grenoble","8":"tag-actu","9":"tag-actualites","10":"tag-auvergne-rhone-alpes","11":"tag-economie","12":"tag-entrepreneuriat","13":"tag-eu","14":"tag-europe","15":"tag-fr","16":"tag-france","17":"tag-grenoble","18":"tag-industrie","19":"tag-news","20":"tag-republique-francaise","21":"tag-vie-des-entreprises"},"share_on_mastodon":{"url":"https:\/\/pubeurope.com\/@fr\/114815765432403059","error":""},"_links":{"self":[{"href":"https:\/\/www.europesays.com\/fr\/wp-json\/wp\/v2\/posts\/234277","targetHints":{"allow":["GET"]}}],"collection":[{"href":"https:\/\/www.europesays.com\/fr\/wp-json\/wp\/v2\/posts"}],"about":[{"href":"https:\/\/www.europesays.com\/fr\/wp-json\/wp\/v2\/types\/post"}],"author":[{"embeddable":true,"href":"https:\/\/www.europesays.com\/fr\/wp-json\/wp\/v2\/users\/2"}],"replies":[{"embeddable":true,"href":"https:\/\/www.europesays.com\/fr\/wp-json\/wp\/v2\/comments?post=234277"}],"version-history":[{"count":0,"href":"https:\/\/www.europesays.com\/fr\/wp-json\/wp\/v2\/posts\/234277\/revisions"}],"wp:featuredmedia":[{"embeddable":true,"href":"https:\/\/www.europesays.com\/fr\/wp-json\/wp\/v2\/media\/234278"}],"wp:attachment":[{"href":"https:\/\/www.europesays.com\/fr\/wp-json\/wp\/v2\/media?parent=234277"}],"wp:term":[{"taxonomy":"category","embeddable":true,"href":"https:\/\/www.europesays.com\/fr\/wp-json\/wp\/v2\/categories?post=234277"},{"taxonomy":"post_tag","embeddable":true,"href":"https:\/\/www.europesays.com\/fr\/wp-json\/wp\/v2\/tags?post=234277"}],"curies":[{"name":"wp","href":"https:\/\/api.w.org\/{rel}","templated":true}]}}