{"id":234283,"date":"2025-07-08T04:40:10","date_gmt":"2025-07-08T04:40:10","guid":{"rendered":"https:\/\/www.europesays.com\/fr\/234283\/"},"modified":"2025-07-08T04:40:10","modified_gmt":"2025-07-08T04:40:10","slug":"un-nouveau-commandant-pour-la-fregate-alsace","status":"publish","type":"post","link":"https:\/\/www.europesays.com\/fr\/234283\/","title":{"rendered":"un nouveau commandant pour la fr\u00e9gate \u00ab \u00a0Alsace\u00a0\u00bb"},"content":{"rendered":"<p>Les 38 jeunes qui ont particip\u00e9 cette ann\u00e9e \u00e0 la pr\u00e9paration militaire marine (PMM) \u00ab\u00a0Amiral Exelmans\u00a0\u00bb \u00e0 Strasbourg (*) sont tout ou\u00efe face au commandant de la Fremm-DA Alsace , invit\u00e9 de marque pour le dernier samedi (sur douze) pass\u00e9 \u00e0 la caserne Turenne. Ce stage de d\u00e9couverte leur a notamment permis d\u2019aller \u00e0 Toulon o\u00f9 ils ont pu visiter la petite s\u0153ur de l\u2019Alsace (la Fremm Lorraine) et dormir au sein du porte-h\u00e9licopt\u00e8res amphibie Tonnerre.<\/p>\n<p>Si l\u2019objectif n\u2019est pas forc\u00e9ment de pousser ces jeunes (16 \u00e0 19 ans pour cette promotion) \u00e0 s\u2019engager, certains ont d\u00e9j\u00e0 cette id\u00e9e en t\u00eate. D\u2019ailleurs, quand le commandant pose la question de savoir qui pourrait \u00eatre int\u00e9ress\u00e9 par une carri\u00e8re dans la Marine, une dizaine de bras, masculin et f\u00e9minin, se l\u00e8vent.<\/p>\n<p>Comme il a&#8230;<\/p>\n","protected":false},"excerpt":{"rendered":"Les 38 jeunes qui ont particip\u00e9 cette ann\u00e9e \u00e0 la pr\u00e9paration militaire marine (PMM) \u00ab\u00a0Amiral Exelmans\u00a0\u00bb \u00e0 Strasbourg&hellip;\n","protected":false},"author":2,"featured_media":234284,"comment_status":"","ping_status":"","sticky":false,"template":"","format":"standard","meta":{"footnotes":""},"categories":[2820],"tags":[1111,11,2389,2649,3206,2880,1777,674,107,1011,27,5325,2798,775,3035,12,25,640,2879],"class_list":{"0":"post-234283","1":"post","2":"type-post","3":"status-publish","4":"format-standard","5":"has-post-thumbnail","7":"category-strasbourg","8":"tag-actu","9":"tag-actualites","10":"tag-alsace","11":"tag-bas-rhin","12":"tag-defense-guerre-conflit","13":"tag-edition-strasbourg","14":"tag-eu","15":"tag-europe","16":"tag-fil-info","17":"tag-fr","18":"tag-france","19":"tag-galerie-media","20":"tag-galerie-photo","21":"tag-grand-est","22":"tag-la-matinale-strasbourg","23":"tag-news","24":"tag-republique-francaise","25":"tag-strasbourg","26":"tag-strasbourg-ville"},"share_on_mastodon":{"url":"https:\/\/pubeurope.com\/@fr\/114815777210489574","error":""},"_links":{"self":[{"href":"https:\/\/www.europesays.com\/fr\/wp-json\/wp\/v2\/posts\/234283","targetHints":{"allow":["GET"]}}],"collection":[{"href":"https:\/\/www.europesays.com\/fr\/wp-json\/wp\/v2\/posts"}],"about":[{"href":"https:\/\/www.europesays.com\/fr\/wp-json\/wp\/v2\/types\/post"}],"author":[{"embeddable":true,"href":"https:\/\/www.europesays.com\/fr\/wp-json\/wp\/v2\/users\/2"}],"replies":[{"embeddable":true,"href":"https:\/\/www.europesays.com\/fr\/wp-json\/wp\/v2\/comments?post=234283"}],"version-history":[{"count":0,"href":"https:\/\/www.europesays.com\/fr\/wp-json\/wp\/v2\/posts\/234283\/revisions"}],"wp:featuredmedia":[{"embeddable":true,"href":"https:\/\/www.europesays.com\/fr\/wp-json\/wp\/v2\/media\/234284"}],"wp:attachment":[{"href":"https:\/\/www.europesays.com\/fr\/wp-json\/wp\/v2\/media?parent=234283"}],"wp:term":[{"taxonomy":"category","embeddable":true,"href":"https:\/\/www.europesays.com\/fr\/wp-json\/wp\/v2\/categories?post=234283"},{"taxonomy":"post_tag","embeddable":true,"href":"https:\/\/www.europesays.com\/fr\/wp-json\/wp\/v2\/tags?post=234283"}],"curies":[{"name":"wp","href":"https:\/\/api.w.org\/{rel}","templated":true}]}}