{"id":234287,"date":"2025-07-08T04:42:10","date_gmt":"2025-07-08T04:42:10","guid":{"rendered":"https:\/\/www.europesays.com\/fr\/234287\/"},"modified":"2025-07-08T04:42:10","modified_gmt":"2025-07-08T04:42:10","slug":"ici-cest-du-tres-haut-niveau-quelques-jours-apres-son-ouverture-le-pumptrack-de-cagnes-sur-mer-seduit-ses-usagers","status":"publish","type":"post","link":"https:\/\/www.europesays.com\/fr\/234287\/","title":{"rendered":"\u00ab\u00a0Ici, c\u2019est du tr\u00e8s haut niveau\u00a0\u00bb: quelques jours apr\u00e8s son ouverture, le pumptrack de Cagnes-sur-Mer s\u00e9duit ses usagers"},"content":{"rendered":"<p>La chaleur n\u2019a pas eu raison de leur motivation. Un matin, la semaine derni\u00e8re, jeunes et un peu moins jeunes sont au rendez-vous de ce nouvel espace de glisse fra\u00eechement inaugur\u00e9 dimanche 29 juin \u00e0 Cagnes-sur-Mer.<\/p>\n<p>\u00ab\u00a0C\u2019est g\u00e9nial et l\u2019emplacement est id\u00e9al, conc\u00e8de Ingrid. La m\u00e8re de famille est venue avec son fils Lenny, 9 ans, qui pointe ses deux pouces vers le haut quand on lui demande ce qu\u2019il pense du nouveau pumptrack install\u00e9 sur le bord de mer. Tout le monde est tr\u00e8s prudent et il n\u2019y a pas d\u2019incivisme entre ceux qui partagent la piste.\u00a0\u00bb Ingrid et Lenny sont venus t\u00f4t pour \u00e9viter la chaleur et pour profiter de la mer entre deux tours de piste. \u00ab\u00a0J\u2019avais une petite crainte concernant les trottinettes \u00e9lectriques mais finalement il n\u2019y a aucun probl\u00e8me, confie la quadrag\u00e9naire qui vit \u00e0 Cagnes-sur-Mer depuis maintenant 5 ans. Le parcours est beau et bien pens\u00e9. Les trois niveaux de pistes permettent \u00e0 tout le monde de pratiquer.\u00a0\u00bb<\/p>\n<p>\u00ab\u00a0C\u2019est la Californie\u00a0\u00bb<\/p>\n<p>              <img ci-src=\"https:\/\/www.nicematin.com\/detente\/protec\/DATA_ART_15863382-n3M6w4Hp.jpg?vh=18204e&amp;ci_seal=69c1f33ded\" alt=\"\"\/><br \/>\n        Le pumptrack de Cagnes-sur-Mer est ouvert depuis dimanche 29 juin.  <strong>Photo Justine Meddah.<\/strong> <\/p>\n<p>\u00c0 quelques m\u00e8tres, Aur\u00e9lien, Cagnois de 37 ans, est bien \u00e9quip\u00e9. Il est venu avec plusieurs planches de skate et des rollers. Cet adepte des sports de glisse compte tester son mat\u00e9riel sur les pistes bossel\u00e9es. \u00ab\u00a0Le skate, c\u2019est toute ma jeunesse, c\u2019est une passion, sourit-il. Les pistes sont bien mais il y a un choc des \u00e2ges. On voit d\u00e9j\u00e0 des tr\u00e8s jeunes qui ne ma\u00eetrisent pas beaucoup et \u00e7a peut \u00eatre dangereux. Une planche qui part dans le tibia, \u00e7a fait tr\u00e8s mal.\u00a0\u00bb<\/p>\n<p>Cet expert des pumptracks a d\u00e9j\u00e0 test\u00e9 ceux de Mougins et de P\u00e9gomas. Mais \u00ab\u00a0ici, c\u2019est du tr\u00e8s haut niveau\u00a0\u00bb. Depuis l\u2019ouverture, il n\u2019a pas rat\u00e9 une journ\u00e9e pour s\u2019entra\u00eener.<\/p>\n<p>Aur\u00e9lien \u00e9met toutefois quelques r\u00e9serves: \u00ab\u00a0On voit que des trottinettes ont d\u00e9j\u00e0 frott\u00e9 le sommet de certaines bosses. Dans deux mois, il faudra refaire le goudron car ce sera creus\u00e9\u00a0\u00bb.<\/p>\n<p>Autre b\u00e9mol: les horaires. \u00ab\u00a0C\u2019est dommage qu\u2019on ne puisse pas se faire une session le soir apr\u00e8s le boulot, regrette-t-il. Je travaille dans la restauration et j\u2019aurais aim\u00e9 pouvoir venir vers 21h30. Avec le coucher du soleil \u00e7a peut \u00eatre vraiment pas mal.\u00a0\u00bb<\/p>\n<p>L\u2019emplacement du pumptrack fait, en revanche l\u2019unanimit\u00e9. \u00ab\u00a0En bord de mer, comme \u00e7a, c\u2019est la Californie\u00a0\u00bb, lance admiratif le trentenaire. M\u00eame si \u00ab\u00a0un peu plus d\u2019ombre serait appr\u00e9ciable\u00a0\u00bb.<\/p>\n<p>Un acc\u00e8s facile gr\u00e2ce \u00e0 la piste cyclable<\/p>\n<p>Les usagers ne manquent pas de souligner la facilit\u00e9 d\u2019acc\u00e8s de ce nouvel espace de jeux. \u00ab\u00a0Nous sommes venus \u00e0 v\u00e9lo de la maison gr\u00e2ce aux pistes cyclables de la ville, raconte Ingrid. C\u2019est vraiment pratique.\u00a0\u00bb<\/p>\n<p>M\u00eame constat pour Romain. Ce Cagnois de 39 ans pratique le v\u00e9lo et le skate depuis des ann\u00e9es. \u00ab\u00a0L\u2019acc\u00e8s direct avec la piste cyclable est un plus pour moi qui habite \u00e0 Saint-Laurent-du-Var, souligne-t-il. Ce genre de structure manquait ici.\u00a0\u00bb Lui aussi n\u2019h\u00e9sitait pas \u00e0 aller jusqu\u2019\u00e0 Cannes o\u00f9 P\u00e9gomas pour pouvoir acc\u00e9der \u00e0 des terrains am\u00e9nag\u00e9s. Une chose est s\u00fbre: \u00ab\u00a0C\u2019est un spot o\u00f9 je vais souvent revenir\u00a0\u00bb.<\/p>\n<p>Ouvert de 8h \u00e0 21h, du 1er avril au 30 septembre et de 9h \u00e0 19h, du 1er octobre au 31 mars.<\/p>\n","protected":false},"excerpt":{"rendered":"La chaleur n\u2019a pas eu raison de leur motivation. Un matin, la semaine derni\u00e8re, jeunes et un peu&hellip;\n","protected":false},"author":2,"featured_media":234288,"comment_status":"","ping_status":"","sticky":false,"template":"","format":"standard","meta":{"footnotes":""},"categories":[2819],"tags":[1111,11,1777,674,1011,27,1393,12,2401,882,25],"class_list":{"0":"post-234287","1":"post","2":"type-post","3":"status-publish","4":"format-standard","5":"has-post-thumbnail","7":"category-nice","8":"tag-actu","9":"tag-actualites","10":"tag-eu","11":"tag-europe","12":"tag-fr","13":"tag-france","14":"tag-loisirs","15":"tag-news","16":"tag-nice","17":"tag-provence-alpes-cote-dazur","18":"tag-republique-francaise"},"share_on_mastodon":{"url":"https:\/\/pubeurope.com\/@fr\/114815785051234945","error":""},"_links":{"self":[{"href":"https:\/\/www.europesays.com\/fr\/wp-json\/wp\/v2\/posts\/234287","targetHints":{"allow":["GET"]}}],"collection":[{"href":"https:\/\/www.europesays.com\/fr\/wp-json\/wp\/v2\/posts"}],"about":[{"href":"https:\/\/www.europesays.com\/fr\/wp-json\/wp\/v2\/types\/post"}],"author":[{"embeddable":true,"href":"https:\/\/www.europesays.com\/fr\/wp-json\/wp\/v2\/users\/2"}],"replies":[{"embeddable":true,"href":"https:\/\/www.europesays.com\/fr\/wp-json\/wp\/v2\/comments?post=234287"}],"version-history":[{"count":0,"href":"https:\/\/www.europesays.com\/fr\/wp-json\/wp\/v2\/posts\/234287\/revisions"}],"wp:featuredmedia":[{"embeddable":true,"href":"https:\/\/www.europesays.com\/fr\/wp-json\/wp\/v2\/media\/234288"}],"wp:attachment":[{"href":"https:\/\/www.europesays.com\/fr\/wp-json\/wp\/v2\/media?parent=234287"}],"wp:term":[{"taxonomy":"category","embeddable":true,"href":"https:\/\/www.europesays.com\/fr\/wp-json\/wp\/v2\/categories?post=234287"},{"taxonomy":"post_tag","embeddable":true,"href":"https:\/\/www.europesays.com\/fr\/wp-json\/wp\/v2\/tags?post=234287"}],"curies":[{"name":"wp","href":"https:\/\/api.w.org\/{rel}","templated":true}]}}