{"id":234289,"date":"2025-07-08T04:43:09","date_gmt":"2025-07-08T04:43:09","guid":{"rendered":"https:\/\/www.europesays.com\/fr\/234289\/"},"modified":"2025-07-08T04:43:09","modified_gmt":"2025-07-08T04:43:09","slug":"nice-tres-grave-accident-sur-la-promenade-des-anglais-deux-morts-et-un-blesse-grave","status":"publish","type":"post","link":"https:\/\/www.europesays.com\/fr\/234289\/","title":{"rendered":"Nice. Tr\u00e8s grave accident sur la promenade des Anglais, deux morts et un bless\u00e9 grave"},"content":{"rendered":"<p>            Par<br \/>\n        <strong><br \/>\n            <a href=\"https:\/\/actu.fr\/auteur\/fabien-binacchi\" title=\"Consulter tous les articles de Fabien Binacchi\" rel=\"nofollow noopener\" target=\"_blank\">Fabien Binacchi<\/a><br \/>\n        <\/strong><\/p>\n<p>        Publi\u00e9 le<\/p>\n<p>            8 juil. 2025 \u00e0 6h37        <\/p>\n<p>Le choc s\u2019est produit <strong>entre un deux-roues motoris\u00e9 et un v\u00e9lo.<\/strong> Ce lundi 7\u00a0juillet 2025, dans la soir\u00e9e, un terrible accident de la route a fait deux morts et un bless\u00e9 tr\u00e8s grave sur la promenade des Anglais, \u00e0 <a href=\"https:\/\/actu.fr\/nice\/\" rel=\"nofollow noopener\" target=\"_blank\">Nice<\/a>, apprend-on aupr\u00e8s des pompiers des <a href=\"https:\/\/actu.fr\/provence-alpes-cote-d-azur\/alpes-maritimes_06\" rel=\"nofollow noopener\" target=\"_blank\">Alpes-Maritimes.<\/a><\/p>\n<p>Au niveau du terminal 1 de l\u2019a\u00e9roport<\/p>\n<p class=\" wall-content\">Les secours sont intervenus vers 22h30, au niveau du <strong>480 promenade des Anglais,<\/strong> \u00e0 hauteur du terminal 1 de l\u2019a\u00e9roport de Nice, en direction de Saint-Laurent-du-Var. Une moto et un v\u00e9lo viennent de rentrer en collision. Le choc a \u00e9t\u00e9 terrible.<\/p>\n<p>    <a href=\"https:\/\/www.google.com\/maps\/embed?pb=!1m18!1m12!1m3!1d2675.670688965183!2d7.20941807591346!3d43.66654097110142!2m3!1f0!2f0!3f0!3m2!1i1024!2i768!4f13.1!3m3!1m2!1s0x12cdd1cf53cdf3e5%3A0x2f77b6d20fa0742a!2s480%20Prom.%20des%20Anglais%2C%2006200%20Nice!5e1!3m2!1sfr!2sfr!4v1751948239429!5m2!1sfr!2sfr\" title=\"Ouvrie le lien\" rel=\"nofollow noopener\" target=\"_blank\">Cliquez ici pour visualiser le contenu<\/a><\/p>\n<p class=\" wall-content\">Et <strong>le bilan est tr\u00e8s lourd.<\/strong> Selon le Service d\u00e9partemental d\u2019incendie et de secours (Sdis) des Alpes-Maritimes, l\u2019homme au guidon du v\u00e9lo, qui avait entre 30 et 40\u00a0ans, ainsi que la passag\u00e8re de la moto, \u00e2g\u00e9e de 20 \u00e0 25\u00a0ans, ont \u00e9t\u00e9 tu\u00e9s.<\/p>\n<p>Le conducteur de la moto en \u00ab\u2009urgence absolue\u2009\u00bb<\/p>\n<p class=\" wall-content\">Le conducteur du deux-roues, qui a entre 25 et 30\u00a0ans selon les pompiers, est gri\u00e8vement bless\u00e9. Il a \u00e9t\u00e9 transport\u00e9 m\u00e9dicalis\u00e9 vers le centre hospitalier Pasteur 2, \u00e0 l\u2019Est de Nice.<\/p>\n<p>Vid\u00e9os : en ce moment sur Actu<\/p>\n<p class=\" wall-content\">D\u2019apr\u00e8s le bilan du Sdis 06, <strong>son pronostic vital \u00e9tait engag\u00e9<\/strong> dans la soir\u00e9e.<\/p>\n<p class=\" wall-content\">\n<p class=\" wall-content\">Il a \u00ab\u2009\u00e9t\u00e9 pris en charge par les secours en \u00e9tat d\u2019urgence absolue\u2009\u00bb, a pr\u00e9cis\u00e9 le pr\u00e9fet des Alpes-Maritimes Laurent Hottiaux, qui s\u2019est rendu sur place.<\/p>\n<p>Les circonstances de l\u2019accident<\/p>\n<p class=\" wall-content\">Un important dispositif de secours \u00e9tait d\u00e9ploy\u00e9, avec <strong>8 engins et 17 sapeurs pompiers<\/strong> sur place. Les polices nationale et municipale \u00e9taient \u00e9galement sur les lieux, notamment pour r\u00e9guler le trafic. D\u2019importants bouchons se sont form\u00e9s dans la soir\u00e9e.<\/p>\n<p class=\" wall-content\">Les circonstances de ce choc mortel sont encore floues. Selon une source polici\u00e8re cit\u00e9e par <a href=\"https:\/\/www.nicematin.com\/faits-divers\/un-accident-grave-entre-un-deux-roues-et-une-voiture-sur-la-promenade-des-anglais-devant-l-aeroport-de-nice-993382\" rel=\"nofollow noopener\" target=\"_blank\">Nice-Matin<\/a>, \u00ab\u2009il semblerait que <strong>le cycliste ait franchi la chauss\u00e9e alors que le feu \u00e9tait au vert pour les conducteurs<\/strong> et que la moto l\u2019ait alors percut\u00e9\u2009\u00bb.<\/p>\n<p class=\" wall-content\">Une enqu\u00eate devrait permettre de faire la lumi\u00e8re sur les causes exactes de cet accident.<\/p>\n<p class=\" wall-content\">Suivez toute l\u2019actualit\u00e9 de vos villes et m\u00e9dias favoris en vous inscrivant \u00e0 <a href=\"https:\/\/moncompte.actu.fr\" title=\"D\u00e9couvez Mon Actu\" rel=\"nofollow noopener\" data-trk=\"{&quot;cta&quot;:{&quot;action&quot;:&quot;https:\\\/\\\/moncompte.actu.fr&quot;,&quot;category&quot;:&quot;mon compte&quot;,&quot;from&quot;:&quot;article footer&quot;,&quot;name&quot;:&quot;Mon actu&quot;,&quot;type&quot;:&quot;cta&quot;}}\" target=\"_blank\">Mon Actu<\/a>.<\/p>\n","protected":false},"excerpt":{"rendered":"Par Fabien Binacchi Publi\u00e9 le 8 juil. 2025 \u00e0 6h37 Le choc s\u2019est produit entre un deux-roues motoris\u00e9&hellip;\n","protected":false},"author":2,"featured_media":234290,"comment_status":"","ping_status":"","sticky":false,"template":"","format":"standard","meta":{"footnotes":""},"categories":[2819],"tags":[119,1111,11,1777,674,118,1011,27,12,2401,1311,882,25],"class_list":{"0":"post-234289","1":"post","2":"type-post","3":"status-publish","4":"format-standard","5":"has-post-thumbnail","7":"category-nice","8":"tag-accident","9":"tag-actu","10":"tag-actualites","11":"tag-eu","12":"tag-europe","13":"tag-faits-divers","14":"tag-fr","15":"tag-france","16":"tag-news","17":"tag-nice","18":"tag-pompiers","19":"tag-provence-alpes-cote-dazur","20":"tag-republique-francaise"},"share_on_mastodon":{"url":"https:\/\/pubeurope.com\/@fr\/114815789159491287","error":""},"_links":{"self":[{"href":"https:\/\/www.europesays.com\/fr\/wp-json\/wp\/v2\/posts\/234289","targetHints":{"allow":["GET"]}}],"collection":[{"href":"https:\/\/www.europesays.com\/fr\/wp-json\/wp\/v2\/posts"}],"about":[{"href":"https:\/\/www.europesays.com\/fr\/wp-json\/wp\/v2\/types\/post"}],"author":[{"embeddable":true,"href":"https:\/\/www.europesays.com\/fr\/wp-json\/wp\/v2\/users\/2"}],"replies":[{"embeddable":true,"href":"https:\/\/www.europesays.com\/fr\/wp-json\/wp\/v2\/comments?post=234289"}],"version-history":[{"count":0,"href":"https:\/\/www.europesays.com\/fr\/wp-json\/wp\/v2\/posts\/234289\/revisions"}],"wp:featuredmedia":[{"embeddable":true,"href":"https:\/\/www.europesays.com\/fr\/wp-json\/wp\/v2\/media\/234290"}],"wp:attachment":[{"href":"https:\/\/www.europesays.com\/fr\/wp-json\/wp\/v2\/media?parent=234289"}],"wp:term":[{"taxonomy":"category","embeddable":true,"href":"https:\/\/www.europesays.com\/fr\/wp-json\/wp\/v2\/categories?post=234289"},{"taxonomy":"post_tag","embeddable":true,"href":"https:\/\/www.europesays.com\/fr\/wp-json\/wp\/v2\/tags?post=234289"}],"curies":[{"name":"wp","href":"https:\/\/api.w.org\/{rel}","templated":true}]}}