{"id":234293,"date":"2025-07-08T04:46:14","date_gmt":"2025-07-08T04:46:14","guid":{"rendered":"https:\/\/www.europesays.com\/fr\/234293\/"},"modified":"2025-07-08T04:46:14","modified_gmt":"2025-07-08T04:46:14","slug":"4e-nuit-de-la-solidarite-a-bordeaux-31-annees-desperance-de-vie-en-moins-pour-les-sans-abri","status":"publish","type":"post","link":"https:\/\/www.europesays.com\/fr\/234293\/","title":{"rendered":"4e Nuit de la solidarit\u00e9 \u00e0 Bordeaux : 31 ann\u00e9es d\u2019esp\u00e9rance de vie en moins pour les sans-abri"},"content":{"rendered":"<p class=\"wp-block-post-excerpt__excerpt\">\u00c0 Bordeaux, la Nuit de la solidarit\u00e9 2025 a recens\u00e9 761 personnes sans-abri. Derri\u00e8re ce chiffre en baisse, une r\u00e9alit\u00e9 plus complexe se dessine : pr\u00e9carit\u00e9 durable, invisibilit\u00e9 des femmes et vieillissement alarmant. <\/p>\n<p class=\"font-sans\">\n\t\t\tCet article est en acc\u00e8s libre. Pour soutenir Rue89Bordeaux,<br \/>\n\t\t\t<a class=\"underline\" href=\"https:\/\/rue89bordeaux.com\/abonnement\/\" target=\"_blank\" rel=\"noopener\">abonnez-vous<\/a>.\n\t\t<\/p>\n<p>Clara Len\u00f4tre<\/p>\n<p>Publi\u00e9 le 7 juillet 2025\u00a0\u00a0\u00b7\u00a0\u00a0<\/p>\n<p>Imprim\u00e9 le 8 juillet 2025 \u00e0 06h46\u00a0\u00a0\u00b7\u00a0\u00a0<\/p>\n<p>\t\t\t\t\t3\u00a0minutes\n<\/p>\n<p>Le 23 janvier dernier, la ville de Bordeaux et son CCAS ont organis\u00e9 pour <a href=\"https:\/\/rue89bordeaux.com\/2025\/01\/nuit-de-la-solidarite-2025-moins-de-sans-abris-a-bordeaux-mais-la-situation-demeure-preoccupante\/\" target=\"_blank\" rel=\"noreferrer noopener\">la quatri\u00e8me ann\u00e9e cons\u00e9cutive la Nuit de la solidarit\u00e9<\/a>. Objectif : recenser les personnes sans-abri sur le territoire communal. Au-del\u00e0 du simple comptage, cette op\u00e9ration vise aussi \u00e0 mieux comprendre les parcours de vie et les besoins des personnes rencontr\u00e9es.<\/p>\n<p>Le jeudi 3 juillet, trois intervenantes ont livr\u00e9 une analyse d\u00e9taill\u00e9e de cette nuit d\u2019enqu\u00eate : Claire Philippe, urbaniste \u00e0 l\u2019agence d\u2019urbanisme Bordeaux Aquitaine (a-urba), Sandrine Alinier, directrice dynamique habitats \u00e0 la Ville, et Lisa Taoussi, charg\u00e9e de mission au CCAS.<\/p>\n<p>\t\tMoins de personnes recens\u00e9es, mais une r\u00e9alit\u00e9 en trompe-l\u2019\u0153il<\/p>\n<p>En 2025, 761 personnes sans-abri ont \u00e9t\u00e9 comptabilis\u00e9es dans les rues, les campements, les squats et les bidonvilles bordelais, contre 840 en 2024. Dans le d\u00e9tail : 392 personnes vivent \u00e0 la rue ou en campement, 245 en bidonvilles et 124 en squat. Une baisse chiffr\u00e9e, certes, mais que les expertes appellent \u00e0 interpr\u00e9ter avec prudence.<\/p>\n<p>\u00ab\u00a0Il ne s\u2019agit que d\u2019une photographie \u00e0 un instant T\u00a0\u00bb, rappelle Claire Philippe. Le recensement, men\u00e9 en une seule soir\u00e9e, ne peut pr\u00e9tendre \u00e0 l\u2019exhaustivit\u00e9. Plusieurs personnes sans-abri ont d\u2019ailleurs t\u00e9moign\u00e9 n\u2019avoir vu passer aucune \u00e9quipe de b\u00e9n\u00e9voles ce soir-l\u00e0. Les conditions m\u00e9t\u00e9orologiques peuvent \u00e9galement influer sur la visibilit\u00e9 des personnes dans l\u2019espace public.<\/p>\n<p>Autre \u00e9l\u00e9ment d\u2019explication : une mobilisation renforc\u00e9e de la Ville et de l\u2019\u00c9tat. Harmonie Lecerf Meunier, adjointe au maire, a notamment soulign\u00e9 le doublement du nombre de nuit\u00e9es h\u00f4teli\u00e8res financ\u00e9es par la Ville (de 300 \u00e0 plus de 700) et l\u2019ouverture de 205 places d\u2019h\u00e9bergement suppl\u00e9mentaires, contre seulement 18 l\u2019ann\u00e9e pr\u00e9c\u00e9dente.<\/p>\n<p>\t\tDes droits mal connus, des r\u00e9ponses inadapt\u00e9es<\/p>\n<p>Derri\u00e8re les chiffres, les parcours de pr\u00e9carit\u00e9 s\u2019inscrivent dans la dur\u00e9e : 60 % des personnes interrog\u00e9es sont sans logement depuis plus d\u2019un an. Pourtant, seuls 43 % d\u00e9clarent avoir eu un rendez-vous avec un travailleur social au cours de l\u2019ann\u00e9e. Une situation qui alimente la m\u00e9connaissance et le renoncement aux droits.<\/p>\n<p>Le 115, num\u00e9ro d\u2019urgence sociale, a \u00e9t\u00e9 davantage sollicit\u00e9 qu\u2019en 2024, mais 62 % des appelants affirment n\u2019avoir jamais obtenu de place suite \u00e0 leurs d\u00e9marches. Si les capacit\u00e9s d\u2019h\u00e9bergement sont insuffisantes, les structures sont aussi souvent mal adapt\u00e9es \u00e0 certains profils : femmes, personnes accompagn\u00e9es d\u2019animaux, ou vieillissantes.<\/p>\n<p>D\u2019o\u00f9 l\u2019importance d\u2019identifier les publics rencontr\u00e9s.<\/p>\n<p>Les femmes, grandes invisibles du recensement<\/p>\n<p>Parmi les r\u00e9pondants, 92 % sont des hommes, une proportion en l\u00e9g\u00e8re hausse par rapport aux ann\u00e9es pr\u00e9c\u00e9dentes. Mais cette donn\u00e9e ne refl\u00e8te pas la r\u00e9alit\u00e9 : les femmes, plus expos\u00e9es aux violences, tendent \u00e0 se cacher pour se prot\u00e9ger, et \u00e9chappent ainsi aux dispositifs de comptage.<\/p>\n<p>Lorsqu\u2019elles acceptent de t\u00e9moigner, leur situation appara\u00eet plus critique encore. 42 % des femmes rencontr\u00e9es vivent \u00e0 la rue depuis plus de cinq ans (contre 26 % en moyenne), et 71 % ont subi des violences. Des chiffres alarmants qui confirment les constats des \u00e9ditions pr\u00e9c\u00e9dentes et justifient la mise en place de dispositifs sp\u00e9cifiques pour ce public particuli\u00e8rement vuln\u00e9rable.<\/p>\n<p>Vieillir \u00e0 la rue : une urgence silencieuse<\/p>\n<p>Cette ann\u00e9e, un focus particulier a \u00e9t\u00e9 port\u00e9 sur les personnes vieillissantes. Pr\u00e8s de 25 % des personnes sans-abri ont entre 45 et 59 ans. Une cat\u00e9gorie d\u2019\u00e2ge qui, dans la rue, conna\u00eet une forme de vieillissement pr\u00e9coce : pathologies chroniques, perte d\u2019autonomie, isolement social\u2026<\/p>\n<p>En effet, l\u2019esp\u00e9rance de vie des personnes sans-abri est inf\u00e9rieure de 31 ans \u00e0 celle de la population g\u00e9n\u00e9rale. D\u00e8s 45 ans, beaucoup pr\u00e9sentent les fragilit\u00e9s habituellement constat\u00e9es chez des personnes bien plus \u00e2g\u00e9es. Le CCAS de Bordeaux en a fait un axe prioritaire de son action cette ann\u00e9e, en adaptant l\u2019accueil et l\u2019accompagnement dans ses structures.<\/p>\n<p>Enfin, plusieurs b\u00e9n\u00e9voles ont point\u00e9 un angle mort de l\u2019enqu\u00eate : la situation des demandeurs d\u2019asile, nombreux parmi les personnes \u00e0 la rue, y compris ceux qui occupent un emploi. Faute de statut administratif stable, ces personnes se retrouvent pi\u00e9g\u00e9es dans une pr\u00e9carit\u00e9 extr\u00eame. Elles incarnent une forme nouvelle de sans-abrisme, o\u00f9 l\u2019on peut travailler sans pour autant acc\u00e9der \u00e0 un toit, victimes d\u2019une sorte d\u2019 \u00ab\u00a0ub\u00e9risation\u00a0\u00bb de l\u2019exclusion.<\/p>\n<p>Rue89 Bordeaux a besoin de vos dons<\/p>\n<p>Chaque don \u2013 d\u00e9ductible des imp\u00f4ts \u00e0 hauteur de 66% \u2013 compte pour atteindre notre objectif de 10\u00a0000\u00a0\u20ac le plus rapidement possible, id\u00e9alement avant la fin juin. Cette somme, manquante \u00e0 notre tr\u00e9sorerie apr\u00e8s le d\u00e9sengagement d\u2019un annonceur important en 2025, Bordeaux M\u00e9tropole, nous permettra de r\u00e9gler les factures en retard et de retrouver une stabilit\u00e9 financi\u00e8re indispensable \u00e0 la poursuite de notre mission.<\/p>\n","protected":false},"excerpt":{"rendered":"\u00c0 Bordeaux, la Nuit de la solidarit\u00e9 2025 a recens\u00e9 761 personnes sans-abri. Derri\u00e8re ce chiffre en baisse,&hellip;\n","protected":false},"author":2,"featured_media":234294,"comment_status":"","ping_status":"","sticky":false,"template":"","format":"standard","meta":{"footnotes":""},"categories":[2817],"tags":[1111,11,1997,1777,674,1011,27,12,2219,32144,25,37302],"class_list":{"0":"post-234293","1":"post","2":"type-post","3":"status-publish","4":"format-standard","5":"has-post-thumbnail","7":"category-bordeaux","8":"tag-actu","9":"tag-actualites","10":"tag-bordeaux","11":"tag-eu","12":"tag-europe","13":"tag-fr","14":"tag-france","15":"tag-news","16":"tag-nouvelle-aquitaine","17":"tag-nuit-de-la-solidarite","18":"tag-republique-francaise","19":"tag-sans-toit-ni-loi"},"share_on_mastodon":{"url":"https:\/\/pubeurope.com\/@fr\/114815800684195498","error":""},"_links":{"self":[{"href":"https:\/\/www.europesays.com\/fr\/wp-json\/wp\/v2\/posts\/234293","targetHints":{"allow":["GET"]}}],"collection":[{"href":"https:\/\/www.europesays.com\/fr\/wp-json\/wp\/v2\/posts"}],"about":[{"href":"https:\/\/www.europesays.com\/fr\/wp-json\/wp\/v2\/types\/post"}],"author":[{"embeddable":true,"href":"https:\/\/www.europesays.com\/fr\/wp-json\/wp\/v2\/users\/2"}],"replies":[{"embeddable":true,"href":"https:\/\/www.europesays.com\/fr\/wp-json\/wp\/v2\/comments?post=234293"}],"version-history":[{"count":0,"href":"https:\/\/www.europesays.com\/fr\/wp-json\/wp\/v2\/posts\/234293\/revisions"}],"wp:featuredmedia":[{"embeddable":true,"href":"https:\/\/www.europesays.com\/fr\/wp-json\/wp\/v2\/media\/234294"}],"wp:attachment":[{"href":"https:\/\/www.europesays.com\/fr\/wp-json\/wp\/v2\/media?parent=234293"}],"wp:term":[{"taxonomy":"category","embeddable":true,"href":"https:\/\/www.europesays.com\/fr\/wp-json\/wp\/v2\/categories?post=234293"},{"taxonomy":"post_tag","embeddable":true,"href":"https:\/\/www.europesays.com\/fr\/wp-json\/wp\/v2\/tags?post=234293"}],"curies":[{"name":"wp","href":"https:\/\/api.w.org\/{rel}","templated":true}]}}