{"id":234299,"date":"2025-07-08T04:49:12","date_gmt":"2025-07-08T04:49:12","guid":{"rendered":"https:\/\/www.europesays.com\/fr\/234299\/"},"modified":"2025-07-08T04:49:12","modified_gmt":"2025-07-08T04:49:12","slug":"cinq-mois-apres-la-mort-de-bilal-ou-en-est-lenquete","status":"publish","type":"post","link":"https:\/\/www.europesays.com\/fr\/234299\/","title":{"rendered":"cinq mois apr\u00e8s la mort de Bilal, o\u00f9 en est l&rsquo;enqu\u00eate\u00a0?"},"content":{"rendered":"<p>            Par<br \/>\n        <strong><br \/>\n            <a href=\"https:\/\/actu.fr\/auteur\/marie-lamarque\" title=\"Consulter tous les articles de Marie Lamarque\" rel=\"nofollow noopener\" target=\"_blank\">Marie Lamarque<\/a><br \/>\n        <\/strong><\/p>\n<p>        Publi\u00e9 le<\/p>\n<p>            8 juil. 2025 \u00e0 6h42        <\/p>\n<p>\u00ab\u2009Notre sentiment, c\u2019est que l\u2019on a enterr\u00e9 Bilal avec une part de la v\u00e9rit\u00e9\u2009\u00bb, explique Layla, la belle-s\u0153ur de Bilal. Fin juin\u00a02025, cinq mois apr\u00e8s les faits, la famille de <strong>Thibault Weninger<\/strong> (qui se faisait appeler \u00ab\u2009Bilal\u2009\u00bb) lan\u00e7ait un nouvel \u00ab\u2009appel \u00e0 la transparence\u2009\u00bb. L\u2019homme de 34\u00a0ans est <a href=\"https:\/\/actu.fr\/occitanie\/toulouse_31555\/accident-a-toulouse-un-homme-a-scooter-trouve-la-mort-lors-d-un-controle-apres-un-refus-d-obtemperer_62165322.html\" rel=\"nofollow noopener\" target=\"_blank\">d\u00e9c\u00e9d\u00e9 le 24\u00a0janvier dernier<\/a>, dans le quartier de la Faourette, au sud-ouest de Toulouse. Une enqu\u00eate avait \u00e9t\u00e9 ouverte afin de d\u00e9terminer les circonstances du drame.<\/p>\n<p class=\" wall-content\">Selon les premiers \u00e9l\u00e9ments qui avaient \u00e9t\u00e9 communiqu\u00e9s \u00e0 Actu Toulouse, l\u2019homme aurait refus\u00e9 de s\u2019arr\u00eater lors d\u2019un contr\u00f4le de police, avant de s\u2019encastrer dans un poteau de stationnement. Une version contest\u00e9e par les proches du jeune homme, nourris par des t\u00e9moignages qu\u2019ils ont recueillis.<\/p>\n<p>Information judiciaire ouverte\u2009: \u00ab\u2009une excellente nouvelle\u2009\u00bb<\/p>\n<p class=\" wall-content\">\u00ab\u2009On n\u2019acceptera pas que l\u2019on \u00e9touffe cette affaire\u2009\u00bb, lance Me<strong>Pascal Nakache<\/strong>, avocat de la famille de Bilal avec Me<strong>Merouane Khennouche<\/strong>. Depuis plusieurs mois, les proches du jeune homme demandaient \u00e0 avoir acc\u00e8s au dossier, et notamment aux images de cam\u00e9ras de vid\u00e9oprotection afin de comprendre ce qu\u2019il s\u2019est pass\u00e9.<\/p>\n<p>    <img   decoding=\"async\" loading=\"lazy\" src=\"https:\/\/www.europesays.com\/fr\/wp-content\/uploads\/2025\/07\/avocats-toulouse-justice-bilal-960x640.jpg\" alt=\"Mes Pascal Nakache et Merouane Khennouche.\" width=\"960\" height=\"640\"\/><br \/>\n    Mes Merouane Khennouche et Pascal Nakache. (\u00a9Marie Lamarque \/ Actu Toulouse)<\/p>\n<p class=\" wall-content\">\u00ab\u2009Nous savons qu\u2019une information judiciaire a \u00e9t\u00e9 ouverte le 26\u00a0mai dernier pour<strong> homicide involontaire et non assistance \u00e0 personne en danger<\/strong>\u2009\u00bb, indiquait Me Pascal Nakache le 27\u00a0juin dernier. Une information confirm\u00e9e par <strong>David Charmatz<\/strong>, procureur de Toulouse, contact\u00e9 par Actu.fr. Il pr\u00e9cise que, pour le moment, \u00ab<strong>\u2009aucune personne n\u2019a \u00e9t\u00e9 mise en examen<\/strong>\u2009\u00bb.<\/p>\n<p>Vid\u00e9os : en ce moment sur Actu<\/p>\n<p class=\" wall-content\">Pour Me Nakache, ce changement \u00ab\u2009est une excellente nouvelle, car c\u2019est la seule proc\u00e9dure pour que la famille ait connaissance du dossier\u2009\u00bb. Images des cam\u00e9ras, compte rendu de l\u2019autopsie, expertise du scooter\u2026 \u00ab\u2009Pour le moment, nous n\u2019avons acc\u00e8s \u00e0 rien\u2009\u00bb, ont soulign\u00e9 les avocats de la famille. Et d\u2019ajouter qu\u2019\u00e0 l\u2019automne, ils esp\u00e8rent rencontrer \u00ab\u2009le magistrat instructeur\u2009\u00bb.<\/p>\n<p>Circonstances de l\u2019accident et prise en charge<\/p>\n<p class=\" wall-content\">En attendant, faute d\u2019\u00e9l\u00e9ments, les proches de Bilal ont men\u00e9 leur propre enqu\u00eate. Ils expliquent avoir recueilli des t\u00e9moignages, notamment \u00ab\u2009quatre, tr\u00e8s pr\u00e9cis\u2009\u00bb, laissant croire que la police serait \u00e0 l\u2019origine de la perte de contr\u00f4le apr\u00e8s un choc avec le scooter.<\/p>\n<p class=\" wall-content\">Leurs questions portent aussi <strong>sur la prise en charge de Bilal<\/strong>. Pour rappel, pompiers et SAMU l\u2019avaient \u00e9vacu\u00e9 vers les urgences de l\u2019h\u00f4pital Purpan. Touch\u00e9 \u00e0 la t\u00eate, son \u00e9tat s\u2019\u00e9tait ensuite brusquement d\u00e9grad\u00e9. Il \u00e9tait d\u00e9c\u00e9d\u00e9 dans l\u2019apr\u00e8s-midi des suites de ses blessures.<\/p>\n<p class=\" wall-content\">Les forces de l\u2019ordre ont-elles trop attendu pour appeler les secours\u2009? \u00ab\u2009Les actes commis n\u2019ont pas \u00e9t\u00e9 adapt\u00e9s, d\u2019o\u00f9 le chef de non-assistance \u00e0 personne en danger\u2009\u00bb, affirme Me Nakache.<\/p>\n<p class=\" wall-content\">Le procureur de la R\u00e9publique de Toulouse, David Charmatz, indique, de son c\u00f4t\u00e9, que \u00ab\u2009les bruits\u2009\u00bb, relay\u00e9s sur les r\u00e9seaux sociaux, sont \u00ab\u2009\u00e0 v\u00e9rifier\u2009\u00bb\u2009: ils \u00ab\u2009laissent penser que les policiers ce seraient d\u2019abord pr\u00e9occuper de son maintien \u00e0 disposition avant de lui attribuer des soins. Nous devons creuser pour v\u00e9rifier s\u2019il y a des \u00e9l\u00e9ments qui permettent de retenir [ces \u2018bruits\u2019] ou non.\u2009\u00bb<\/p>\n<p>Rassemblement interdit par le pr\u00e9fet,\u2026<\/p>\n<p class=\" wall-content\">Depuis le drame, les proches de Bilal, \u00e0 l\u2019initiative du \u00ab\u2009comit\u00e9 v\u00e9rit\u00e9 et justice pour Bilal\u2009\u00bb, ont organis\u00e9 plusieurs <strong>marches blanches.<\/strong> Derni\u00e8rement, un appel avait \u00e9t\u00e9 lanc\u00e9 pour un nouveau rassemblement le dimanche 15\u00a0juin, mais il n\u2019avait pas \u00e9t\u00e9 d\u00e9clar\u00e9. <a href=\"https:\/\/actu.fr\/occitanie\/toulouse_31555\/toulouse-ils-veulent-connaitre-les-circonstances-de-la-mort-de-bilal-le-rassemblement-interdit-par-le-prefet_62773440.html\" rel=\"nofollow noopener\" target=\"_blank\">Un arr\u00eat\u00e9 pr\u00e9fectoral \u00e9tait venu l\u2019interdire<\/a>. De quoi provoquer la col\u00e8re chez les proches.<\/p>\n<p class=\" wall-content\">Dans son arr\u00eat\u00e9, le pr\u00e9fet de Haute-Garonne \u00e9tait revenu sur les faits, en soulignant que Bilal \u00e9tait \u00ab\u2009au volant d\u2019un scooter circulant \u00e0 vive allure\u2009\u00bb et qu\u2019il avait perdu le contr\u00f4le de son engin \u00ab\u2009alors que des policiers municipaux en contr\u00f4le routier lui faisaient signe de ralentir\u2009\u00bb.<\/p>\n<p>\u2026les avocats d\u00e9noncent une \u00ab\u2009violation du secret d\u2019instruction\u2009\u00bb<\/p>\n<p class=\" wall-content\">La reprise de ces \u00e9l\u00e9ments dans un document administratif constitue une violation du \u00ab\u2009secret d\u2019instruction\u2009\u00bb pour Mes Nakache et Khennouche. \u00ab\u2009Cela fait peser la faute sur la victime. Nous projetons de saisir le tribunal administratif\u2009\u00bb.<\/p>\n<p class=\" wall-content\">Contact\u00e9e par Actu Toulouse, la pr\u00e9fecture se d\u00e9fend\u2009: \u00ab\u2009en raison du principe de la s\u00e9paration des pouvoirs, le pr\u00e9fet n\u2019a pas connaissance de la proc\u00e9dure judiciaire dans ce dossier. Il ne pouvait pas compromettre le secret de l\u2019instruction\u2009\u00bb.<\/p>\n<p>\u00ab\u2009Nous continuons de croire en la justice\u2009\u00bb<\/p>\n<p class=\" wall-content\">\u00ab\u2009Nous savons que les tentatives pour nous discr\u00e9diter ne s\u2019arr\u00eateront pas, lance Layla, la belle-s\u0153ur de Bilal. <strong>Nous continuons de croire en la justice<\/strong> et attendons qu\u2019elle remplisse pleinement sa mission.\u2009\u00bb<\/p>\n<p>    <img   decoding=\"async\" loading=\"lazy\" src=\"https:\/\/www.europesays.com\/fr\/wp-content\/uploads\/2025\/07\/mort-bilal-layla-toulouse-justice-960x640.jpg\" alt=\"Layla, la belle-s\u0153ur de Bilal.\" width=\"960\" height=\"640\"\/><br \/>\n    Layla, belle-s\u0153ur de Bilal. (\u00a9Marie Lamarque \/ Actu Toulouse)<\/p>\n<p class=\" wall-content\">En la m\u00e9moire de ce p\u00e8re de famille d\u00e9crit comme \u00ab\u2009d\u00e9vou\u00e9\u2009\u00bb, \u00ab\u2009m\u00e9canicien de m\u00e9tier\u2009\u00bb et \u00ab\u2009figure du quartier\u2009\u00bb, <strong>un nouveau rassemblement<\/strong> devrait se tenir en septembre ou octobre prochain.<\/p>\n<p class=\" wall-content\">Suivez toute l\u2019actualit\u00e9 de vos villes et m\u00e9dias favoris en vous inscrivant \u00e0 <a href=\"https:\/\/moncompte.actu.fr\" title=\"D\u00e9couvez Mon Actu\" rel=\"nofollow noopener\" data-trk=\"{&quot;cta&quot;:{&quot;action&quot;:&quot;https:\\\/\\\/moncompte.actu.fr&quot;,&quot;category&quot;:&quot;mon compte&quot;,&quot;from&quot;:&quot;article footer&quot;,&quot;name&quot;:&quot;Mon actu&quot;,&quot;type&quot;:&quot;cta&quot;}}\" target=\"_blank\">Mon Actu<\/a>.<\/p>\n","protected":false},"excerpt":{"rendered":"Par Marie Lamarque Publi\u00e9 le 8 juil. 2025 \u00e0 6h42 \u00ab\u2009Notre sentiment, c\u2019est que l\u2019on a enterr\u00e9 Bilal&hellip;\n","protected":false},"author":2,"featured_media":234300,"comment_status":"","ping_status":"","sticky":false,"template":"","format":"standard","meta":{"footnotes":""},"categories":[2816],"tags":[1111,11,1777,674,118,1011,27,303,12,2680,1072,25,2312],"class_list":{"0":"post-234299","1":"post","2":"type-post","3":"status-publish","4":"format-standard","5":"has-post-thumbnail","7":"category-toulouse","8":"tag-actu","9":"tag-actualites","10":"tag-eu","11":"tag-europe","12":"tag-faits-divers","13":"tag-fr","14":"tag-france","15":"tag-justice","16":"tag-news","17":"tag-occitanie","18":"tag-police","19":"tag-republique-francaise","20":"tag-toulouse"},"share_on_mastodon":{"url":"https:\/\/pubeurope.com\/@fr\/114815812600128137","error":""},"_links":{"self":[{"href":"https:\/\/www.europesays.com\/fr\/wp-json\/wp\/v2\/posts\/234299","targetHints":{"allow":["GET"]}}],"collection":[{"href":"https:\/\/www.europesays.com\/fr\/wp-json\/wp\/v2\/posts"}],"about":[{"href":"https:\/\/www.europesays.com\/fr\/wp-json\/wp\/v2\/types\/post"}],"author":[{"embeddable":true,"href":"https:\/\/www.europesays.com\/fr\/wp-json\/wp\/v2\/users\/2"}],"replies":[{"embeddable":true,"href":"https:\/\/www.europesays.com\/fr\/wp-json\/wp\/v2\/comments?post=234299"}],"version-history":[{"count":0,"href":"https:\/\/www.europesays.com\/fr\/wp-json\/wp\/v2\/posts\/234299\/revisions"}],"wp:featuredmedia":[{"embeddable":true,"href":"https:\/\/www.europesays.com\/fr\/wp-json\/wp\/v2\/media\/234300"}],"wp:attachment":[{"href":"https:\/\/www.europesays.com\/fr\/wp-json\/wp\/v2\/media?parent=234299"}],"wp:term":[{"taxonomy":"category","embeddable":true,"href":"https:\/\/www.europesays.com\/fr\/wp-json\/wp\/v2\/categories?post=234299"},{"taxonomy":"post_tag","embeddable":true,"href":"https:\/\/www.europesays.com\/fr\/wp-json\/wp\/v2\/tags?post=234299"}],"curies":[{"name":"wp","href":"https:\/\/api.w.org\/{rel}","templated":true}]}}