{"id":234301,"date":"2025-07-08T04:50:09","date_gmt":"2025-07-08T04:50:09","guid":{"rendered":"https:\/\/www.europesays.com\/fr\/234301\/"},"modified":"2025-07-08T04:50:09","modified_gmt":"2025-07-08T04:50:09","slug":"une-grande-vente-de-vetements-et-chaussures-de-marques-a-prix-casses","status":"publish","type":"post","link":"https:\/\/www.europesays.com\/fr\/234301\/","title":{"rendered":"une grande vente de v\u00eatements et chaussures de marques \u00e0 prix cass\u00e9s"},"content":{"rendered":"<p>            Par<br \/>\n        <strong><br \/>\n            <a href=\"https:\/\/actu.fr\/auteur\/margot-nicodeme\" title=\"Consulter tous les articles de Margot Nicod\u00e8me\" target=\"_blank\" rel=\"noopener\">Margot Nicod\u00e8me<\/a><br \/>\n        <\/strong><\/p>\n<p>        Publi\u00e9 le<\/p>\n<p>            8 juil. 2025 \u00e0 6h32        <\/p>\n<p>Un petit rappel que les soldes sont loin d\u2019\u00eatre finis, et chacun devrait y trouver son compte lors d\u2019un grand \u00e9v\u00e9nement dans <b>la m\u00e9tropole de <a href=\"https:\/\/actu.fr\/hauts-de-france\/lille_59350\" target=\"_blank\" rel=\"noopener\">Lille<\/a><\/b> (Nord). Pendant 4 jours, du mercredi 9 au lundi 14 juillet,<b> un espace de 280 m\u00b2<\/b> accueillera <b>des baskets et v\u00eatements de marques \u00e0 prix cass\u00e9s<\/b>. C\u2019est au pop-up store le Hangar, dans le centre commercial Carrefour de <a href=\"https:\/\/actu.fr\/hauts-de-france\/wattignies_59648\" target=\"_blank\" rel=\"noopener\">Wattignies<\/a>, qu\u2019il faudra se rendre.<\/p>\n<p>Des baskets et v\u00eatements de marques vendus entre 5 et 60 \u20ac au Carrefour Wattignies<\/p>\n<p class=\" wall-content\">\u00c0 la mani\u00e8re des ventes priv\u00e9es, le Hangar \u00ab\u00a0est un pop-up store unique en son genre qui sillonne la France enti\u00e8re depuis plus de trois ans\u00a0\u00bb. Ses ventes \u00e9ph\u00e9m\u00e8res sont d\u00e9crites comme <b>des \u00e9v\u00e9nements immanquables <\/b>partout o\u00f9 elles passent, avec un \u00ab\u00a0franc succ\u00e8s\u00a0\u00bb \u00e0 la cl\u00e9.\u00a0<\/p>\n<p class=\" wall-content\">Les organisateurs mettent en avant \u00ab\u00a0des baskets et v\u00eatements tendance de grandes marques (Puma, Converse, Reebok, Adidas\u2026) vendus \u00e0 des prix tr\u00e8s attractifs allant de 5 \u20ac \u00e0 59,90 \u20ac\u00a0\u00bb ! De quoi (d\u00e9j\u00e0) se rhabiller pour la rentr\u00e9e, sans se ruiner. C\u2019est ouvert \u00e0 tous.<\/p>\n<p>Ventes priv\u00e9es au Hangar, pop-up store \u00e9ph\u00e9m\u00e8re dans le Carrefour de Wattignies, \u00e0 c\u00f4t\u00e9 de la caf\u00e9t\u00e9ria. Du mercredi 9 au samedi 12 juillet de 10h \u00e0 19h, et le lundi 14 juillet de 10h \u00e0 18h.<\/p>\n<p class=\" wall-content\">Suivez toute l\u2019actualit\u00e9 de vos villes et m\u00e9dias favoris en vous inscrivant \u00e0 <a href=\"https:\/\/moncompte.actu.fr\" title=\"D\u00e9couvez Mon Actu\" rel=\"nofollow noopener\" data-trk=\"{&quot;cta&quot;:{&quot;action&quot;:&quot;https:\\\/\\\/moncompte.actu.fr&quot;,&quot;category&quot;:&quot;mon compte&quot;,&quot;from&quot;:&quot;article footer&quot;,&quot;name&quot;:&quot;Mon actu&quot;,&quot;type&quot;:&quot;cta&quot;}}\" target=\"_blank\">Mon Actu<\/a>.<\/p>\n<ul class=\"ac-article-tag wall-content\">\n<li><a href=\"https:\/\/actu.fr\/tag\/bon-plan-a-lille\" data-trk=\"{&quot;cta&quot;:{&quot;action&quot;:&quot;Bon plan \\u00e0 Lille&quot;,&quot;category&quot;:&quot;tag&quot;,&quot;from&quot;:&quot;article footer&quot;,&quot;name&quot;:&quot;Bon plan \\u00e0 Lille&quot;,&quot;type&quot;:&quot;cta&quot;}}\" target=\"_blank\" rel=\"noopener\">#Bon plan \u00e0 Lille<\/a><\/li>\n<li><a href=\"https:\/\/actu.fr\/tag\/pouvoir-d-achat\" data-trk=\"{&quot;cta&quot;:{&quot;action&quot;:&quot;Pouvoir d&#039;achat&quot;,&quot;category&quot;:&quot;tag&quot;,&quot;from&quot;:&quot;article footer&quot;,&quot;name&quot;:&quot;Pouvoir d&#039;achat&quot;,&quot;type&quot;:&quot;cta&quot;}}\" target=\"_blank\" rel=\"noopener\">#Pouvoir d&rsquo;achat<\/a><\/li>\n<\/ul>\n","protected":false},"excerpt":{"rendered":"Par Margot Nicod\u00e8me Publi\u00e9 le 8 juil. 2025 \u00e0 6h32 Un petit rappel que les soldes sont loin&hellip;\n","protected":false},"author":2,"featured_media":234302,"comment_status":"","ping_status":"","sticky":false,"template":"","format":"standard","meta":{"footnotes":""},"categories":[2815],"tags":[1111,11,6557,1777,674,1011,27,811,1307,1652,12,2922,25],"class_list":{"0":"post-234301","1":"post","2":"type-post","3":"status-publish","4":"format-standard","5":"has-post-thumbnail","7":"category-lille","8":"tag-actu","9":"tag-actualites","10":"tag-bon-plan-a-lille","11":"tag-eu","12":"tag-europe","13":"tag-fr","14":"tag-france","15":"tag-hauts-de-france","16":"tag-lille","17":"tag-loisirs-culture","18":"tag-news","19":"tag-pouvoir-dachat","20":"tag-republique-francaise"},"share_on_mastodon":{"url":"https:\/\/pubeurope.com\/@fr\/114815816507299389","error":""},"_links":{"self":[{"href":"https:\/\/www.europesays.com\/fr\/wp-json\/wp\/v2\/posts\/234301","targetHints":{"allow":["GET"]}}],"collection":[{"href":"https:\/\/www.europesays.com\/fr\/wp-json\/wp\/v2\/posts"}],"about":[{"href":"https:\/\/www.europesays.com\/fr\/wp-json\/wp\/v2\/types\/post"}],"author":[{"embeddable":true,"href":"https:\/\/www.europesays.com\/fr\/wp-json\/wp\/v2\/users\/2"}],"replies":[{"embeddable":true,"href":"https:\/\/www.europesays.com\/fr\/wp-json\/wp\/v2\/comments?post=234301"}],"version-history":[{"count":0,"href":"https:\/\/www.europesays.com\/fr\/wp-json\/wp\/v2\/posts\/234301\/revisions"}],"wp:featuredmedia":[{"embeddable":true,"href":"https:\/\/www.europesays.com\/fr\/wp-json\/wp\/v2\/media\/234302"}],"wp:attachment":[{"href":"https:\/\/www.europesays.com\/fr\/wp-json\/wp\/v2\/media?parent=234301"}],"wp:term":[{"taxonomy":"category","embeddable":true,"href":"https:\/\/www.europesays.com\/fr\/wp-json\/wp\/v2\/categories?post=234301"},{"taxonomy":"post_tag","embeddable":true,"href":"https:\/\/www.europesays.com\/fr\/wp-json\/wp\/v2\/tags?post=234301"}],"curies":[{"name":"wp","href":"https:\/\/api.w.org\/{rel}","templated":true}]}}