{"id":234320,"date":"2025-07-08T05:01:10","date_gmt":"2025-07-08T05:01:10","guid":{"rendered":"https:\/\/www.europesays.com\/fr\/234320\/"},"modified":"2025-07-08T05:01:10","modified_gmt":"2025-07-08T05:01:10","slug":"a-paris-les-riverains-de-la-rue-de-verneuil-excedes-par-les-nuisances-du-bar-le-gainsbarre","status":"publish","type":"post","link":"https:\/\/www.europesays.com\/fr\/234320\/","title":{"rendered":"\u00c0 Paris, les riverains de la rue de Verneuil exc\u00e9d\u00e9s par les nuisances du bar \u00abLe Gainsbarre\u00bb"},"content":{"rendered":"<p>Depuis la reprise de l\u2019\u00e9tablissement situ\u00e9 dans la mythique maison de Serge Gainsbourg par Ben Attal en janvier, les voisins se plaignent de d\u00e9bordements.<\/p>\n<p class=\"fig-paragraph\">\u00ab\u00c7a ne va qu\u2019en se d\u00e9gradant.\u00bb L\u2019appartement de Danielle*, habitante de la rue de Verneuil (7e) depuis des ann\u00e9es, fait face au<a href=\"https:\/\/www.lefigaro.fr\/gastronomie\/une-soiree-au-gainsbarre-cafe-et-piano-bar-de-la-nouvelle-maison-gainsbourg-20231102\" data-fig-type=\"Article\" data-gtm-custom-categorie=\"navigation\" data-gtm-custom-action=\"crossclick\" data-gtm-custom-label=\"Contextuel\" data-gtm-event=\"customEventSPE\" data-fig-domain=\"LEFIGARO\" target=\"_blank\" rel=\"noopener\">\u00a0Gainsbarre<\/a>, un bar tenu par Ben Attal, fils d\u2019<a href=\"https:\/\/www.lefigaro.fr\/cinema\/les-choses-humaines-d-yvan-attal-consentement-familial-20211130\" data-fig-type=\"Article\" data-gtm-custom-categorie=\"navigation\" data-gtm-custom-action=\"crossclick\" data-gtm-custom-label=\"Contextuel\" data-gtm-event=\"customEventSPE\" data-fig-domain=\"LEFIGARO\" target=\"_blank\" rel=\"noopener\">Yvan Attal<\/a>\u00a0et de\u00a0<a href=\"http:\/\/www.lefigaro.fr\/culture\/charlotte-gainsbourg-longtemps-parler-de-mon-pere-etait-trop-douloureux-20230915\" data-fig-type=\"Article\" data-gtm-custom-categorie=\"navigation\" data-gtm-custom-action=\"crossclick\" data-gtm-custom-label=\"Contextuel\" data-gtm-event=\"customEventSPE\" data-fig-domain=\"LEFIGARO\" target=\"_blank\" rel=\"noopener\">Charlotte Gainsbourg<\/a>. L\u2019\u00e9tablissement, situ\u00e9 dans\u00a0<a href=\"http:\/\/www.lefigaro.fr\/culture\/maison-gainsbourg-le-bras-de-fer-entre-charlotte-gainsbourg-et-son-associe-se-poursuit-au-palais-de-justice-20241115\" data-fig-type=\"Article\" data-gtm-custom-categorie=\"navigation\" data-gtm-custom-action=\"crossclick\" data-gtm-custom-label=\"Contextuel\" data-gtm-event=\"customEventSPE\" data-fig-domain=\"LEFIGARO\" target=\"_blank\" rel=\"noopener\">la maison de Serge Gainsbourg<\/a>, accueille des clients toute la semaine, sauf le lundi. Sur le papier, les horaires affich\u00e9s indiquent qu\u2019il est ouvert le mardi et le mercredi jusqu\u2019\u00e0 minuit, et jusqu\u2019\u00e0 deux heures du matin du jeudi au samedi. Le dimanche, les portes ferment \u00e0 20 heures. Pourtant, d\u2019apr\u00e8s Danielle, musique et festivit\u00e9s peuvent parfois durer jusqu\u2019\u00e0 l\u2019aube pendant les week-ends.<\/p>\n<p class=\"fig-paragraph\">D\u2019abord g\u00e9r\u00e9 par Paris Society, une filiale d\u2019Accor, Le Gainsbarre a toujours brass\u00e9 du monde jusqu\u2019\u00e0 deux heures du matin, comme le pr\u00e9voyait le contrat, lors de sa cr\u00e9ation en 2023. Mais depuis la reprise de l\u2019\u00e9tablissement par Ben Attal en janvier dernier, \u00abc\u2019est la catastrophe\u00bb, d\u00e9plore Danielle aupr\u00e8s du Figaro.<\/p>\n<p>Plusieurs \u00e9changes avec la mairie<\/p>\n<p class=\"fig-paragraph\">Murs sombres, orn\u00e9s de posters et de photos en\u2026<\/p>\n<p class=\"fig-premium-paywall__infos\">\n        Cet article est r\u00e9serv\u00e9 aux abonn\u00e9s.        Il vous reste 79% \u00e0 d\u00e9couvrir.\n    <\/p>\n<p>                <img  data- alt=\"Le Figaro\" class=\"fig-img--complete fig-img\"\/><\/p>\n<p class=\"fig-premium-paywall__title\">Vous avez envie de lire la suite ?<\/p>\n<p class=\"fig-premium-paywall__subtitle\">D\u00e9bloquez tous les articles imm\u00e9diatement.<\/p>\n<p class=\"fig-premium-paywall__connect\">\n                D\u00e9j\u00e0 abonn\u00e9\u00a0?                <a class=\"fig-premium-paywall__connect-link\" href=\"https:\/\/connect.lefigaro.fr\/login?client=horizon_web&amp;type=main&amp;redirect_uri=https%3A%2F%2Fwww.lefigaro.fr%2Ffaits-divers%2Fa-paris-les-riverains-de-la-rue-de-verneuil-excedes-par-les-nuisances-du-bar-le-gainsbarre-20250708\" data-js-gtm=\"{&quot;customCategorie&quot;: &quot;conversion&quot;, &quot;customAction&quot;: &quot;before_Landing_Connexion_paywall_auto&quot;, &quot;customLabel&quot;: &quot;bGVmaWdhcm8uZnJfXzFmMDQxZTJmLTg1MmMtNjQ2Ni1iYTE5LTQ1MWFjODU5Y2M0OF9fTmV3c0ZsYXNo_\u00c0 Paris, les riverains de la rue de Verneuil exc\u00e9d\u00e9s par les nuisances du bar \u00abLe Gainsbarre\u00bb_45&quot;, &quot;customIDSPE&quot;: &quot;bGVmaWdhcm8uZnJfXzFmMDQxZTJmLTg1MmMtNjQ2Ni1iYTE5LTQ1MWFjODU5Y2M0OF9fTmV3c0ZsYXNo&quot;, &quot;event&quot;: &quot;customEventSPE&quot;}\" target=\"_blank\" rel=\"noopener\"><br \/>\n                    Connectez-vous<br \/>\n                <\/a>\n            <\/p>\n","protected":false},"excerpt":{"rendered":"Depuis la reprise de l\u2019\u00e9tablissement situ\u00e9 dans la mythique maison de Serge Gainsbourg par Ben Attal en janvier,&hellip;\n","protected":false},"author":2,"featured_media":234321,"comment_status":"","ping_status":"","sticky":false,"template":"","format":"standard","meta":{"footnotes":""},"categories":[1888],"tags":[11,9732,30656,10498,1777,674,1011,27,12,626,25,15548],"class_list":{"0":"post-234320","1":"post","2":"type-post","3":"status-publish","4":"format-standard","5":"has-post-thumbnail","7":"category-paris","8":"tag-actualites","9":"tag-bar","10":"tag-ben-attal","11":"tag-charlotte-gainsbourg","12":"tag-eu","13":"tag-europe","14":"tag-fr","15":"tag-france","16":"tag-news","17":"tag-paris","18":"tag-republique-francaise","19":"tag-serge-gainsbourg"},"share_on_mastodon":{"url":"https:\/\/pubeurope.com\/@fr\/114815859625653201","error":""},"_links":{"self":[{"href":"https:\/\/www.europesays.com\/fr\/wp-json\/wp\/v2\/posts\/234320","targetHints":{"allow":["GET"]}}],"collection":[{"href":"https:\/\/www.europesays.com\/fr\/wp-json\/wp\/v2\/posts"}],"about":[{"href":"https:\/\/www.europesays.com\/fr\/wp-json\/wp\/v2\/types\/post"}],"author":[{"embeddable":true,"href":"https:\/\/www.europesays.com\/fr\/wp-json\/wp\/v2\/users\/2"}],"replies":[{"embeddable":true,"href":"https:\/\/www.europesays.com\/fr\/wp-json\/wp\/v2\/comments?post=234320"}],"version-history":[{"count":0,"href":"https:\/\/www.europesays.com\/fr\/wp-json\/wp\/v2\/posts\/234320\/revisions"}],"wp:featuredmedia":[{"embeddable":true,"href":"https:\/\/www.europesays.com\/fr\/wp-json\/wp\/v2\/media\/234321"}],"wp:attachment":[{"href":"https:\/\/www.europesays.com\/fr\/wp-json\/wp\/v2\/media?parent=234320"}],"wp:term":[{"taxonomy":"category","embeddable":true,"href":"https:\/\/www.europesays.com\/fr\/wp-json\/wp\/v2\/categories?post=234320"},{"taxonomy":"post_tag","embeddable":true,"href":"https:\/\/www.europesays.com\/fr\/wp-json\/wp\/v2\/tags?post=234320"}],"curies":[{"name":"wp","href":"https:\/\/api.w.org\/{rel}","templated":true}]}}