{"id":234328,"date":"2025-07-08T05:05:18","date_gmt":"2025-07-08T05:05:18","guid":{"rendered":"https:\/\/www.europesays.com\/fr\/234328\/"},"modified":"2025-07-08T05:05:18","modified_gmt":"2025-07-08T05:05:18","slug":"comment-la-france-et-le-royaume-uni-essaient-de-reguler-limmigration-clandestine-dans-la-manche","status":"publish","type":"post","link":"https:\/\/www.europesays.com\/fr\/234328\/","title":{"rendered":"Comment la France et le Royaume-Uni essaient de r\u00e9guler l\u2019immigration clandestine dans la Manche"},"content":{"rendered":"<p><strong>D\u00c9CRYPTAGE &#8211; <\/strong>Lors de la visite d\u2019\u00c9tat d\u2019Emmanuel Macron, qui d\u00e9bute ce mardi, Fran\u00e7ais et Britanniques devraient annoncer une coop\u00e9ration renforc\u00e9e, Paris modifiant notamment ses tactiques d\u2019intervention contre les bateaux de passeurs.<\/p>\n<p class=\"fig-paragraph\">Les gendarmes entrent dans l\u2019eau, presque jusqu\u2019\u00e0 la taille, et tailladent au cutter le bateau pneumatique. Les migrants protestent en se jetant \u00e0 l\u2019eau pour regagner la plage. Opportun\u00e9ment, une cam\u00e9ra de la BBC est l\u00e0 pour filmer la sc\u00e8ne. L\u2019incident illustre \u00e0 point nomm\u00e9 une \u00e9volution de la doctrine d\u2019intervention fran\u00e7aise, \u00e0 la veille de la visite d\u2019\u00c9tat d\u2019Emmanuel Macron au Royaume-Uni, o\u00f9 la sensible\u00a0<a href=\"http:\/\/www.lefigaro.fr\/international\/au-royaume-uni-comment-le-roi-de-l-asile-est-devenu-milliardaire-grace-a-l-augmentation-de-l-immigration-20250514\" data-fig-type=\"Article\" data-gtm-custom-categorie=\"navigation\" data-gtm-custom-action=\"crossclick\" data-gtm-custom-label=\"Contextuel\" data-gtm-event=\"customEventSPE\" data-fig-domain=\"LEFIGARO\" target=\"_blank\" rel=\"noopener\">question migratoire<\/a>\u00a0sera au c\u0153ur des discussions.<\/p>\n<p class=\"fig-paragraph\">Il est encore t\u00f4t, vendredi matin, quand les forces de l\u2019ordre fran\u00e7aises interviennent contre le bateau de passeurs sur la plage de Saint-\u00c9tienne-au-Mont, dans le Pas-de-Calais. Les gendarmes passent \u00e0 l\u2019action alors que l\u2019embarcation pneumatique tangue dangereusement sous le poids des migrants. Certains tentent encore d\u2019embarquer alors qu\u2019une trentaine de personnes sont d\u00e9j\u00e0 \u00e0 bord. Le reporter de la BBC pr\u00e9cise qu\u2019il n\u2019y a gu\u00e8re de risques, si pr\u00e8s du rivage, avec une faible profondeur d\u2019eau. Tout l\u2019enjeu est l\u00e0, ne pas \u00eatre accus\u00e9\u2026<\/p>\n<p class=\"fig-premium-paywall__infos\">\n        Cet article est r\u00e9serv\u00e9 aux abonn\u00e9s.        Il vous reste 85% \u00e0 d\u00e9couvrir.\n    <\/p>\n<p>                <img  data- alt=\"Le Figaro\" class=\"fig-img--complete fig-img\"\/><\/p>\n<p class=\"fig-premium-paywall__title\">Vous avez envie de lire la suite ?<\/p>\n<p class=\"fig-premium-paywall__subtitle\">D\u00e9bloquez tous les articles imm\u00e9diatement.<\/p>\n<p class=\"fig-premium-paywall__connect\">\n                D\u00e9j\u00e0 abonn\u00e9\u00a0?                <a class=\"fig-premium-paywall__connect-link\" href=\"https:\/\/connect.lefigaro.fr\/login?client=horizon_web&amp;type=main&amp;redirect_uri=https%3A%2F%2Fwww.lefigaro.fr%2Finternational%2Fcomment-la-france-et-le-royaume-uni-essaient-de-reguler-l-immigration-clandestine-dans-la-manche-20250707\" data-js-gtm=\"{&quot;customCategorie&quot;: &quot;conversion&quot;, &quot;customAction&quot;: &quot;before_Landing_Connexion_paywall_auto&quot;, &quot;customLabel&quot;: &quot;bGVmaWdhcm8uZnJfXzFmMDViMmVmLTFiNzUtNjZiNi04NjI2LTVkN2M4NTVkZTMyMV9fQXJ0aWNsZQ==_Comment la France et le Royaume-Uni essaient de r\u00e9guler l\u2019immigration clandestine dans la Manche_539&quot;, &quot;customIDSPE&quot;: &quot;bGVmaWdhcm8uZnJfXzFmMDViMmVmLTFiNzUtNjZiNi04NjI2LTVkN2M4NTVkZTMyMV9fQXJ0aWNsZQ==&quot;, &quot;event&quot;: &quot;customEventSPE&quot;}\" target=\"_blank\" rel=\"noopener\"><br \/>\n                    Connectez-vous<br \/>\n                <\/a>\n            <\/p>\n","protected":false},"excerpt":{"rendered":"D\u00c9CRYPTAGE &#8211; Lors de la visite d\u2019\u00c9tat d\u2019Emmanuel Macron, qui d\u00e9bute ce mardi, Fran\u00e7ais et Britanniques devraient annoncer&hellip;\n","protected":false},"author":2,"featured_media":234329,"comment_status":"","ping_status":"","sticky":false,"template":"","format":"standard","meta":{"footnotes":""},"categories":[1588],"tags":[11,1777,674,1061,6734,12,473,1853,1851,1850,1852],"class_list":{"0":"post-234328","1":"post","2":"type-post","3":"status-publish","4":"format-standard","5":"has-post-thumbnail","7":"category-royaume-uni","8":"tag-actualites","9":"tag-eu","10":"tag-europe","11":"tag-immigration","12":"tag-immigration-clandestine","13":"tag-news","14":"tag-royaume-uni","15":"tag-royaume-uni-de-grande-bretagne-et-dirlande-du-nord","16":"tag-uk","17":"tag-united-kingdom","18":"tag-united-kingdom-of-great-britain-and-northern-ireland"},"share_on_mastodon":{"url":"https:\/\/pubeurope.com\/@fr\/114815875432138474","error":""},"_links":{"self":[{"href":"https:\/\/www.europesays.com\/fr\/wp-json\/wp\/v2\/posts\/234328","targetHints":{"allow":["GET"]}}],"collection":[{"href":"https:\/\/www.europesays.com\/fr\/wp-json\/wp\/v2\/posts"}],"about":[{"href":"https:\/\/www.europesays.com\/fr\/wp-json\/wp\/v2\/types\/post"}],"author":[{"embeddable":true,"href":"https:\/\/www.europesays.com\/fr\/wp-json\/wp\/v2\/users\/2"}],"replies":[{"embeddable":true,"href":"https:\/\/www.europesays.com\/fr\/wp-json\/wp\/v2\/comments?post=234328"}],"version-history":[{"count":0,"href":"https:\/\/www.europesays.com\/fr\/wp-json\/wp\/v2\/posts\/234328\/revisions"}],"wp:featuredmedia":[{"embeddable":true,"href":"https:\/\/www.europesays.com\/fr\/wp-json\/wp\/v2\/media\/234329"}],"wp:attachment":[{"href":"https:\/\/www.europesays.com\/fr\/wp-json\/wp\/v2\/media?parent=234328"}],"wp:term":[{"taxonomy":"category","embeddable":true,"href":"https:\/\/www.europesays.com\/fr\/wp-json\/wp\/v2\/categories?post=234328"},{"taxonomy":"post_tag","embeddable":true,"href":"https:\/\/www.europesays.com\/fr\/wp-json\/wp\/v2\/tags?post=234328"}],"curies":[{"name":"wp","href":"https:\/\/api.w.org\/{rel}","templated":true}]}}