{"id":234330,"date":"2025-07-08T05:06:11","date_gmt":"2025-07-08T05:06:11","guid":{"rendered":"https:\/\/www.europesays.com\/fr\/234330\/"},"modified":"2025-07-08T05:06:11","modified_gmt":"2025-07-08T05:06:11","slug":"franklin-templeton-noue-des-partenariats-avec-trois-brokers-en-ligne-en-allemagne-et-en-autriche","status":"publish","type":"post","link":"https:\/\/www.europesays.com\/fr\/234330\/","title":{"rendered":"Franklin Templeton noue des partenariats avec trois brokers en ligne en Allemagne et en Autriche"},"content":{"rendered":"<p>        <a class=\"Link \" href=\"https:\/\/www.lopinion.fr\/politique\/agriculture-la-loi-duplomb-entrevoit-le-bout-du-tunnel-parlementaire-sans-eteindre-la-controverse\" target=\"_blank\" data-cms-ai=\"0\" rel=\"nofollow noopener\">Agriculture : la loi Duplomb entrevoit le bout du tunnel parlementaire, sans \u00e9teindre la controverse<\/a><\/p>\n<p>l&rsquo;Opinion (avec AFP)<\/p>\n<p>Paris &#8211; La loi agricole Duplomb-Menonville, qui a tant fait couler d\u2019encre ces derni\u00e8res semaines pour sa mesure de r\u00e9introduction d\u00e9rogatoire d\u2019un pesticide de type n\u00e9onicotino\u00efde, est en passe d\u2019adoption d\u00e9finitive au Parlement mardi, avec un dernier vote de l\u2019Assembl\u00e9e. Initi\u00e9e par les s\u00e9nateurs Laurent Duplomb (LR) et Franck Menonville (UDI, centre), cette proposition de loi est pr\u00e9sent\u00e9e comme l\u2019une des r\u00e9ponses \u00e0 la col\u00e8re des agriculteurs de l\u2019hiver 2024, et comme une mani\u00e8re de \u00ablever les contraintes\u00bb \u00e0 l\u2019exercice de leur m\u00e9tier. Le texte est notamment r\u00e9clam\u00e9 et salu\u00e9 par la FNSEA, syndicat agricole leader, et ses alli\u00e9s des Jeunes agriculteurs. A l\u2019inverse, la Conf\u00e9d\u00e9ration paysanne, 3e syndicat agricole, d\u00e9nonce une \u00abloi mortif\u00e8re au service du libre-\u00e9change\u00bb et appelle \u00e0 un rassemblement devant l\u2019Assembl\u00e9e \u00e0 12H30. La ministre de l\u2019Agriculture Annie Genevard (LR) loue quant \u00e0 elle une loi \u00ab\u00e9quilibr\u00e9e\u00bb et \u00abcrucial(e)\u00bb, quand sa coll\u00e8gue Agn\u00e8s Pannier-Runacher (Transition \u00e9cologique) regrette d\u2019avoir \u00abperdu\u00bb sur la mesure la plus comment\u00e9e: la r\u00e9introduction \u00e0 titre d\u00e9rogatoire et sous conditions de l\u2019ac\u00e9tamipride, pesticide de la famille des n\u00e9onicotino\u00efdes. Interdit en France, mais autoris\u00e9 ailleurs en Europe jusqu\u2019en 2033, ses effets chez l\u2019humain sont source de pr\u00e9occupations, m\u00eame si les risques restent incertains, par manque d&rsquo;\u00e9tudes d\u2019ampleur. Ce produit est notamment r\u00e9clam\u00e9 par les producteurs de betteraves ou de noisettes, qui estiment n\u2019avoir aucune alternative contre les ravageurs et subir une concurrence d\u00e9loyale. A contrario, les apiculteurs mettent en garde contre \u00abun tueur d\u2019abeilles\u00bb. Dans sa version issue d\u2019un compromis entre d\u00e9put\u00e9s et s\u00e9nateurs en commission mixte paritaire (CMP), le texte pr\u00e9voit une r\u00e9introduction sans instaurer de d\u00e9lai. Avec toutefois une clause de r\u00e9examen par le conseil de surveillance, trois ans apr\u00e8s, puis annuelle, pour v\u00e9rifier que les crit\u00e8res d\u2019autorisation sont toujours remplis. \u00abCela concernera au maximum 1,7% des surfaces agricoles, et encore, si toutes les fili\u00e8res demandeuses avaient la d\u00e9rogation\u00bb, estime le rapporteur du texte \u00e0 l\u2019Assembl\u00e9e Julien Dive (LR). Recours constitutionnels pr\u00e9vus \u00ab\u00a0\u00c7a revient \u00e0 une autorisation ad vitam aeternam. Le conseil de surveillance sera un comit\u00e9 Th\u00e9odule, opaque, sans aucune incidence\u00bb, s\u2019insurge au contraire la pr\u00e9sidente LFI de la commission des Affaires \u00e9conomiques, Aur\u00e9lie Trouv\u00e9, dont le groupe d\u00e9fendra une motion de rejet pr\u00e9alable au texte, en fin d\u2019apr\u00e8s-midi apr\u00e8s les questions au gouvernement. La mesure aura structur\u00e9 les d\u00e9bats parfois houleux entre d\u00e9put\u00e9s. Des escarmouches qui n\u2019ont eu lieu qu\u2019en commission puisqu&rsquo;\u00e0 l\u2019apex des tensions, les partisans du texte l\u2019avaient eux-m\u00eames rejet\u00e9 en premi\u00e8re lecture, pour contourner un mur d\u2019amendements insoumis et \u00e9cologistes et forcer le passage en CMP. La gauche et les \u00e9cologistes auront du mal \u00e0 emp\u00eacher l\u2019adoption d\u00e9finitive mardi, sauf accident de participation. Une grande partie de la coalition gouvernementale (Renaissance, MoDem, Horizons, LR) et l\u2019alliance RN-UDR devraient le soutenir, selon des sources internes aux groupes. \u00abNous sommes assez satisfaits\u00bb, a comment\u00e9 la d\u00e9put\u00e9e H\u00e9l\u00e8ne Laporte (RN), demandant toutefois au gouvernement des d\u00e9crets d\u2019application rapides pour les agriculteurs. Et si certains parlementaires centristes devraient voter contre ou s\u2019abstenir, leurs groupes devraient s\u2019appuyer sur des gains obtenus en CMP par rapport \u00e0 la version s\u00e9natoriale pour appeler \u00e0 voter pour. Notamment le retrait d\u2019une mesure controvers\u00e9e questionnant l\u2019ind\u00e9pendance de l\u2019agence sanitaire Anses. \u00abLoi poison\u00bb pour les \u00e9cologistes, \u00abentrave \u00e0 la transition agro\u00e9cologique\u00bb pour le socialiste Dominique Potier, le texte ne contient plus ni \u00absurench\u00e8re ni renoncement\u00bb, estime au contraire Marc Fesneau, chef des d\u00e9put\u00e9s MoDem. La proposition de loi pr\u00e9voit \u00e9galement des mesures pour faciliter le stockage de l\u2019eau pour l\u2019irrigation, dans un contexte de rar\u00e9faction li\u00e9e au d\u00e9r\u00e8glement climatique. Mais elles sont fortement critiqu\u00e9es \u00e0 gauche, tout comme celles pr\u00e9voyant de faciliter l\u2019agrandissement ou la cr\u00e9ation de b\u00e2timents d&rsquo;\u00e9levage intensif. L\u2019association Greenpeace a appel\u00e9 dans un communiqu\u00e9 \u00e0 voter contre \u00abce texte toxique pour la sant\u00e9 publique et l\u2019environnement\u00bb. Anticipant une potentielle adoption d\u00e9finitive, insoumis, \u00e9cologistes et socialistes planchent sur des recours au Conseil constitutionnel, estimant pour certains que la loi contrevient aux principes de pr\u00e9caution et de non-r\u00e9gression environnementale. Sami ACEF \u00a9 Agence France-Presse<\/p>\n","protected":false},"excerpt":{"rendered":"Agriculture : la loi Duplomb entrevoit le bout du tunnel parlementaire, sans \u00e9teindre la controverse l&rsquo;Opinion (avec AFP)&hellip;\n","protected":false},"author":2,"featured_media":3213,"comment_status":"","ping_status":"","sticky":false,"template":"","format":"standard","meta":{"footnotes":""},"categories":[1587],"tags":[11,672,1804,1805,1803,1777,674,1801,12,1802],"class_list":{"0":"post-234330","1":"post","2":"type-post","3":"status-publish","4":"format-standard","5":"has-post-thumbnail","7":"category-allemagne","8":"tag-actualites","9":"tag-allemagne","10":"tag-bundesrepublik-deutschland","11":"tag-de","12":"tag-deutschland","13":"tag-eu","14":"tag-europe","15":"tag-germany","16":"tag-news","17":"tag-republique-federale-dallemagne"},"share_on_mastodon":{"url":"https:\/\/pubeurope.com\/@fr\/114815879347101058","error":""},"_links":{"self":[{"href":"https:\/\/www.europesays.com\/fr\/wp-json\/wp\/v2\/posts\/234330","targetHints":{"allow":["GET"]}}],"collection":[{"href":"https:\/\/www.europesays.com\/fr\/wp-json\/wp\/v2\/posts"}],"about":[{"href":"https:\/\/www.europesays.com\/fr\/wp-json\/wp\/v2\/types\/post"}],"author":[{"embeddable":true,"href":"https:\/\/www.europesays.com\/fr\/wp-json\/wp\/v2\/users\/2"}],"replies":[{"embeddable":true,"href":"https:\/\/www.europesays.com\/fr\/wp-json\/wp\/v2\/comments?post=234330"}],"version-history":[{"count":0,"href":"https:\/\/www.europesays.com\/fr\/wp-json\/wp\/v2\/posts\/234330\/revisions"}],"wp:featuredmedia":[{"embeddable":true,"href":"https:\/\/www.europesays.com\/fr\/wp-json\/wp\/v2\/media\/3213"}],"wp:attachment":[{"href":"https:\/\/www.europesays.com\/fr\/wp-json\/wp\/v2\/media?parent=234330"}],"wp:term":[{"taxonomy":"category","embeddable":true,"href":"https:\/\/www.europesays.com\/fr\/wp-json\/wp\/v2\/categories?post=234330"},{"taxonomy":"post_tag","embeddable":true,"href":"https:\/\/www.europesays.com\/fr\/wp-json\/wp\/v2\/tags?post=234330"}],"curies":[{"name":"wp","href":"https:\/\/api.w.org\/{rel}","templated":true}]}}