{"id":234336,"date":"2025-07-08T05:10:11","date_gmt":"2025-07-08T05:10:11","guid":{"rendered":"https:\/\/www.europesays.com\/fr\/234336\/"},"modified":"2025-07-08T05:10:11","modified_gmt":"2025-07-08T05:10:11","slug":"il-sauve-165-personnes-et-devient-un-heros-national","status":"publish","type":"post","link":"https:\/\/www.europesays.com\/fr\/234336\/","title":{"rendered":"Il sauve 165 personnes et devient un h\u00e9ros national"},"content":{"rendered":"<p>Sous une pluie battante et dans une atmosph\u00e8re de chaos, Scott Ruskan, membre des gardes-c\u00f4tes \u00e2g\u00e9 de 26 ans, s\u2019est distingu\u00e9 lors de sa toute premi\u00e8re mission, en sauvant 165 personnes au camp pour jeunes filles Camp Mystic, ravag\u00e9 par les inondations catastrophiques qui ont fait <a href=\"https:\/\/www.20minutes.fr\/diaporama\/diaporama-4162297-images-plus-80-morts-dizaine-enfants-recherches-apocalypse-texas-apres-inondations-monstres\" target=\"_blank\" class=\"color-ultramarine c-link\" rel=\"nofollow noopener\">au moins 100 morts au Texas, dont 28 enfants<\/a>.<\/p>\n<p>Bas\u00e9 \u00e0 Corpus Christi, ce garde-c\u00f4te a \u00e9t\u00e9 r\u00e9veill\u00e9 dans la nuit du 4\u00a0juillet par des coups \u00e0 sa porte\u00a0: il \u00e9tait appel\u00e9 d\u2019urgence en renfort pr\u00e8s de <a href=\"https:\/\/www.20minutes.fr\/sport\/san_antonio\/\" target=\"_blank\" class=\"color-ultramarine c-link\" rel=\"nofollow noopener\">San Antonio<\/a>. La mission \u00e9tait simple sur le papier, mais vertigineuse dans les faits\u00a0: \u00e9vacuer plusieurs centaines de jeunes filles pi\u00e9g\u00e9es dans un camp d\u2019\u00e9t\u00e9 chr\u00e9tien le long de la rivi\u00e8re Guadalupe, en crue.<\/p>\n<p>\u00ab\u00a0Une exp\u00e9rience crispante\u00a0\u00bb<\/p>\n<p>Avec son \u00e9quipe, il a embarqu\u00e9 \u00e0 bord d\u2019un h\u00e9licopt\u00e8re vers 7 heures du matin, mais le trajet jusqu\u2019au camp, situ\u00e9 pr\u00e8s de Hunt, a dur\u00e9 pr\u00e8s de six heures \u00e0 cause d\u2019une <a href=\"https:\/\/www.20minutes.fr\/dossier\/meteo\" target=\"_blank\" class=\"color-ultramarine c-link\" rel=\"nofollow noopener\">m\u00e9t\u00e9o<\/a> apocalyptique. \u00ab\u00a0Une exp\u00e9rience crispante\u00a0\u00bb, a-t-il confi\u00e9 au <a href=\"https:\/\/www.nytimes.com\/2025\/07\/06\/us\/texas-floods-rescues.html\" rel=\"nofollow noopener\" target=\"_blank\" class=\"color-ultramarine c-link\">New York Times<\/a>.<\/p>\n<\/p>\n<p>A leur arriv\u00e9e \u00e0 Camp Mystic, ils ont d\u00e9couvert un d\u00e9cor apocalyptique\u00a0: plus de 750 enfants \u00e9taient pr\u00e9sents dans le camp lors des intemp\u00e9ries. Pr\u00e8s de 200 personnes devaient \u00eatre \u00e9vacu\u00e9es imm\u00e9diatement. Deux zones d\u2019atterrissage ont \u00e9t\u00e9 improvis\u00e9es sur un terrain de tir \u00e0 l\u2019arc et un terrain de foot, o\u00f9 une douzaine d\u2019<a href=\"https:\/\/www.20minutes.fr\/dossier\/helicoptere\" target=\"_blank\" class=\"color-ultramarine c-link\" rel=\"nofollow noopener\">h\u00e9licopt\u00e8res<\/a>, dont certains de la Garde nationale, se sont relay\u00e9s.<\/p>\n<blockquote class=\"twitter-tweet\" align=\"center\" data-lang=\"fr_FR\">\n<p lang=\"en\" dir=\"ltr\">During the first rescue mission of his career, Rescue Swimmer Scott Ruskan directly saved 165 individuals.<\/p>\n<p>The Department of Homeland Security applauds the 65 Aircrew members for their heroism and bravery, including Lt. Ian Hopper, Lt. Blair Ogujiofor, and Flight Mechanic Seth\u2026 <a href=\"https:\/\/t.co\/CZ7BY3xo9x\" rel=\"nofollow\">pic.twitter.com\/CZ7BY3xo9x<\/a><\/p>\n<p>\u2014 Homeland Security (@DHSgov) <a href=\"https:\/\/twitter.com\/DHSgov\/status\/1942201225396539858?ref_src=twsrc%5Etfw\" rel=\"nofollow noopener\" target=\"_blank\">July 7, 2025<\/a><\/p><\/blockquote>\n<p class=\"mb-xxl@xs color-ultramarine font-weight-semi-bold@xs font-source-serif-pro heading-s@xs\">L\u2019acc\u00e8s \u00e0 ce contenu a \u00e9t\u00e9 bloqu\u00e9 afin de respecter votre choix de consentement<\/p>\n<p class=\"mb-m@xs text-l@xs\">En cliquant sur\u00ab J\u2019accepte \u00bb, vous acceptez le d\u00e9p\u00f4t de cookies par des services externes et aurez ainsi acc\u00e8s aux contenus de nos partenaires.<\/p>\n<p class=\"mb-xl@xs text-s@xs\">Plus d\u2019informations sur la page<a href=\"https:\/\/www.20minutes.fr\/gestion-cookies\" class=\"mx-xxs@xs color-ultramarine\" rel=\"nofollow noopener\" target=\"_blank\">Politique de gestion des cookies<\/a><\/p>\n<p>J\u2019accepteSymbole de l\u2019\u00e9lan de solidarit\u00e9 et du courage<\/p>\n<p>Pour gagner de la place dans l\u2019h\u00e9licopt\u00e8re, Scott Ruskan a pris une d\u00e9cision audacieuse\u00a0: rester au sol. \u00ab\u00a0Je me suis dit que je pourrais \u00eatre bien plus utile sur place\u00a0\u00bb, a-t-il expliqu\u00e9 au New York Times. Il est devenu le principal coordinateur des \u00e9vacuations, assurant \u00e0 la fois le tri des personnes \u00e0 secourir et leur soutien \u00e9motionnel.<\/p>\n<p><a href=\"https:\/\/www.20minutes.fr\/monde\/etats-unis\/\" target=\"_blank\" class=\"c-link c-btn c-btn--primary\" rel=\"nofollow noopener\">Notre dossier sur les Etats-Unis<\/a><\/p>\n<p>\u00ab\u00a0Les <a href=\"https:\/\/www.20minutes.fr\/dossier\/enfant\" target=\"_blank\" class=\"color-ultramarine c-link\" rel=\"nofollow noopener\">enfants<\/a> \u00e9taient en pyjama, parfois avec une seule chaussure. Tremp\u00e9s, frigorifi\u00e9s, \u00e9puis\u00e9s. Et ils cherchaient leurs amies\u00a0\u00bb, a-t-il racont\u00e9 au quotidien. \u00ab\u00a0Tous vous regardent, terrifi\u00e9s, en attendant une forme de r\u00e9confort, quelqu\u2019un pour les sauver.\u00a0\u00bb Au fil des <a href=\"https:\/\/www.20minutes.fr\/dossier\/evacuation\" target=\"_blank\" class=\"color-ultramarine c-link\" rel=\"nofollow noopener\">\u00e9vacuations<\/a>, Scott Ruskan a parfois port\u00e9 deux enfants en m\u00eame temps, les installant dans l\u2019h\u00e9licopt\u00e8re avant de revenir chercher les autres.<\/p>\n<p>Au-del\u00e0 des chiffres, l\u2019histoire de Scott Ruskan est devenue l\u2019un des symboles de l\u2019\u00e9lan de solidarit\u00e9 et du courage qui s\u2019est manifest\u00e9 au c\u0153ur de ce drame.<\/p>\n<p><script async src=\"https:\/\/platform.twitter.com\/widgets.js\" charset=\"utf-8\"><\/script><\/p>\n","protected":false},"excerpt":{"rendered":"Sous une pluie battante et dans une atmosph\u00e8re de chaos, Scott Ruskan, membre des gardes-c\u00f4tes \u00e2g\u00e9 de 26&hellip;\n","protected":false},"author":2,"featured_media":234337,"comment_status":"","ping_status":"","sticky":false,"template":"","format":"standard","meta":{"footnotes":""},"categories":[2],"tags":[47,11,847,73,5220,1011,27,6373,34730,4458,74,12,25,37303,7342,3926],"class_list":{"0":"post-234336","1":"post","2":"type-post","3":"status-publish","4":"format-standard","5":"has-post-thumbnail","7":"category-actualites","8":"tag-actualite","9":"tag-actualites","10":"tag-enfant","11":"tag-etats-unis","12":"tag-evacuation","13":"tag-fr","14":"tag-france","15":"tag-helicoptere","16":"tag-heros","17":"tag-inondation","18":"tag-monde","19":"tag-news","20":"tag-republique-francaise","21":"tag-san-antonio","22":"tag-secours","23":"tag-texas"},"share_on_mastodon":{"url":"https:\/\/pubeurope.com\/@fr\/114815895465046267","error":""},"_links":{"self":[{"href":"https:\/\/www.europesays.com\/fr\/wp-json\/wp\/v2\/posts\/234336","targetHints":{"allow":["GET"]}}],"collection":[{"href":"https:\/\/www.europesays.com\/fr\/wp-json\/wp\/v2\/posts"}],"about":[{"href":"https:\/\/www.europesays.com\/fr\/wp-json\/wp\/v2\/types\/post"}],"author":[{"embeddable":true,"href":"https:\/\/www.europesays.com\/fr\/wp-json\/wp\/v2\/users\/2"}],"replies":[{"embeddable":true,"href":"https:\/\/www.europesays.com\/fr\/wp-json\/wp\/v2\/comments?post=234336"}],"version-history":[{"count":0,"href":"https:\/\/www.europesays.com\/fr\/wp-json\/wp\/v2\/posts\/234336\/revisions"}],"wp:featuredmedia":[{"embeddable":true,"href":"https:\/\/www.europesays.com\/fr\/wp-json\/wp\/v2\/media\/234337"}],"wp:attachment":[{"href":"https:\/\/www.europesays.com\/fr\/wp-json\/wp\/v2\/media?parent=234336"}],"wp:term":[{"taxonomy":"category","embeddable":true,"href":"https:\/\/www.europesays.com\/fr\/wp-json\/wp\/v2\/categories?post=234336"},{"taxonomy":"post_tag","embeddable":true,"href":"https:\/\/www.europesays.com\/fr\/wp-json\/wp\/v2\/tags?post=234336"}],"curies":[{"name":"wp","href":"https:\/\/api.w.org\/{rel}","templated":true}]}}