{"id":234340,"date":"2025-07-08T05:14:10","date_gmt":"2025-07-08T05:14:10","guid":{"rendered":"https:\/\/www.europesays.com\/fr\/234340\/"},"modified":"2025-07-08T05:14:10","modified_gmt":"2025-07-08T05:14:10","slug":"xv-de-france-je-comprends-que-les-francais-aient-pu-etre-en-colere-richie-mccaw-revient-sur-la-finale-de-la-coupe-du-monde-2011","status":"publish","type":"post","link":"https:\/\/www.europesays.com\/fr\/234340\/","title":{"rendered":"XV de France &#8211; \u00ab\u00a0Je comprends que les Fran\u00e7ais aient pu \u00eatre en col\u00e8re\u00a0\u00bb : Richie McCaw revient sur la finale de la Coupe du monde 2011"},"content":{"rendered":"<p>\n                Dans un long entretien accord\u00e9 \u00e0 Midi Olympique, l&rsquo;iconique Richie McCaw est revenu sur la finale de la Coupe du monde 2011, entre la Nouvelle-Z\u00e9lande et le XV de France. Le capitaine des All Blacks a notamment \u00e9voqu\u00e9 l&rsquo;arbitrage de cette rencontre.\n            <\/p>\n<p>Il est un v\u00e9ritable traumatisme pour de tr\u00e8s nombreux fans de rugby en France. Le troisi\u00e8me ligne n\u00e9o-z\u00e9landais Richie McCaw a \u00e9t\u00e9 le visage de ces All Blacks invincibles au d\u00e9but des ann\u00e9es 2010. Celui qui a soulev\u00e9 deux fois le troph\u00e9e Webb Ellis a surtout \u00e9t\u00e9 remarqu\u00e9 lors de la finale de la Coupe du monde 2011, en \u00e9tant un v\u00e9ritable poison dans les rucks notamment, toujours \u00e0 la limite en termes de discipline. Quatorze ans apr\u00e8s, McCaw s&rsquo;est longuement confi\u00e9 dans les colonnes\u00a0de <a href=\"https:\/\/www.rugbyrama.fr\/midi-olympique\/\" target=\"_self\" rel=\"nofollow noopener\"><strong>Midi Olympique<\/strong><\/a>. Apr\u00e8s avoir pr\u00e9sent\u00e9 sa nouvelle vie, il n&rsquo;oubliait pas de dire un mot sur cette finale 2011, devenue tristement mythique en France.\u00a0\u00ab\u00a0J\u2019ai disput\u00e9 la finale de 2011 avec une fracture du cinqui\u00e8me m\u00e9tatarse, avouait-il d&rsquo;abord.\u00a0L\u2019ext\u00e9rieur de mon pied \u00e9tait bris\u00e9, litt\u00e9ralement.\u00a0\u00bb\u00a0<\/p>\n<blockquote><p>\nJ\u2019ai disput\u00e9 la finale de 2011 avec une fracture du cinqui\u00e8me m\u00e9tatarse\n<\/p><\/blockquote>\n<p>Le N\u00e9o-Z\u00e9landais en venait ensuite au sujet pol\u00e9mique, l&rsquo;arbitrage. Extrait :\u00a0\u00ab\u00a0Je comprends que les Fran\u00e7ais aient pu \u00eatre en col\u00e8re (en raison de l\u2019arbitrage de Craig Joubert) apr\u00e8s ce match. Mais je vous rappelle qu\u2019on avait ressenti la m\u00eame chose en 2007, apr\u00e8s le quart de finale perdu face aux Bleus \u00e0 Cardiff.\u00a0\u00bb\u00a0Ce jour-l\u00e0, le s\u00e9lectionneur Graham Henry avait en effet recens\u00e9 seize fautes d\u2019arbitrage.\u00a0\u00ab\u00a0C\u2019est ce qui est cool dans le rugby.\u00a0Le facteur humain reste important. Ce n\u2019est pas un sport de robots et c\u2019est pour \u00e7a qu\u2019on l\u2019aime.\u00a0\u00bb\u00a0Chacun se fera son avis&#8230;<\/p>\n","protected":false},"excerpt":{"rendered":"Dans un long entretien accord\u00e9 \u00e0 Midi Olympique, l&rsquo;iconique Richie McCaw est revenu sur la finale de la&hellip;\n","protected":false},"author":2,"featured_media":234341,"comment_status":"","ping_status":"","sticky":false,"template":"","format":"standard","meta":{"footnotes":""},"categories":[1416],"tags":[1011,27,479,1468,60],"class_list":{"0":"post-234340","1":"post","2":"type-post","3":"status-publish","4":"format-standard","5":"has-post-thumbnail","7":"category-rugby","8":"tag-fr","9":"tag-france","10":"tag-rugby","11":"tag-rugby-football","12":"tag-sports"},"share_on_mastodon":{"url":"https:\/\/pubeurope.com\/@fr\/114815910763798137","error":""},"_links":{"self":[{"href":"https:\/\/www.europesays.com\/fr\/wp-json\/wp\/v2\/posts\/234340","targetHints":{"allow":["GET"]}}],"collection":[{"href":"https:\/\/www.europesays.com\/fr\/wp-json\/wp\/v2\/posts"}],"about":[{"href":"https:\/\/www.europesays.com\/fr\/wp-json\/wp\/v2\/types\/post"}],"author":[{"embeddable":true,"href":"https:\/\/www.europesays.com\/fr\/wp-json\/wp\/v2\/users\/2"}],"replies":[{"embeddable":true,"href":"https:\/\/www.europesays.com\/fr\/wp-json\/wp\/v2\/comments?post=234340"}],"version-history":[{"count":0,"href":"https:\/\/www.europesays.com\/fr\/wp-json\/wp\/v2\/posts\/234340\/revisions"}],"wp:featuredmedia":[{"embeddable":true,"href":"https:\/\/www.europesays.com\/fr\/wp-json\/wp\/v2\/media\/234341"}],"wp:attachment":[{"href":"https:\/\/www.europesays.com\/fr\/wp-json\/wp\/v2\/media?parent=234340"}],"wp:term":[{"taxonomy":"category","embeddable":true,"href":"https:\/\/www.europesays.com\/fr\/wp-json\/wp\/v2\/categories?post=234340"},{"taxonomy":"post_tag","embeddable":true,"href":"https:\/\/www.europesays.com\/fr\/wp-json\/wp\/v2\/tags?post=234340"}],"curies":[{"name":"wp","href":"https:\/\/api.w.org\/{rel}","templated":true}]}}