{"id":234346,"date":"2025-07-08T05:18:17","date_gmt":"2025-07-08T05:18:17","guid":{"rendered":"https:\/\/www.europesays.com\/fr\/234346\/"},"modified":"2025-07-08T05:18:17","modified_gmt":"2025-07-08T05:18:17","slug":"le-double-abandon-a-prive-racing-bulls-dune-course-pleine-dopportunites","status":"publish","type":"post","link":"https:\/\/www.europesays.com\/fr\/234346\/","title":{"rendered":"Le double abandon a priv\u00e9 Racing Bulls d&rsquo;une \u00ab\u00a0course pleine d&rsquo;opportunit\u00e9s\u00a0\u00bb"},"content":{"rendered":"<p>Z\u00e9ro point\u00e9 pour l&rsquo;\u00e9curie s\u0153ur de <a href=\"https:\/\/fr.motorsport.com\/team\/red-bull\/553\/\" target=\"_blank\" rel=\"noopener nofollow\">Red Bull<\/a> sur le circuit britannique de Silverstone. Bien que les <a href=\"https:\/\/fr.motorsport.com\/team\/racing-bulls-610\/610\/\" target=\"_blank\" rel=\"noopener nofollow\">Racing Bulls<\/a> soient pass\u00e9es \u00e0 c\u00f4t\u00e9 de leurs qualifications avec <a href=\"https:\/\/fr.motorsport.com\/driver\/isack-hadjar\/876622\/\" target=\"_blank\" rel=\"noopener nofollow\">Isack Hadjar<\/a> 12e et <a href=\"https:\/\/fr.motorsport.com\/driver\/liam-lawson\/826061\/\" target=\"_blank\" rel=\"noopener nofollow\">Liam Lawson<\/a> 15e sur la grille de d\u00e9part, le classement final du Grand Prix de Grande-Bretagne a montr\u00e9 que s&rsquo;il y avait une course o\u00f9 il \u00e9tait possible de faire des miracles, c&rsquo;\u00e9tait bien celle-ci.\u00a0<\/p>\n<p>C&rsquo;est avec un rythme prometteur &#8211; et un peu inattendu &#8211; que les deux jeunes pilotes avaient entam\u00e9 le week-end, lors des essais libres de vendredi. N\u00e9anmoins, aucun des deux n&rsquo;a pass\u00e9 la ligne d&rsquo;arriv\u00e9e dimanche. Liam Lawson a d\u00fb abandonner apr\u00e8s un accrochage avec la <a href=\"https:\/\/fr.motorsport.com\/team\/haas\/1949\/\" target=\"_blank\" rel=\"noopener nofollow\">Haas<\/a> d&rsquo;<a href=\"https:\/\/fr.motorsport.com\/driver\/esteban-ocon\/95096\/\" target=\"_blank\" rel=\"noopener nofollow\">Esteban Ocon<\/a> dans les premiers tours de course. Un sc\u00e9nario frustrant pour le N\u00e9o-Z\u00e9landais, qui quitte Silverstone avec de gros regrets.<\/p>\n<p>\u00ab\u00a0Malheureusement, notre course s&rsquo;est termin\u00e9e pr\u00e9matur\u00e9ment \u00e0 cause d&rsquo;un incident en piste\u00a0\u00bb, a-t-il d\u00e9clar\u00e9. \u00ab\u00a0On avait fait le bon choix de pneus et pris un bon d\u00e9part, donc c&rsquo;est vraiment dommage de ne pas avoir pu montrer tout le potentiel de la voiture. On avait un package tr\u00e8s solide aujourd&rsquo;hui, surtout dans ces conditions changeantes. C&rsquo;\u00e9tait une course pleine d&rsquo;opportunit\u00e9s et on passe \u00e0 c\u00f4t\u00e9 de gros points.\u00a0\u00bb<\/p>\n<blockquote>\n<p>On a tous d\u00e9cid\u00e9 de rentrer aux stands avant la fin du tour de formation. \u00c7a n&rsquo;a pas pay\u00e9, donc on s&rsquo;est retrouv\u00e9s \u00e0 l&rsquo;arri\u00e8re.<\/p>\n<\/blockquote>\n<p>   <img decoding=\"async\" draggable=\"false\" src=\"https:\/\/www.europesays.com\/fr\/wp-content\/uploads\/2025\/07\/1751951897_493_isack-hadjar-racing-bulls-team.jpg\" alt=\"Isack Hadjar sort de sa monoplace d\u00e9truite.\" width=\"1200\" height=\"800\" loading=\"lazy\"\/> <\/p>\n<p class=\"title\">Isack Hadjar sort de sa monoplace d\u00e9truite.<\/p>\n<p class=\"photographer\">Photo de: Clive Mason \/ Getty Images<\/p>\n<p>De son c\u00f4t\u00e9, Isack Hadjar a subi un gros accident apr\u00e8s avoir percut\u00e9 de plein fouet l&rsquo;arri\u00e8re de la <a href=\"https:\/\/fr.motorsport.com\/team\/mercedes\/611\/\" target=\"_blank\" rel=\"noopener nofollow\">Mercedes<\/a> de <a href=\"https:\/\/fr.motorsport.com\/driver\/kimi-antonelli\/947765\/\" target=\"_blank\" rel=\"noopener nofollow\">Kimi Antonelli<\/a>. L&rsquo;incident a eu lieu lorsqu&rsquo;un torrent de pluie s&rsquo;abattait sur la piste, r\u00e9duisant la visibilit\u00e9 au minimum. Le Fran\u00e7ais, incapable de discerner quoi que ce soit devant lui, n&rsquo;a pu \u00e9viter la monoplace de l&rsquo;Italien.<\/p>\n<p>Mais avant m\u00eame cela, la course n&rsquo;avait pas bien d\u00e9but\u00e9 pour le pilote. Avant m\u00eame que les feux s&rsquo;\u00e9teignent, il avait fait le choix, comme <a href=\"https:\/\/fr.motorsport.com\/driver\/charles-leclerc\/109632\/\" target=\"_blank\" rel=\"noopener nofollow\">Charles Leclerc<\/a>, <a href=\"https:\/\/fr.motorsport.com\/driver\/george-russell\/96626\/\" target=\"_blank\" rel=\"noopener nofollow\">George Russell<\/a> ou encore <a href=\"https:\/\/fr.motorsport.com\/driver\/gabriel-bortoleto\/947555\/\" target=\"_blank\" rel=\"noopener nofollow\">Gabriel Bortoleto<\/a>, de troquer les interm\u00e9diaires pour des pneus slicks pendant le tour de formation, le for\u00e7ant \u00e0 s&rsquo;\u00e9lancer depuis la voie des stands. Au final, cette strat\u00e9gie n&rsquo;aura pas \u00e9t\u00e9 la bonne.<\/p>\n<p>\u00ab\u00a0Franchement, c&rsquo;\u00e9tait une course assez compliqu\u00e9e\u00a0\u00bb, a confi\u00e9 Hadjar apr\u00e8s l&rsquo;\u00e9preuve. \u00ab\u00a0Le rythme \u00e9tait vraiment bon, je dois le dire. Je suivais Charles avec la m\u00eame strat\u00e9gie, mais ce n&rsquo;\u00e9tait pas la bonne. Comme George, on a tous d\u00e9cid\u00e9 de rentrer aux stands avant la fin du tour de formation. \u00c7a n&rsquo;a pas pay\u00e9, donc on s&rsquo;est retrouv\u00e9s \u00e0 l&rsquo;arri\u00e8re.\u00a0\u00bb<\/p>\n<p>\u00ab\u00a0Apr\u00e8s la relance de la course, j&rsquo;aurais aim\u00e9 garder un peu plus de marge, mais quand j&rsquo;ai aper\u00e7u le feu arri\u00e8re de la voiture de Kimi, c&rsquo;\u00e9tait d\u00e9j\u00e0 trop tard\u00a0:\u00a0on n&rsquo;y voyait tout simplement rien. Heureusement, tout va bien pour moi.\u00a0\u00bb<\/p>\n<p>\u00ab\u00a0Pour moi, \u00e7a ne servait \u00e0 rien de courir dans ces conditions, parce que m\u00eame derri\u00e8re la voiture de s\u00e9curit\u00e9, je ne voyais d\u00e9j\u00e0 pas grand-chose. La temp\u00e9rature des pneus baissait, \u00e7a devenait vraiment compliqu\u00e9, donc j&rsquo;ai \u00e9t\u00e9 assez surpris qu&rsquo;on n&rsquo;attende pas de meilleures conditions [pour relancer la course]. Mais au final, c&rsquo;\u00e9tait assez pr\u00e9visible.\u00a0\u00bb<\/p>\n<p>Lire aussi:<\/p>\n<p>Dans cet article<\/p>\n<p>    T\u00e9ha Courbon\n<\/p>\n<p>    Formule 1\n<\/p>\n<p>    Liam Lawson\n<\/p>\n<p>    Isack Hadjar\n<\/p>\n<p>    Racing Bulls\n<\/p>\n<p>Soyez le premier inform\u00e9 et souscrivez aux alertes mails pour recevoir les infos en temps r\u00e9el<\/p>\n<p>    S&rsquo;abonner aux alertes de news<\/p>\n","protected":false},"excerpt":{"rendered":"Z\u00e9ro point\u00e9 pour l&rsquo;\u00e9curie s\u0153ur de Red Bull sur le circuit britannique de Silverstone. Bien que les Racing&hellip;\n","protected":false},"author":2,"featured_media":234347,"comment_status":"","ping_status":"","sticky":false,"template":"","format":"standard","meta":{"footnotes":""},"categories":[1412],"tags":[1451,1452,1453,1454,1455,1011,27,23124,2244,2254,2253,23125,60],"class_list":{"0":"post-234346","1":"post","2":"type-post","3":"status-publish","4":"format-standard","5":"has-post-thumbnail","7":"category-f1","8":"tag-f1","9":"tag-formula-1","10":"tag-formula1","11":"tag-formule-1","12":"tag-formule1","13":"tag-fr","14":"tag-france","15":"tag-gp-de-grande-bretagne","16":"tag-isack-hadjar","17":"tag-liam-lawson","18":"tag-racing-bulls","19":"tag-silverstone","20":"tag-sports"},"share_on_mastodon":{"url":"https:\/\/pubeurope.com\/@fr\/114815926557986171","error":""},"_links":{"self":[{"href":"https:\/\/www.europesays.com\/fr\/wp-json\/wp\/v2\/posts\/234346","targetHints":{"allow":["GET"]}}],"collection":[{"href":"https:\/\/www.europesays.com\/fr\/wp-json\/wp\/v2\/posts"}],"about":[{"href":"https:\/\/www.europesays.com\/fr\/wp-json\/wp\/v2\/types\/post"}],"author":[{"embeddable":true,"href":"https:\/\/www.europesays.com\/fr\/wp-json\/wp\/v2\/users\/2"}],"replies":[{"embeddable":true,"href":"https:\/\/www.europesays.com\/fr\/wp-json\/wp\/v2\/comments?post=234346"}],"version-history":[{"count":0,"href":"https:\/\/www.europesays.com\/fr\/wp-json\/wp\/v2\/posts\/234346\/revisions"}],"wp:featuredmedia":[{"embeddable":true,"href":"https:\/\/www.europesays.com\/fr\/wp-json\/wp\/v2\/media\/234347"}],"wp:attachment":[{"href":"https:\/\/www.europesays.com\/fr\/wp-json\/wp\/v2\/media?parent=234346"}],"wp:term":[{"taxonomy":"category","embeddable":true,"href":"https:\/\/www.europesays.com\/fr\/wp-json\/wp\/v2\/categories?post=234346"},{"taxonomy":"post_tag","embeddable":true,"href":"https:\/\/www.europesays.com\/fr\/wp-json\/wp\/v2\/tags?post=234346"}],"curies":[{"name":"wp","href":"https:\/\/api.w.org\/{rel}","templated":true}]}}