{"id":234348,"date":"2025-07-08T05:19:12","date_gmt":"2025-07-08T05:19:12","guid":{"rendered":"https:\/\/www.europesays.com\/fr\/234348\/"},"modified":"2025-07-08T05:19:12","modified_gmt":"2025-07-08T05:19:12","slug":"tdf-tour-de-france-tim-wellens-on-en-a-parle-avec-pogacar-il-est-genereux","status":"publish","type":"post","link":"https:\/\/www.europesays.com\/fr\/234348\/","title":{"rendered":"TDF. Tour de France &#8211; Tim Wellens : \u00abOn en a parl\u00e9 avec Pogacar&#8230; il est g\u00e9n\u00e9reux\u00bb"},"content":{"rendered":"<p>Beaucoup se demandait dimanche ce qui \u00e9tait pass\u00e9 par la t\u00eate de\u00a0<strong>Tadej Pogacar<\/strong>\u00a0dans le final de la 2e \u00e9tape, lorsque le champion du monde \u00e9tait all\u00e9 chercher des points pour le classement de la montagne au sommet d&rsquo;une c\u00f4te de 3e cat\u00e9gorie pour finalement se retrouver avec le maillot \u00e0 pois sur les \u00e9paules \u00e0 l&rsquo;arriv\u00e9e, s&rsquo;imposant ainsi toutes les obligations protocolaires et la fatigue qui va avec apr\u00e8s l&rsquo;\u00e9tape. Si le Slov\u00e8ne semblait tout sourire et heureux de pouvoir porter une 2e fois dans sa carri\u00e8re la fameuse tunique blanche \u00e0 pois rouge, cela ressemblait plus \u00e0 un cadeau empoisonn\u00e9, alors que le <strong>Tour<\/strong> ne fait que commencer. Mais son \u00e9quipe <strong>UAE Team Emirates<\/strong> a finalement trouv\u00e9 la parade ce lundi sur les routes de la 3e \u00e9tape en faisant attaquer <strong>Tim Wellens<\/strong>\u00a0\u00e0 37 km, en direction de Dunkerque. Profitant de l&rsquo;absence d&rsquo;\u00e9chapp\u00e9e, le champion de Belgique a pu tranquillement passer en t\u00eate de la seule difficult\u00e9 du jour au Mont Cassel et ainsi grappiller son 3e point au classement du meilleur grimpeur. A \u00e9galit\u00e9 avec son leader, il s&#8217;empare malgr\u00e9 tout du maillot pour avoir franchi une mont\u00e9e en plus en t\u00eate. Un calcul bien pens\u00e9 qui va permettre \u00e0 <strong>Pogacar<\/strong> d&rsquo;\u00e9conomiser un pr\u00e9cieux temps de r\u00e9cup\u00e9ration en fin d&rsquo;\u00e9tape.<\/p>\n<p>Vid\u00e9o &#8211; Wellens heureux de r\u00e9cup\u00e9rer le maillot \u00e0 pois de Pogacar Lire la suite de l&rsquo;article&#13;<\/p>\n<p>\u00a0<\/p>\n<p>&#13;<br \/>\n\u00ab\u00a0J\u2019ai d\u00e9j\u00e0 port\u00e9 le maillot \u00e0 pois et je sais que c\u2019est un honneur\u00a0\u00bb&#13;<\/p>\n<p>\u00ab\u00a0D\u00e8s hier soir, avec Tadej Pogacar nous avons parl\u00e9 de la possibilit\u00e9 que je prenne le maillot \u00e0 pois\u00a0\u00bb, a expliqu\u00e9\u00a0<strong>Tim Wellens <\/strong>en interview apr\u00e8s le podium. \u00ab\u00a0Il m\u2019a dit qu\u2019il \u00e9tait content de l\u2019avoir, mais comme c\u2019est quelqu\u2019un de g\u00e9n\u00e9reux \u00e7a ne le d\u00e9range pas de partager. J\u2019ai d\u00e9j\u00e0 port\u00e9 le maillot \u00e0 pois et je sais que c\u2019est un honneur sur le Tour de France, alors je suis tr\u00e8s content. Je suis bien s\u00fbr l\u00e0 pour aider Tadej, mais les jambes \u00e9taient de toute fa\u00e7on tr\u00e8s bonne et \u00e7a ne demandait pas tant d\u2019\u00e9nergie pour aller chercher ce point\u00a0\u00bb, a-t-il conclu.<\/p>\n<p>Tour de France &#8211; Classement de la 3\u00e8 \u00e9tape Tour de France &#8211; Classement g\u00e9n\u00e9ral provisoire apr\u00e8s la 3\u00e8 \u00e9tape<\/p>\n","protected":false},"excerpt":{"rendered":"Beaucoup se demandait dimanche ce qui \u00e9tait pass\u00e9 par la t\u00eate de\u00a0Tadej Pogacar\u00a0dans le final de la 2e&hellip;\n","protected":false},"author":2,"featured_media":234349,"comment_status":"","ping_status":"","sticky":false,"template":"","format":"standard","meta":{"footnotes":""},"categories":[1411],"tags":[1154,207,211,1011,27,209,60,210,212,208,213],"class_list":{"0":"post-234348","1":"post","2":"type-post","3":"status-publish","4":"format-standard","5":"has-post-thumbnail","7":"category-cyclisme","8":"tag-cycling","9":"tag-cyclisme","10":"tag-ffc","11":"tag-fr","12":"tag-france","13":"tag-route","14":"tag-sports","15":"tag-tour-de-france","16":"tag-uci","17":"tag-velo","18":"tag-world-tour"},"share_on_mastodon":{"url":"https:\/\/pubeurope.com\/@fr\/114815930850492546","error":""},"_links":{"self":[{"href":"https:\/\/www.europesays.com\/fr\/wp-json\/wp\/v2\/posts\/234348","targetHints":{"allow":["GET"]}}],"collection":[{"href":"https:\/\/www.europesays.com\/fr\/wp-json\/wp\/v2\/posts"}],"about":[{"href":"https:\/\/www.europesays.com\/fr\/wp-json\/wp\/v2\/types\/post"}],"author":[{"embeddable":true,"href":"https:\/\/www.europesays.com\/fr\/wp-json\/wp\/v2\/users\/2"}],"replies":[{"embeddable":true,"href":"https:\/\/www.europesays.com\/fr\/wp-json\/wp\/v2\/comments?post=234348"}],"version-history":[{"count":0,"href":"https:\/\/www.europesays.com\/fr\/wp-json\/wp\/v2\/posts\/234348\/revisions"}],"wp:featuredmedia":[{"embeddable":true,"href":"https:\/\/www.europesays.com\/fr\/wp-json\/wp\/v2\/media\/234349"}],"wp:attachment":[{"href":"https:\/\/www.europesays.com\/fr\/wp-json\/wp\/v2\/media?parent=234348"}],"wp:term":[{"taxonomy":"category","embeddable":true,"href":"https:\/\/www.europesays.com\/fr\/wp-json\/wp\/v2\/categories?post=234348"},{"taxonomy":"post_tag","embeddable":true,"href":"https:\/\/www.europesays.com\/fr\/wp-json\/wp\/v2\/tags?post=234348"}],"curies":[{"name":"wp","href":"https:\/\/api.w.org\/{rel}","templated":true}]}}