{"id":234359,"date":"2025-07-08T05:27:14","date_gmt":"2025-07-08T05:27:14","guid":{"rendered":"https:\/\/www.europesays.com\/fr\/234359\/"},"modified":"2025-07-08T05:27:14","modified_gmt":"2025-07-08T05:27:14","slug":"drome-apres-celui-de-montoison-un-nouveau-cas-de-chikungunya-detecte-a-romans-sur-isere","status":"publish","type":"post","link":"https:\/\/www.europesays.com\/fr\/234359\/","title":{"rendered":"Dr\u00f4me. Apr\u00e8s celui de Montoison, un nouveau cas de\u00a0chikungunya d\u00e9tect\u00e9 \u00e0 Romans-sur-Is\u00e8re"},"content":{"rendered":"<p>Un cas de chikungunya, import\u00e9 d\u2019un voyage dans l\u2019Oc\u00e9an indien, a \u00e9t\u00e9 d\u00e9tect\u00e9 \u00e0 Romans-sur-Is\u00e8re, annonce la Ville dans un communiqu\u00e9, ce lundi 7\u00a0juillet.<\/p>\n<p>Suite \u00e0 la d\u00e9tection du cas, une enqu\u00eate entomologique de terrain (recherche de moustique tigre) va \u00eatre r\u00e9alis\u00e9e ce mardi 8\u00a0juillet, dans un p\u00e9rim\u00e8tre de 150 m\u00e8tres autour de l\u2019impasse Eden, dans le secteur de l\u2019avenue de Saint-Donat, fr\u00e9quent\u00e9 par le malade.<\/p>\n<p>Ce contenu est bloqu\u00e9 car vous n&rsquo;avez pas accept\u00e9 les cookies et autres traceurs.<\/p>\n<p>En cliquant sur \u00ab J\u2019accepte \u00bb, les cookies et autres traceurs seront d\u00e9pos\u00e9s et vous pourrez visualiser les contenus  (<a href=\"\" class=\"consentModule_policy\" target=\"_blank\" title=\"Consulter la politique de protection des donn\u00e9es du fournisseur\">plus d&rsquo;informations<\/a>).<\/p>\n<p>En cliquant sur \u00ab J\u2019accepte tous les cookies \u00bb, vous autorisez des d\u00e9p\u00f4ts de cookies et autres traceurs pour le stockage de vos donn\u00e9es sur nos sites et applications \u00e0 des fins de personnalisation et de ciblage publicitaire.<\/p>\n<p class=\"consentModule_secondaryText\">Vous gardez la possibilit\u00e9 de retirer votre consentement \u00e0 tout moment en consultant notre <a href=\"https:\/\/www.ledauphine.com\/protection-des-donnees\" target=\"_blank\" title=\"Consulter notre politique de protection des donn\u00e9es\" rel=\"noopener\">politique de protection des donn\u00e9es<\/a>. <br \/>&#13;<br \/>\n            <a href=\"https:\/\/www.ledauphine.com\/environnement\/2025\/07\/07\/javascript:Didomi.notice.show()\" class=\"consentModule_cmp\" target=\"_blank\" rel=\"noopener\">G\u00e9rer mes choix<\/a>&#13;\n        <\/p>\n<p>&#13;<br \/>\n                        J&rsquo;accepte&#13;<br \/>\n            J&rsquo;accepte tous les cookies&#13;\n        <\/p>\n<p>Cette op\u00e9ration de d\u00e9moustication sera r\u00e9alis\u00e9e par les techniciens de l\u2019EIRAD (Entente interd\u00e9partementale Rh\u00f4ne-Alpes de d\u00e9moustication) pour tenter de trouver une pr\u00e9sence de moustique tigre, et de proc\u00e9der \u00e0 un traitement\u00a0en cas de pr\u00e9sence av\u00e9r\u00e9e.<\/p>\n<p>La Ville de Romans pr\u00e9cise qu\u2019en cas de traitement, \u00ab\u00a0les habitants situ\u00e9s dans le p\u00e9rim\u00e8tre seront inform\u00e9s 24 heures avant l\u2019intervention\u00a0\u00bb, par la voie d\u2019un flyer.<\/p>\n<p>C\u2019est le second cas de\u00a0chikungunya d\u00e9tect\u00e9 dans la Dr\u00f4me cette ann\u00e9e, deux semaines apr\u00e8s celui <a href=\"https:\/\/www.ledauphine.com\/sante\/2025\/06\/25\/un-cas-autochtone-de-chikungunya-confirme-dans-la-drome\" target=\"_blank\" rel=\"noopener\">confirm\u00e9 \u00e0 Montoison<\/a>. Le 25 juin dernier, un <a href=\"https:\/\/www.ledauphine.com\/faits-divers-justice\/2025\/06\/25\/un-cas-de-dengue-detecte-a-romans-sur-isere-le-moustique-tigre-dans-le-collimateur\" target=\"_blank\" rel=\"noopener\">cas de dengue<\/a> avait par ailleurs \u00e9t\u00e9 d\u00e9tect\u00e9 \u00e0 Romans-sur-Is\u00e8re, n\u00e9cessitant une intervention similaire.<\/p>\n","protected":false},"excerpt":{"rendered":"Un cas de chikungunya, import\u00e9 d\u2019un voyage dans l\u2019Oc\u00e9an indien, a \u00e9t\u00e9 d\u00e9tect\u00e9 \u00e0 Romans-sur-Is\u00e8re, annonce la Ville&hellip;\n","protected":false},"author":2,"featured_media":234360,"comment_status":"","ping_status":"","sticky":false,"template":"","format":"standard","meta":{"footnotes":""},"categories":[10],"tags":[2730,2737,436,274,1011,27,72,1479,2736,71],"class_list":{"0":"post-234359","1":"post","2":"type-post","3":"status-publish","4":"format-standard","5":"has-post-thumbnail","7":"category-sante","8":"tag-drome","9":"tag-edition-romans-nord-drome","10":"tag-environnement","11":"tag-faits-divers-justice","12":"tag-fr","13":"tag-france","14":"tag-health","15":"tag-romans","16":"tag-romans-sur-isere","17":"tag-sante"},"share_on_mastodon":{"url":"https:\/\/pubeurope.com\/@fr\/114815962021756279","error":""},"_links":{"self":[{"href":"https:\/\/www.europesays.com\/fr\/wp-json\/wp\/v2\/posts\/234359","targetHints":{"allow":["GET"]}}],"collection":[{"href":"https:\/\/www.europesays.com\/fr\/wp-json\/wp\/v2\/posts"}],"about":[{"href":"https:\/\/www.europesays.com\/fr\/wp-json\/wp\/v2\/types\/post"}],"author":[{"embeddable":true,"href":"https:\/\/www.europesays.com\/fr\/wp-json\/wp\/v2\/users\/2"}],"replies":[{"embeddable":true,"href":"https:\/\/www.europesays.com\/fr\/wp-json\/wp\/v2\/comments?post=234359"}],"version-history":[{"count":0,"href":"https:\/\/www.europesays.com\/fr\/wp-json\/wp\/v2\/posts\/234359\/revisions"}],"wp:featuredmedia":[{"embeddable":true,"href":"https:\/\/www.europesays.com\/fr\/wp-json\/wp\/v2\/media\/234360"}],"wp:attachment":[{"href":"https:\/\/www.europesays.com\/fr\/wp-json\/wp\/v2\/media?parent=234359"}],"wp:term":[{"taxonomy":"category","embeddable":true,"href":"https:\/\/www.europesays.com\/fr\/wp-json\/wp\/v2\/categories?post=234359"},{"taxonomy":"post_tag","embeddable":true,"href":"https:\/\/www.europesays.com\/fr\/wp-json\/wp\/v2\/tags?post=234359"}],"curies":[{"name":"wp","href":"https:\/\/api.w.org\/{rel}","templated":true}]}}