{"id":234363,"date":"2025-07-08T05:29:09","date_gmt":"2025-07-08T05:29:09","guid":{"rendered":"https:\/\/www.europesays.com\/fr\/234363\/"},"modified":"2025-07-08T05:29:09","modified_gmt":"2025-07-08T05:29:09","slug":"katy-perry-et-orlando-bloom-apercus-ensemble-sur-le-yacht-de-jeff-bezos-une-semaine-apres-leur-rupture","status":"publish","type":"post","link":"https:\/\/www.europesays.com\/fr\/234363\/","title":{"rendered":"Katy Perry et Orlando Bloom aper\u00e7us ensemble sur le yacht de Jeff Bezos&#8230; une semaine apr\u00e8s leur rupture"},"content":{"rendered":"<p>    Katy Perry et Orlando Bloom aux Oscars. (Los Angeles, le 3 mars 2025.)<br \/>\n                PA Photos\/ABACA<\/p>\n<p>Page six a publi\u00e9 des photos de l\u2019ancien couple sur le yacht du g\u00e9ant d\u2019Amazon.<\/p>\n<p class=\"fig-paragraph\">Les\u00a0<a href=\"https:\/\/madame.lefigaro.fr\/tag\/photographe\" target=\"_blank\" rel=\"noopener\" data-gtm-custom-categorie=\"navigation\" data-gtm-custom-action=\"crossclick\" data-gtm-custom-label=\"Contextuel\" data-gtm-event=\"customEventSPE\">photos\u00a0<\/a>ne mentent jamais. Le c\u00e9l\u00e8bre magazine people Page Six a publi\u00e9\u00a0<a href=\"https:\/\/pagesix.com\/2025\/07\/07\/celebrity-news\/katy-perry-orlando-bloom-reunite-in-italy-on-jeff-bezos-yacht-after-confirming-split\/\" target=\"_blank\" rel=\"nofollow noopener\" data-gtm-custom-categorie=\"navigation\" data-gtm-custom-action=\"crossclick\" data-gtm-custom-label=\"Contextuel\" data-gtm-event=\"customEventSPE\">des clich\u00e9s exclusifs<\/a>\u00a0de\u00a0<a href=\"https:\/\/madame.lefigaro.fr\/tag\/katy-perry\" target=\"_blank\" rel=\"noopener\" data-gtm-custom-categorie=\"navigation\" data-gtm-custom-action=\"crossclick\" data-gtm-custom-label=\"Contextuel\" data-gtm-event=\"customEventSPE\">Katy Perry<\/a>\u00a0et\u00a0<a href=\"https:\/\/madame.lefigaro.fr\/tag\/orlando-bloom\" target=\"_blank\" rel=\"noopener\" data-gtm-custom-categorie=\"navigation\" data-gtm-custom-action=\"crossclick\" data-gtm-custom-label=\"Contextuel\" data-gtm-event=\"customEventSPE\">Orlando Bloom<\/a>\u00a0ensemble sur le yacht de\u00a0<a href=\"https:\/\/madame.lefigaro.fr\/tag\/jeff-bezos\" target=\"_blank\" rel=\"noopener\" data-gtm-custom-categorie=\"navigation\" data-gtm-custom-action=\"crossclick\" data-gtm-custom-label=\"Contextuel\" data-gtm-event=\"customEventSPE\">Jeff Bezos<\/a>, juste apr\u00e8s leur fastueux mariage \u00e0 Venise, o\u00f9 le g\u00e9rant d\u2019Amazon a cr\u00e9\u00e9 la pol\u00e9mique en privatisant la cit\u00e9. On y aper\u00e7oit la chanteuse en bikini noir et chemise et short aux couleurs claires. Orlando Bloom lui, appara\u00eet en train de jouer avec leur fille de 4 ans, Daisy, elle aussi \u00e0 bord du yacht \u00e0 500 millions de dollars.<\/p>\n<p class=\"fig-body-link&#10;    \">\n            \u00c0 lire aussi<br \/>\n        <a class=\"fig-body-link__link\" href=\"http:\/\/madame.lefigaro.fr\/celebrites\/actu-people\/leur-priorite-commune-sera-toujours-leur-fille-katy-perry-et-orlando-bloom-confirment-officiellement-leur-rupture-20250704\" data-fig-type=\"Article\" data-gtm-custom-categorie=\"navigation\" data-gtm-custom-action=\"crossclick\" data-gtm-custom-label=\"Contextuel\" data-gtm-event=\"customEventSPE\" data-fig-domain=\"MADAME\" target=\"_blank\" rel=\"noopener\">\u00abLeur priorit\u00e9 commune sera toujours leur fille\u00bb\u00a0: Katy Perry et Orlando Bloom confirment officiellement leur rupture<\/a>\n<\/p>\n<p>Voyage post-s\u00e9paration<\/p>\n<p class=\"fig-paragraph\">Jusque-l\u00e0 rien d\u2019\u00e9tonnant. Sauf que quelques jours auparavant, le 3 juillet exactement, le couple annon\u00e7ait sa\u00a0<a href=\"https:\/\/madame.lefigaro.fr\/tag\/separation\" target=\"_blank\" rel=\"noopener\" data-gtm-custom-categorie=\"navigation\" data-gtm-custom-action=\"crossclick\" data-gtm-custom-label=\"Contextuel\" data-gtm-event=\"customEventSPE\">s\u00e9paration\u00a0<\/a>apr\u00e8s des semaines de rumeurs et neuf ans de vie commune. Ils se seraient retrouv\u00e9s pour la premi\u00e8re fois depuis cette annonce sur le bateau, o\u00f9 ils ont pass\u00e9 presque tout leur temps \u00e0 s\u2019occuper de<a href=\"https:\/\/madame.lefigaro.fr\/tag\/enfants-de\" target=\"_blank\" rel=\"noopener\" data-gtm-custom-categorie=\"navigation\" data-gtm-custom-action=\"crossclick\" data-gtm-custom-label=\"Contextuel\" data-gtm-event=\"customEventSPE\">\u00a0leur fille<\/a>. Ils ont \u00e9galement \u00e9t\u00e9 aper\u00e7us tous les trois en train de manger une glace lors d\u2019une escale \u00e0 Capri.<\/p>\n<p>                                    <a class=\"fig-a11y-skip a11y-hidden\" href=\"#fig-a11y-skip-main-inarticle\"><br \/>\n        Passer la publicit\u00e9<br \/>\n    <\/a><\/p>\n<p>\u00abLa priorit\u00e9 sera toujours d\u2019\u00e9lever leur fille avec amour\u00bb<\/p>\n<p class=\"fig-paragraph\">Dans le communiqu\u00e9 diffus\u00e9 pour annoncer leur s\u00e9paration, que le magazine People a pu consulter, ils insistent sur l\u2019importance de leur\u00a0<a href=\"https:\/\/madame.lefigaro.fr\/tag\/parents\" target=\"_blank\" rel=\"noopener\" data-gtm-custom-categorie=\"navigation\" data-gtm-custom-action=\"crossclick\" data-gtm-custom-label=\"Contextuel\" data-gtm-event=\"customEventSPE\">paternit\u00e9<\/a>. \u00abEn raison de l\u2019abondance de l\u2019int\u00e9r\u00eat et des conversations r\u00e9centes autour de la relation d\u2019Orlando Bloom et de Katy Perry, leurs repr\u00e9sentants ont confirm\u00e9 qu\u2019Orlando et Katy ont modifi\u00e9 leur relation au cours des derniers mois pour se concentrer sur la coparentalit\u00e9. Ils continueront \u00e0 \u00eatre vus ensemble en tant que famille, car leur priorit\u00e9 commune est &#8211; et sera toujours &#8211; d\u2019\u00e9lever leur fille avec amour, stabilit\u00e9 et respect mutuel.\u00bb<\/p>\n","protected":false},"excerpt":{"rendered":"Katy Perry et Orlando Bloom aux Oscars. (Los Angeles, le 3 mars 2025.) PA Photos\/ABACA Page six a&hellip;\n","protected":false},"author":2,"featured_media":234364,"comment_status":"","ping_status":"","sticky":false,"template":"","format":"standard","meta":{"footnotes":""},"categories":[8],"tags":[58,59,1011,27,697,8553,33392,6685],"class_list":{"0":"post-234363","1":"post","2":"type-post","3":"status-publish","4":"format-standard","5":"has-post-thumbnail","7":"category-divertissement","8":"tag-divertissement","9":"tag-entertainment","10":"tag-fr","11":"tag-france","12":"tag-jeff-bezos","13":"tag-katy-perry","14":"tag-orlando-bloom","15":"tag-separation"},"share_on_mastodon":{"url":"https:\/\/pubeurope.com\/@fr\/114815969922443023","error":""},"_links":{"self":[{"href":"https:\/\/www.europesays.com\/fr\/wp-json\/wp\/v2\/posts\/234363","targetHints":{"allow":["GET"]}}],"collection":[{"href":"https:\/\/www.europesays.com\/fr\/wp-json\/wp\/v2\/posts"}],"about":[{"href":"https:\/\/www.europesays.com\/fr\/wp-json\/wp\/v2\/types\/post"}],"author":[{"embeddable":true,"href":"https:\/\/www.europesays.com\/fr\/wp-json\/wp\/v2\/users\/2"}],"replies":[{"embeddable":true,"href":"https:\/\/www.europesays.com\/fr\/wp-json\/wp\/v2\/comments?post=234363"}],"version-history":[{"count":0,"href":"https:\/\/www.europesays.com\/fr\/wp-json\/wp\/v2\/posts\/234363\/revisions"}],"wp:featuredmedia":[{"embeddable":true,"href":"https:\/\/www.europesays.com\/fr\/wp-json\/wp\/v2\/media\/234364"}],"wp:attachment":[{"href":"https:\/\/www.europesays.com\/fr\/wp-json\/wp\/v2\/media?parent=234363"}],"wp:term":[{"taxonomy":"category","embeddable":true,"href":"https:\/\/www.europesays.com\/fr\/wp-json\/wp\/v2\/categories?post=234363"},{"taxonomy":"post_tag","embeddable":true,"href":"https:\/\/www.europesays.com\/fr\/wp-json\/wp\/v2\/tags?post=234363"}],"curies":[{"name":"wp","href":"https:\/\/api.w.org\/{rel}","templated":true}]}}