{"id":234374,"date":"2025-07-08T05:35:11","date_gmt":"2025-07-08T05:35:11","guid":{"rendered":"https:\/\/www.europesays.com\/fr\/234374\/"},"modified":"2025-07-08T05:35:11","modified_gmt":"2025-07-08T05:35:11","slug":"les-frais-de-justice-des-elus-pris-en-charge-par-la-ville","status":"publish","type":"post","link":"https:\/\/www.europesays.com\/fr\/234374\/","title":{"rendered":"les frais de justice des \u00e9lus pris en charge par la Ville"},"content":{"rendered":"<p>C\u2019est entre deux d\u00e9lib\u00e9rations qu\u2019une \u00ab\u00a0information\u00a0\u00bb a \u00e9t\u00e9 gliss\u00e9e dans l\u2019ordre du jour du conseil municipal du 1er juillet, comportant la mention \u00ab\u00a0protection fonctionnelle\u00a0\u00bb, suivie d\u2019une page blanche, rendant le moment tr\u00e8s attendu.<\/p>\n<p>\u00ab\u00a0Avec Florence Vanelle et Rapha\u00ebl Bernou, nous allons quitter l\u2019h\u00e9micycle et je passe la pr\u00e9sidence \u00e0 R\u00e9gis Cadegros \u00bb, annonce le maire, <a href=\"https:\/\/www.leprogres.fr\/p\/axel-dugua\" target=\"_blank\" rel=\"nofollow noopener\">Axel Dugua<\/a>, qui se l\u00e8ve, tandis que son premier adjoint prend la direction du conseil.<\/p>\n<p>\u00ab\u00a0Il ne s\u2019agit pas d\u2019une d\u00e9lib\u00e9ration mais d\u2019une information, que je veux donner ce soir au conseil municipal. Le 18\u00a0juin 2025, Monsieur Axel Dugua, Madame Florence Vanelle et Monsieur Rapha\u00ebl Bernou, \u00e9lus municipaux, m\u2019ont remis chacun en main propre une lettre dans laquelle ils demandaient la mise en \u0153uvre de la protection fonctionnelle. J\u2019ai h\u00e9rit\u00e9 de ce sujet par arr\u00eat\u00e9 de d\u00e9port du maire du 17\u00a0juin 2025, j\u2019ai donc accus\u00e9 r\u00e9ception de ces courriers le jour m\u00eame.\u00a0\u00bb<\/p>\n<p>Cet \u00ab\u00a0arr\u00eat\u00e9 de d\u00e9port\u00a0\u00bb permet au premier adjoint de prendre&#8230;<\/p>\n","protected":false},"excerpt":{"rendered":"C\u2019est entre deux d\u00e9lib\u00e9rations qu\u2019une \u00ab\u00a0information\u00a0\u00bb a \u00e9t\u00e9 gliss\u00e9e dans l\u2019ordre du jour du conseil municipal du 1er&hellip;\n","protected":false},"author":2,"featured_media":234375,"comment_status":"","ping_status":"","sticky":false,"template":"","format":"standard","meta":{"footnotes":""},"categories":[9653],"tags":[1111,11,2430,1984,271,272,7539,1777,674,274,1011,27,12,316,25,9669,9670,4001],"class_list":{"0":"post-234374","1":"post","2":"type-post","3":"status-publish","4":"format-standard","5":"has-post-thumbnail","7":"category-saint-etienne","8":"tag-actu","9":"tag-actualites","10":"tag-auvergne-rhone-alpes","11":"tag-conseil-municipal","12":"tag-crime","13":"tag-delit-et-contravention","14":"tag-edition-loire-sud","15":"tag-eu","16":"tag-europe","17":"tag-faits-divers-justice","18":"tag-fr","19":"tag-france","20":"tag-news","21":"tag-politique","22":"tag-republique-francaise","23":"tag-saint-chamond","24":"tag-saint-chamond-ville","25":"tag-saint-etienne"},"share_on_mastodon":{"url":"https:\/\/pubeurope.com\/@fr\/114815993449878870","error":""},"_links":{"self":[{"href":"https:\/\/www.europesays.com\/fr\/wp-json\/wp\/v2\/posts\/234374","targetHints":{"allow":["GET"]}}],"collection":[{"href":"https:\/\/www.europesays.com\/fr\/wp-json\/wp\/v2\/posts"}],"about":[{"href":"https:\/\/www.europesays.com\/fr\/wp-json\/wp\/v2\/types\/post"}],"author":[{"embeddable":true,"href":"https:\/\/www.europesays.com\/fr\/wp-json\/wp\/v2\/users\/2"}],"replies":[{"embeddable":true,"href":"https:\/\/www.europesays.com\/fr\/wp-json\/wp\/v2\/comments?post=234374"}],"version-history":[{"count":0,"href":"https:\/\/www.europesays.com\/fr\/wp-json\/wp\/v2\/posts\/234374\/revisions"}],"wp:featuredmedia":[{"embeddable":true,"href":"https:\/\/www.europesays.com\/fr\/wp-json\/wp\/v2\/media\/234375"}],"wp:attachment":[{"href":"https:\/\/www.europesays.com\/fr\/wp-json\/wp\/v2\/media?parent=234374"}],"wp:term":[{"taxonomy":"category","embeddable":true,"href":"https:\/\/www.europesays.com\/fr\/wp-json\/wp\/v2\/categories?post=234374"},{"taxonomy":"post_tag","embeddable":true,"href":"https:\/\/www.europesays.com\/fr\/wp-json\/wp\/v2\/tags?post=234374"}],"curies":[{"name":"wp","href":"https:\/\/api.w.org\/{rel}","templated":true}]}}