{"id":234378,"date":"2025-07-08T05:37:08","date_gmt":"2025-07-08T05:37:08","guid":{"rendered":"https:\/\/www.europesays.com\/fr\/234378\/"},"modified":"2025-07-08T05:37:08","modified_gmt":"2025-07-08T05:37:08","slug":"nancy-dans-le-top-3-des-villes-ou-il-fait-bon-etudier-en-france-dapres-ce-classement","status":"publish","type":"post","link":"https:\/\/www.europesays.com\/fr\/234378\/","title":{"rendered":"Nancy dans le top 3 des villes o\u00f9 il fait bon \u00e9tudier en France d&rsquo;apr\u00e8s ce classement"},"content":{"rendered":"<p>            Par<br \/>\n        <strong><br \/>\n            <a href=\"https:\/\/actu.fr\/auteur\/pierre-emile-bouchy-actu-fr\" title=\"Consulter tous les articles de Paul-Emile Bouchy\" target=\"_blank\" rel=\"noopener\">Paul-Emile Bouchy<\/a><br \/>\n        <\/strong><\/p>\n<p>        Publi\u00e9 le<\/p>\n<p>            8 juil. 2025 \u00e0 7h02        <\/p>\n<p>Alors que les r\u00e9sultats du <a href=\"https:\/\/actu.fr\/societe\/nancy-metz-joie-ou-deception-de-pres-de-48-000-lyceens-les-resultats-du-bac-tombent-ce-4-juillet_62867499.html\" target=\"_blank\" rel=\"noopener\">baccalaur\u00e9at<\/a> viennent de tomber, il est temps pour de nombreux lyc\u00e9ens de se tourner vers leur future vie \u00e9tudiante. L\u2019occasion pour le journal Le Parisien de publier <a href=\"https:\/\/www.leparisien.fr\/etudiant\/vie-etudiante\/classement-des-villes-etudiantes-transport-bars-meteo-quelles-sont-les-meilleures-villes-ou-etudier-en-2025-KSTJ3EDATBDGRELVFYVU5KW5BY.php\" target=\"_blank\" rel=\"noopener\">son classement des meilleures villes \u00e9tudiantes en 2025<\/a>.<\/p>\n<p class=\" wall-content\">En se basant sur <strong>de nombreux crit\u00e8res divis\u00e9s en cinq cat\u00e9gories (vie quotidienne, loisirs, transports, logement, \u00e9tudes<\/strong>), le quotidien a dress\u00e9 son palmar\u00e8s et <strong>Nancy arrive \u00e0 la 3e place<\/strong>.<\/p>\n<p>Les transports et les loyers\u2009: les atouts de Nancy<\/p>\n<p class=\" wall-content\">Avec une note de 13,81\/20, <a href=\"https:\/\/actu.fr\/grand-est\/nancy_54395\" target=\"_blank\" rel=\"noopener\">Nancy<\/a> talonne <strong>Montpellier<\/strong> (14,09) et <strong>Grenoble<\/strong> (13,85). \u00c0 titre de comparaison, <a href=\"https:\/\/actu.fr\/strasbourg\/\" target=\"_blank\" rel=\"noopener\">Strasbourg<\/a> se classe 9e (11,71).<\/p>\n<p class=\" wall-content\">D\u2019apr\u00e8s cette \u00e9tude, la cit\u00e9 ducale tire son \u00e9pingle du jeu dans deux cat\u00e9gories. La premi\u00e8re est le <strong>logement<\/strong> o\u00f9 elle arrive \u00e0 la <strong>2e place des villes o\u00f9 le loyer moyen d\u2019un appartement est le plus bas<\/strong>, derri\u00e8re Clermont-Ferrand.<\/p>\n<p class=\" wall-content\">Les <strong>transports<\/strong> sont son second atout puisque <strong>Nancy se classe en premi\u00e8re position<\/strong>. Cette cat\u00e9gorie met en valeur sa forte densit\u00e9 <a href=\"https:\/\/actu.fr\/grand-est\/nancy_54395\/nancy-se-deplacer-avec-ces-velos-en-libre-service-c-est-desormais-gratuit-le-week-end_45677455.html\" target=\"_blank\" rel=\"noopener\">de v\u00e9los en libre service<\/a> par habitant, la longueur des am\u00e9nagements cyclables dans l\u2019agglom\u00e9ration ou encore le prix de l\u2019abonnement annuel.<\/p>\n<p>Vid\u00e9os : en ce moment sur ActuNancy dans le top\u00a010 dans un autre classement<\/p>\n<p class=\" wall-content\">D\u2019apr\u00e8s un autre classement, publi\u00e9 le 6\u00a0juin 2025 par <a href=\"https:\/\/www.letudiant.fr\/classements\/classement-des-villes-etudiantes.html\" target=\"_blank\" rel=\"noopener\">L\u2019\u00c9tudiant<\/a>, <strong>Nancy n\u2019occupe pas la 3e, mais la 10e place du classement<\/strong>, soit <a href=\"https:\/\/actu.fr\/societe\/classement-2024-des-villes-preferees-des-etudiants-decouvrez-les-positions-de-strasbourg-nancy-et-metz_61296318.html\" target=\"_blank\" rel=\"noopener\">une place de mieux qu\u2019en 2024<\/a>.<\/p>\n<p class=\" wall-content\">Affichant de belles performances en termes de formations, de vie \u00e9tudiante ou de cadre de vie, Nancy p\u00e8che d\u2019un point de vue de dynamisme de l\u2019emploi avec une note de 2,5\/10.<\/p>\n<p class=\" wall-content\">Suivez toute l\u2019actualit\u00e9 de vos villes et m\u00e9dias favoris en vous inscrivant \u00e0 <a href=\"https:\/\/moncompte.actu.fr\" title=\"D\u00e9couvez Mon Actu\" rel=\"nofollow noopener\" data-trk=\"{&quot;cta&quot;:{&quot;action&quot;:&quot;https:\\\/\\\/moncompte.actu.fr&quot;,&quot;category&quot;:&quot;mon compte&quot;,&quot;from&quot;:&quot;article footer&quot;,&quot;name&quot;:&quot;Mon actu&quot;,&quot;type&quot;:&quot;cta&quot;}}\" target=\"_blank\">Mon Actu<\/a>.<\/p>\n","protected":false},"excerpt":{"rendered":"Par Paul-Emile Bouchy Publi\u00e9 le 8 juil. 2025 \u00e0 7h02 Alors que les r\u00e9sultats du baccalaur\u00e9at viennent de&hellip;\n","protected":false},"author":2,"featured_media":234379,"comment_status":"","ping_status":"","sticky":false,"template":"","format":"standard","meta":{"footnotes":""},"categories":[9635],"tags":[1111,11,1064,1777,674,1011,27,775,1702,12,25,104],"class_list":{"0":"post-234378","1":"post","2":"type-post","3":"status-publish","4":"format-standard","5":"has-post-thumbnail","7":"category-nancy","8":"tag-actu","9":"tag-actualites","10":"tag-etudiantses","11":"tag-eu","12":"tag-europe","13":"tag-fr","14":"tag-france","15":"tag-grand-est","16":"tag-nancy","17":"tag-news","18":"tag-republique-francaise","19":"tag-societe"},"share_on_mastodon":{"url":"https:\/\/pubeurope.com\/@fr\/114816001256495703","error":""},"_links":{"self":[{"href":"https:\/\/www.europesays.com\/fr\/wp-json\/wp\/v2\/posts\/234378","targetHints":{"allow":["GET"]}}],"collection":[{"href":"https:\/\/www.europesays.com\/fr\/wp-json\/wp\/v2\/posts"}],"about":[{"href":"https:\/\/www.europesays.com\/fr\/wp-json\/wp\/v2\/types\/post"}],"author":[{"embeddable":true,"href":"https:\/\/www.europesays.com\/fr\/wp-json\/wp\/v2\/users\/2"}],"replies":[{"embeddable":true,"href":"https:\/\/www.europesays.com\/fr\/wp-json\/wp\/v2\/comments?post=234378"}],"version-history":[{"count":0,"href":"https:\/\/www.europesays.com\/fr\/wp-json\/wp\/v2\/posts\/234378\/revisions"}],"wp:featuredmedia":[{"embeddable":true,"href":"https:\/\/www.europesays.com\/fr\/wp-json\/wp\/v2\/media\/234379"}],"wp:attachment":[{"href":"https:\/\/www.europesays.com\/fr\/wp-json\/wp\/v2\/media?parent=234378"}],"wp:term":[{"taxonomy":"category","embeddable":true,"href":"https:\/\/www.europesays.com\/fr\/wp-json\/wp\/v2\/categories?post=234378"},{"taxonomy":"post_tag","embeddable":true,"href":"https:\/\/www.europesays.com\/fr\/wp-json\/wp\/v2\/tags?post=234378"}],"curies":[{"name":"wp","href":"https:\/\/api.w.org\/{rel}","templated":true}]}}