{"id":234380,"date":"2025-07-08T05:38:23","date_gmt":"2025-07-08T05:38:23","guid":{"rendered":"https:\/\/www.europesays.com\/fr\/234380\/"},"modified":"2025-07-08T05:38:23","modified_gmt":"2025-07-08T05:38:23","slug":"langlais-pour-enfants-des-quatre-ans-a-nancy-immersion-ludique-garantie","status":"publish","type":"post","link":"https:\/\/www.europesays.com\/fr\/234380\/","title":{"rendered":"L\u2019anglais pour enfants d\u00e8s quatre ans \u00e0 Nancy\u00a0: immersion ludique garantie"},"content":{"rendered":"<p>Vendredi 4\u00a0juillet 2025. L\u2019<a href=\"https:\/\/www.lasemaine.fr\/societe\/vague-de-chaleur-les-ecoles-de-metz-sont-elles-ouvertes\/\" data-type=\"post\" data-id=\"396289\" rel=\"nofollow noopener\" target=\"_blank\">\u00e9cole<\/a> ferme ses portes, les cartables sont remis\u00e9s. L\u2019heure est <a href=\"https:\/\/www.lasemaine.fr\/enseignement-formation\/lorraine-raccourcir-les-vacances-dete-pour-ou-contre\/\" data-type=\"post\" data-id=\"396276\" rel=\"nofollow noopener\" target=\"_blank\">aux vacances d\u2019\u00e9t\u00e9<\/a>. Mais si cette pause devenait aussi un <a href=\"https:\/\/www.lasemaine.fr\/societe\/lorraine-temps-scolaires-vacances-comment-trouver-le-bon-rythme-des-enfants\/\" data-type=\"post\" data-id=\"396105\" rel=\"nofollow noopener\" target=\"_blank\">temps d\u2019apprentissage<\/a>\u00a0? Une p\u00e9riode propice pour d\u00e9couvrir l\u2019anglais autrement, en s\u2019amusant. C\u2019est le pari de Ga\u00eblle Lafargue-Laurent, enseignante et fondatrice de Speak\u2019idz, une structure qui organise des stages d\u2019anglais pour les enfants de quatre \u00e0 dix ans. L\u2019objectif\u00a0? Offrir une immersion linguistique naturelle et joyeuse, loin du cadre scolaire classique.<\/p>\n<p>\u00ab\u00a0Art &amp; English\u00a0\u00bb\u00a0: le th\u00e8me de l\u2019\u00e9t\u00e9 2025<\/p>\n<p>Du 7 au 18\u00a0juillet, puis du 18 au 29\u00a0ao\u00fbt, Speak\u2019idz proposera des stages estivaux plac\u00e9s sous le signe de la cr\u00e9ativit\u00e9. Le th\u00e8me choisi pour cet \u00e9t\u00e9\u00a0: \u00ab\u00a0Art &amp; English\u00a0\u00bb. Au programme\u00a0: peinture, collage, mini-exposition, chansons, jeux\u2026 le tout en anglais, bien s\u00fbr, et toujours adapt\u00e9 \u00e0 l\u2019\u00e2ge des enfants. R\u00e9partis en petits groupes, les enfants apprennent sans s\u2019en rendre compte, en manipulant, chantant, exp\u00e9rimentant. Une p\u00e9dagogie active et bienveillante qui porte ses fruits\u00a0: ils sont aujourd\u2019hui plus de 80 \u00e0 suivre les stages chaque ann\u00e9e, contre une vingtaine \u00e0 ses d\u00e9buts.<\/p>\n<p>Pour animer ces ateliers, Ga\u00eblle peut compter sur Jeff, un Am\u00e9ricain au parcours atypique \u2013 ancien salari\u00e9 chez Apple, form\u00e9 \u00e0 l\u2019animation d\u2019ateliers p\u00e9dagogiques. Ensemble, ils forment un duo compl\u00e9mentaire, misant sur l\u2019immersion totale, la bienveillance et la bonne humeur pour transmettre l\u2019anglais autrement. \u00ab\u00a0Les enfants sont capables de relier tr\u00e8s rapidement les mots aux objets, explique Ga\u00eblle. L\u2019apprentissage devient naturel quand on part de leurs centres d\u2019int\u00e9r\u00eat.\u00a0\u00bb<\/p>\n<p>Apprendre une langue, c\u2019est aussi une affaire de quotidien. Pour prolonger les bienfaits des stages, Ga\u00eblle a imagin\u00e9 Kinteraction, une box qui permet aux parents d\u2019introduire l\u2019anglais dans les routines familiales\u00a0: au moment du bain, du coucher ou du repas. L\u2019objectif\u00a0: cr\u00e9er des moments de complicit\u00e9 en anglais, sans pression, pour consolider les acquis et habituer l\u2019oreille des plus jeunes. Une application mobile viendra bient\u00f4t compl\u00e9ter le dispositif, avec un lancement pr\u00e9vu d\u00e9but 2026.<\/p>\n<p>Une p\u00e9dagogie r\u00e9compens\u00e9e<\/p>\n<p>Lors de la Foire Expo de Nancy, Ga\u00eblle Lafargue-Laurent a re\u00e7u le Troph\u00e9e Gustave, saluant l\u2019innovation de son approche. Une reconnaissance qui renforce son ambition\u00a0: briser la barri\u00e8re de la langue d\u00e8s l\u2019enfance, avec l\u00e9g\u00e8ret\u00e9 et efficacit\u00e9.<\/p>\n<p><strong>Infos pratiques\u00a0:<\/strong>\u00a0Stages Speak\u2019idz, pour les enfants de quatre\u00a0\u00e0 dix ans du 7 au 18\u00a0juillet, puis 18 au 29\u00a0ao\u00fbt 2025. Inscriptions\u00a0: speakidz.frAur\u00e9lien Annecca<\/p>\n","protected":false},"excerpt":{"rendered":"Vendredi 4\u00a0juillet 2025. L\u2019\u00e9cole ferme ses portes, les cartables sont remis\u00e9s. L\u2019heure est aux vacances d\u2019\u00e9t\u00e9. Mais si&hellip;\n","protected":false},"author":2,"featured_media":234381,"comment_status":"","ping_status":"","sticky":false,"template":"","format":"standard","meta":{"footnotes":""},"categories":[9635],"tags":[1111,11,1777,674,1011,27,775,1702,12,25],"class_list":{"0":"post-234380","1":"post","2":"type-post","3":"status-publish","4":"format-standard","5":"has-post-thumbnail","7":"category-nancy","8":"tag-actu","9":"tag-actualites","10":"tag-eu","11":"tag-europe","12":"tag-fr","13":"tag-france","14":"tag-grand-est","15":"tag-nancy","16":"tag-news","17":"tag-republique-francaise"},"share_on_mastodon":{"url":"https:\/\/pubeurope.com\/@fr\/114816005225853225","error":""},"_links":{"self":[{"href":"https:\/\/www.europesays.com\/fr\/wp-json\/wp\/v2\/posts\/234380","targetHints":{"allow":["GET"]}}],"collection":[{"href":"https:\/\/www.europesays.com\/fr\/wp-json\/wp\/v2\/posts"}],"about":[{"href":"https:\/\/www.europesays.com\/fr\/wp-json\/wp\/v2\/types\/post"}],"author":[{"embeddable":true,"href":"https:\/\/www.europesays.com\/fr\/wp-json\/wp\/v2\/users\/2"}],"replies":[{"embeddable":true,"href":"https:\/\/www.europesays.com\/fr\/wp-json\/wp\/v2\/comments?post=234380"}],"version-history":[{"count":0,"href":"https:\/\/www.europesays.com\/fr\/wp-json\/wp\/v2\/posts\/234380\/revisions"}],"wp:featuredmedia":[{"embeddable":true,"href":"https:\/\/www.europesays.com\/fr\/wp-json\/wp\/v2\/media\/234381"}],"wp:attachment":[{"href":"https:\/\/www.europesays.com\/fr\/wp-json\/wp\/v2\/media?parent=234380"}],"wp:term":[{"taxonomy":"category","embeddable":true,"href":"https:\/\/www.europesays.com\/fr\/wp-json\/wp\/v2\/categories?post=234380"},{"taxonomy":"post_tag","embeddable":true,"href":"https:\/\/www.europesays.com\/fr\/wp-json\/wp\/v2\/tags?post=234380"}],"curies":[{"name":"wp","href":"https:\/\/api.w.org\/{rel}","templated":true}]}}