{"id":234389,"date":"2025-07-08T05:45:13","date_gmt":"2025-07-08T05:45:13","guid":{"rendered":"https:\/\/www.europesays.com\/fr\/234389\/"},"modified":"2025-07-08T05:45:13","modified_gmt":"2025-07-08T05:45:13","slug":"la-fete-et-les-coulisses-a-suivre-en-direct","status":"publish","type":"post","link":"https:\/\/www.europesays.com\/fr\/234389\/","title":{"rendered":"la f\u00eate et les coulisses \u00e0 suivre en direct"},"content":{"rendered":"<p>            Par<br \/>\n        <strong><br \/>\n            <a href=\"https:\/\/actu.fr\/auteur\/julien-bouteiller\" title=\"Consulter tous les articles de Julien Bouteiller\" rel=\"nofollow noopener\" target=\"_blank\">Julien Bouteiller<\/a><br \/>\n        <\/strong><\/p>\n<p>        Publi\u00e9 le<\/p>\n<p>            8 juil. 2025 \u00e0 7h04        <\/p>\n<p>C\u2019est l\u2019\u00e9v\u00e9nement de ce d\u00e9but d\u2019\u00e9t\u00e9. La quatri\u00e8me \u00e9tape <a href=\"https:\/\/actu.fr\/tag\/tour-de-france\" rel=\"nofollow noopener\" target=\"_blank\">du Tour de France<\/a> <strong>se terminera \u00e0 Rouen, apr\u00e8s un d\u00e9part d\u2019Amiens.\u00a0<\/strong><\/p>\n<p class=\" wall-content\">Toute la journ\u00e9e,<strong> la r\u00e9daction de\u00a076actu sera mobilis\u00e9e<\/strong> pour vous faire vivre les coulisses, les insolites, les bons moments de cette f\u00eate du v\u00e9lo dans la capitale normande.<\/p>\n<p class=\" wall-content\"><strong>EN DIRECT. Suivez le passage du Tour de France \u00e0 Rouen<\/strong><\/p>\n<p class=\" wall-content\"><strong>07h15 \u2013 Mais au fait, combien \u00e7a co\u00fbte de faire venir le Tour ?<\/strong><\/p>\n<p class=\" wall-content\">Depuis 2012, la Grande Boucle avait boud\u00e9 la cit\u00e9 normande. Mais alors, faire venir le tour de France \u00e0 Rouen, combien \u00e7a co\u00fbte financi\u00e8rement\u2009? Et est-ce que \u00e7a rapporte des sous\u2009? <a href=\"https:\/\/actu.fr\/normandie\/rouen_76540\/economie-faire-venir-le-tour-de-france-a-rouen-combien-ca-coute-et-ce-que-ca-rapporte_62762043.html\" rel=\"nofollow noopener\" target=\"_blank\">On vous explique tout<\/a>.<\/p>\n<p class=\" wall-content\"><strong>07h00 \u2013 Nos infos pratiques pour cette journ\u00e9e du Tour de France<\/strong><\/p>\n<p class=\" wall-content\">\u2022 <a href=\"https:\/\/actu.fr\/normandie\/rouen_76540\/tour-de-france-2025-a-rouen-voici-ou-on-ne-pourra-pas-circuler-et-se-garer-des-le-2-juillet_62761195.html\" rel=\"nofollow noopener\" target=\"_blank\">Se garer, circuler\u2026 Tout ce qu\u2019il faut savoir pour le passage du Tour \u00e0 Rouen<\/a><\/p>\n<p class=\" wall-content\">\u2022 <a href=\"https:\/\/actu.fr\/normandie\/rouen_76540\/carte-parcours-meilleurs-emplacements-voici-ou-voir-le-tour-de-france-a-rouen_62753651.html\" rel=\"nofollow noopener\" target=\"_blank\">Parcours et emplacements : nos id\u00e9es de spots pour suivre le passage du Tour<\/a><\/p>\n<p class=\" wall-content\">\u2022 <a href=\"https:\/\/actu.fr\/normandie\/romilly-sur-andelle_27493\/tour-de-france-2025-des-experts-du-velo-decryptent-la-4e-etape-entre-amiens-et-rouen_62874405.html\" rel=\"nofollow noopener\" target=\"_blank\">Des experts du v\u00e9lo d\u00e9cryptent la quatri\u00e8me \u00e9tape entre Amiens et Rouen<\/a><\/p>\n<p>Vid\u00e9os : en ce moment sur Actu<\/p>\n<p class=\" wall-content\">\u2022 <a href=\"https:\/\/actu.fr\/normandie\/les-andelys_27016\/tour-de-france-2025-comment-circuler-dans-leure-mardi-8-juillet_62847439.html\" rel=\"nofollow noopener\" target=\"_blank\">Le Tour passera aussi par l\u2019Eure : comment circuler l\u00e0-bas ce mardi ?<\/a><\/p>\n<p>Suivez l\u2019actualit\u00e9 de Rouen <a href=\"https:\/\/www.whatsapp.com\/channel\/0029VaKfnf99hXF2ddApFB1D\" rel=\"nofollow noopener\" target=\"_blank\">sur notre cha\u00eene WhatsApp<\/a> et <a href=\"https:\/\/www.tiktok.com\/@76actu.fr?lang=fr\" rel=\"nofollow noopener\" target=\"_blank\">sur notre compte TikTok<\/a><\/p>\n<p class=\" wall-content\">Suivez toute l\u2019actualit\u00e9 de vos villes et m\u00e9dias favoris en vous inscrivant \u00e0 <a href=\"https:\/\/moncompte.actu.fr\" title=\"D\u00e9couvez Mon Actu\" rel=\"nofollow noopener\" data-trk=\"{&quot;cta&quot;:{&quot;action&quot;:&quot;https:\\\/\\\/moncompte.actu.fr&quot;,&quot;category&quot;:&quot;mon compte&quot;,&quot;from&quot;:&quot;article footer&quot;,&quot;name&quot;:&quot;Mon actu&quot;,&quot;type&quot;:&quot;cta&quot;}}\" target=\"_blank\">Mon Actu<\/a>.<\/p>\n<ul class=\"ac-article-tag wall-content\">\n<li><a href=\"https:\/\/actu.fr\/tag\/tour-de-france\" data-trk=\"{&quot;cta&quot;:{&quot;action&quot;:&quot;Tour de France&quot;,&quot;category&quot;:&quot;tag&quot;,&quot;from&quot;:&quot;article footer&quot;,&quot;name&quot;:&quot;Tour de France&quot;,&quot;type&quot;:&quot;cta&quot;}}\" rel=\"nofollow noopener\" target=\"_blank\">#Tour de France<\/a><\/li>\n<li><a href=\"https:\/\/actu.fr\/tag\/tour-de-france-2025\" data-trk=\"{&quot;cta&quot;:{&quot;action&quot;:&quot;Tour de France 2025&quot;,&quot;category&quot;:&quot;tag&quot;,&quot;from&quot;:&quot;article footer&quot;,&quot;name&quot;:&quot;Tour de France 2025&quot;,&quot;type&quot;:&quot;cta&quot;}}\" rel=\"nofollow noopener\" target=\"_blank\">#Tour de France 2025<\/a><\/li>\n<\/ul>\n<p>                    <script async src=\"\/\/www.tiktok.com\/embed.js\"><\/script><\/p>\n","protected":false},"excerpt":{"rendered":"Par Julien Bouteiller Publi\u00e9 le 8 juil. 2025 \u00e0 7h04 C\u2019est l\u2019\u00e9v\u00e9nement de ce d\u00e9but d\u2019\u00e9t\u00e9. La quatri\u00e8me&hellip;\n","protected":false},"author":2,"featured_media":234390,"comment_status":"","ping_status":"","sticky":false,"template":"","format":"standard","meta":{"footnotes":""},"categories":[9587],"tags":[1111,11,207,1777,674,1011,27,12,5161,25,9590,60,210,2116],"class_list":{"0":"post-234389","1":"post","2":"type-post","3":"status-publish","4":"format-standard","5":"has-post-thumbnail","7":"category-rouen","8":"tag-actu","9":"tag-actualites","10":"tag-cyclisme","11":"tag-eu","12":"tag-europe","13":"tag-fr","14":"tag-france","15":"tag-news","16":"tag-normandie","17":"tag-republique-francaise","18":"tag-rouen","19":"tag-sports","20":"tag-tour-de-france","21":"tag-tour-de-france-2025"},"share_on_mastodon":{"url":"https:\/\/pubeurope.com\/@fr\/114816032624957399","error":""},"_links":{"self":[{"href":"https:\/\/www.europesays.com\/fr\/wp-json\/wp\/v2\/posts\/234389","targetHints":{"allow":["GET"]}}],"collection":[{"href":"https:\/\/www.europesays.com\/fr\/wp-json\/wp\/v2\/posts"}],"about":[{"href":"https:\/\/www.europesays.com\/fr\/wp-json\/wp\/v2\/types\/post"}],"author":[{"embeddable":true,"href":"https:\/\/www.europesays.com\/fr\/wp-json\/wp\/v2\/users\/2"}],"replies":[{"embeddable":true,"href":"https:\/\/www.europesays.com\/fr\/wp-json\/wp\/v2\/comments?post=234389"}],"version-history":[{"count":0,"href":"https:\/\/www.europesays.com\/fr\/wp-json\/wp\/v2\/posts\/234389\/revisions"}],"wp:featuredmedia":[{"embeddable":true,"href":"https:\/\/www.europesays.com\/fr\/wp-json\/wp\/v2\/media\/234390"}],"wp:attachment":[{"href":"https:\/\/www.europesays.com\/fr\/wp-json\/wp\/v2\/media?parent=234389"}],"wp:term":[{"taxonomy":"category","embeddable":true,"href":"https:\/\/www.europesays.com\/fr\/wp-json\/wp\/v2\/categories?post=234389"},{"taxonomy":"post_tag","embeddable":true,"href":"https:\/\/www.europesays.com\/fr\/wp-json\/wp\/v2\/tags?post=234389"}],"curies":[{"name":"wp","href":"https:\/\/api.w.org\/{rel}","templated":true}]}}