{"id":23439,"date":"2025-04-14T01:36:24","date_gmt":"2025-04-14T01:36:24","guid":{"rendered":"https:\/\/www.europesays.com\/fr\/23439\/"},"modified":"2025-04-14T01:36:24","modified_gmt":"2025-04-14T01:36:24","slug":"moto-gp-le-programme-tv-du-gp-daustralie-2024","status":"publish","type":"post","link":"https:\/\/www.europesays.com\/fr\/23439\/","title":{"rendered":"Moto GP &#8211; Le programme TV du GP d&rsquo;Australie 2024\u00a0"},"content":{"rendered":"<p itemprop=\"description\">Ici, vous retrouverez le programme TV complet pour le Grand-Prix d&rsquo;Australie 2024 en MotoGP, Moto 2 et Moto 3. <\/p>\n<p>Lors du Grand Prix du Japon, il y a trois semaines, nous avons v\u00e9cu une <strong>course intense<\/strong>, marqu\u00e9e par la performance XXL de <strong>Francesco Bagnaia<\/strong>, qui a su s\u00a0\u00bbimposer sur le circuit de Motegi. Cette victoire lui permet de se rapprocher de Jorge Mart\u00edn au classement du championnat pilote. Ce dernier, qui a termin\u00e9 \u00e0 la deuxi\u00e8me place, conserve tout de m\u00eame 10 points d\u2019avance sur lui au g\u00e9n\u00e9ral. Mart\u00edn, apr\u00e8s une frayeur en fin de course, a d\u00fb ralentir pour <strong>pr\u00e9server ses points<\/strong>.<br \/>Marc M\u00e1rquez a \u00e9galement brill\u00e9 en compl\u00e9tant le podium, enregistrant ainsi son <strong>huiti\u00e8me top 3<\/strong> de la saison. La course sprint de samedi avait d\u00e9j\u00e0 donn\u00e9 le ton, avec Bagnaia en t\u00eate, suivi d&rsquo;Enea Bastianini et d&rsquo;un Mart\u00edn en quatri\u00e8me position. Malgr\u00e9 une belle remont\u00e9e apr\u00e8s \u00eatre parti de la 11e position, Mart\u00edn a rencontr\u00e9 une <strong>difficult\u00e9 au dixi\u00e8me tour<\/strong> qui l\u2019a contraint \u00e0 ralentir. La lutte pour le titre est donc plus intense que jamais, avec seulement quatre courses restantes. Alors que les pilotes se dirigent vers le Grand Prix d&rsquo;Australie ce week-end, l&rsquo;excitation monte et chaque point sera crucial dans cette <strong>bataille acharn\u00e9e<\/strong> entre Bagnaia et Mart\u00edn.\u00a0<\/p>\n<p>    Programme complet de ce week-end en Australie \u00a0 <\/p>\n<p><strong>Vendredi 18 octobre 2024<\/strong><br \/>Essais Libres Moto 3 \u00e0 <strong>23 h 45 <\/strong><br \/>Essais Libres Moto 2 \u00e0 <strong>00 h 35<\/strong><br \/>Essais Libres 1 Moto GP \u00e0 <strong>01 h 45<\/strong><br \/>Essais 1 Moto 3 \u00e0 <strong>04 h 15<\/strong><br \/>Essais 1 Moto 2 \u00e0 <strong>05 h 05<\/strong><br \/>Essais Moto GP \u00e0 <strong>06 h 00<\/strong><br \/><strong>Samedi 19 octobre 2024<\/strong><br \/>Essais 2 Moto 3 \u00e0 <strong>23 h 40 <\/strong>(Canal+ Sport 360)<br \/>Essais 2 Moto 2 \u00e0 <strong>00 h 25<\/strong> (Canal+ Sport 360)<br \/>Essais Libres 2 Moto GP \u00e0 <strong>01 h 10<\/strong> (Canal+ Sport 360)<br \/>Qualifications 1 Moto GP \u00e0 <strong>01 h 50 <\/strong>(Canal+ Sport 360)<br \/>Qualifications 2 Moto GP \u00e0 <strong>02 h 30 <\/strong>(Canal+ Sport 360)<br \/>Qualifications 1 Moto 3 \u00e0 <strong>03 h 50 <\/strong>(Canal+ Sport 360)<br \/>Qualifications 2 Moto 3 \u00e0 <strong>04 h 05 <\/strong>(Canal+ Sport 360)<br \/>Qualifications 1 Moto 2 \u00e0 <strong>04 h 45 <\/strong>(Canal+ Sport 360)<br \/>Qualifications 2 Moto 2 \u00e0 <strong>05 h 00 <\/strong>(Canal+ Sport 360)<br \/>Sprint Moto GP \u00e0 <strong>06 h 00<\/strong> (13 tours) (Canal+ Sport 360)<br \/><strong>Dimanche 20 octobre 2024<\/strong><br \/>Warm-up Moto GP \u00e0 <strong>00 h 40<\/strong><br \/>Course Moto 3 \u00e0 <strong>02 h 00<\/strong> (21 tours)<br \/>Course Moto 2 \u00e0 <strong>03 h 15<\/strong> (23 tours)<br \/>Grand Prix d&rsquo;Australie Moto GP \u00e0 <strong>05 h 00<\/strong> (27 tours) (Canal+)\u00a0<\/p>\n","protected":false},"excerpt":{"rendered":"Ici, vous retrouverez le programme TV complet pour le Grand-Prix d&rsquo;Australie 2024 en MotoGP, Moto 2 et Moto&hellip;\n","protected":false},"author":2,"featured_media":23440,"comment_status":"","ping_status":"","sticky":false,"template":"","format":"standard","meta":{"footnotes":""},"categories":[1413],"tags":[1011,27,1638,1457,1456,60],"class_list":{"0":"post-23439","1":"post","2":"type-post","3":"status-publish","4":"format-standard","5":"has-post-thumbnail","7":"category-moto","8":"tag-fr","9":"tag-france","10":"tag-has_diapo","11":"tag-moto","12":"tag-motocycle","13":"tag-sports"},"share_on_mastodon":{"url":"https:\/\/pubeurope.com\/@fr\/114333757123738773","error":""},"_links":{"self":[{"href":"https:\/\/www.europesays.com\/fr\/wp-json\/wp\/v2\/posts\/23439","targetHints":{"allow":["GET"]}}],"collection":[{"href":"https:\/\/www.europesays.com\/fr\/wp-json\/wp\/v2\/posts"}],"about":[{"href":"https:\/\/www.europesays.com\/fr\/wp-json\/wp\/v2\/types\/post"}],"author":[{"embeddable":true,"href":"https:\/\/www.europesays.com\/fr\/wp-json\/wp\/v2\/users\/2"}],"replies":[{"embeddable":true,"href":"https:\/\/www.europesays.com\/fr\/wp-json\/wp\/v2\/comments?post=23439"}],"version-history":[{"count":0,"href":"https:\/\/www.europesays.com\/fr\/wp-json\/wp\/v2\/posts\/23439\/revisions"}],"wp:featuredmedia":[{"embeddable":true,"href":"https:\/\/www.europesays.com\/fr\/wp-json\/wp\/v2\/media\/23440"}],"wp:attachment":[{"href":"https:\/\/www.europesays.com\/fr\/wp-json\/wp\/v2\/media?parent=23439"}],"wp:term":[{"taxonomy":"category","embeddable":true,"href":"https:\/\/www.europesays.com\/fr\/wp-json\/wp\/v2\/categories?post=23439"},{"taxonomy":"post_tag","embeddable":true,"href":"https:\/\/www.europesays.com\/fr\/wp-json\/wp\/v2\/tags?post=23439"}],"curies":[{"name":"wp","href":"https:\/\/api.w.org\/{rel}","templated":true}]}}