{"id":234393,"date":"2025-07-08T05:47:16","date_gmt":"2025-07-08T05:47:16","guid":{"rendered":"https:\/\/www.europesays.com\/fr\/234393\/"},"modified":"2025-07-08T05:47:16","modified_gmt":"2025-07-08T05:47:16","slug":"grenoble-encore-confirmee-comme-lanterne-rouge-pour-la-securite","status":"publish","type":"post","link":"https:\/\/www.europesays.com\/fr\/234393\/","title":{"rendered":"GRENOBLE ENCORE CONFIRM\u00c9E COMME LANTERNE ROUGE POUR LA S\u00c9CURIT\u00c9"},"content":{"rendered":"<p>Posted On 8 juillet 2025 <\/p>\n<p style=\"text-align: justify;\"><a target=\"_blank\" href=\"https:\/\/www.valeursactuelles.com\/clubvaleurs\/societe\/le-palmares-2025-des-villes-les-plus-sures-de-france\" rel=\"noopener\">Le dernier classement de Valeurs Actuelles<\/a> place Grenoble \u00e0 la derni\u00e8re place des grandes villes de France pour la s\u00e9curit\u00e9. Un bilan calamiteux qui, loin d&rsquo;\u00eatre une surprise, confirme une nouvelle fois cette violence du quotidien subie par les Grenoblois.<\/p>\n<p><b>GRENOBLE CHAMPIONNE TOUTES CAT\u00c9GORIES DE L&rsquo;INS\u00c9CURIT\u00c9<\/b><\/p>\n<p style=\"text-align: justify;\">Le palmar\u00e8s 2025 des villes les plus s\u00fbres de France, <a target=\"_blank\" href=\"https:\/\/docs.google.com\/spreadsheets\/d\/1cHJnXb7uyxuYAdc0O9HU9DDMyUiaWJpKp4Rt8fEUsHs\/edit?ouid=110129458026704982086&amp;usp=sheets_home&amp;ths=true\" rel=\"noopener\">publi\u00e9 par Valeurs Actuelles<\/a>, est \u00e0 nouveau une purge pour notre ville. Sur 119 communes, Grenoble d\u00e9croche&#8230; la derni\u00e8re place, avec la note fam\u00e9lique de 6,06 sur 20. La ville se distingue particuli\u00e8rement par son taux de cambriolages, les vols (de v\u00e9hicules, sans violences, avec violences..) ou encore les coups et blessures. Une nouvelle confirmation du fait que <a href=\"https:\/\/grenoble-le-changement.fr\/2025\/04\/09\/insecurite-toutes-les-stats-qui-confirment-que-grenoble-est-n1\/\" target=\"_blank\" rel=\"noopener\">nous sommes les n\u00b01 en France pour l&rsquo;ins\u00e9curit\u00e9<\/a> et que ce n&rsquo;est pas partout pareil.<\/p>\n<p><a href=\"https:\/\/i1.wp.com\/grenoble-le-changement.fr\/wp-content\/uploads\/2025\/04\/coups-et-blessures-volontaires.png?ssl=1\" rel=\"lightbox[83142] noopener\" target=\"_blank\"><img loading=\"lazy\" decoding=\"async\" class=\" wp-image-81134 jetpack-lazy-image\" src=\"https:\/\/i1.wp.com\/grenoble-le-changement.fr\/wp-content\/uploads\/2025\/04\/coups-et-blessures-volontaires.png?resize=521%2C365&amp;ssl=1\" alt=\"\" width=\"521\" height=\"365\" data-recalc-dims=\"1\" data-lazy-src=\"https:\/\/www.europesays.com\/fr\/wp-content\/uploads\/2025\/07\/coups-et-blessures-volontaires.png\" \/><\/a>En vert, l&rsquo;\u00e9volution des coups et blessures volontaires \u00e0 Grenoble entre 2016 et 2024&#8230;<\/p>\n<p>\u00a0<\/p>\n<p><strong>NUMB\u00c9O CONFIRME LE D\u00c9SASTRE GRENOBLOIS<\/strong><\/p>\n<p style=\"text-align: justify;\">Et comme si une humiliation ne suffisait pas<a target=\"_blank\" href=\"https:\/\/fr.numbeo.com\/criminalit%C3%A9\/classements-actuels-pour-la-r%C3%A9gion?region=150\" rel=\"noopener\">, le classement europ\u00e9en du site Numbeo<\/a> enfonce le clou. Sur 149 villes europ\u00e9ennes, Grenoble se classe 6\u00e8me ville la plus criminog\u00e8ne, juste derri\u00e8re Naples et devant Montpellier. Avec un indice de criminalit\u00e9 de 61,36, elle devance des villes comme Paris, Lyon ou encore Bruxelles. Ce classement, bas\u00e9 sur le ressenti des habitants, t\u00e9moigne du climat anxiog\u00e8nes qui s&rsquo;est durablement install\u00e9 dans la ville.<\/p>\n<p><strong>UNE VIOLENCE QUOTIDIENNE DEVENUE BANALE<\/strong><\/p>\n<p style=\"text-align: justify;\">Les faits divers qui \u00e9maillent l&rsquo;actualit\u00e9 en sont la triste illustration. Ces derni\u00e8res semaines, un homme a \u00e9t\u00e9 <a target=\"_blank\" href=\"https:\/\/c.ledauphine.com\/faits-divers-justice\/2025\/07\/07\/il-lui-donne-un-coup-de-couteau-pour-lui-voler-son-telephone\" rel=\"noopener\">poignard\u00e9 pour son t\u00e9l\u00e9phone pr\u00e8s de la gare<\/a>, un CRS bless\u00e9 \u00e0 Mistral parce qu&rsquo;on lui a <a target=\"_blank\" href=\"https:\/\/c.ledauphine.com\/faits-divers-justice\/2025\/07\/04\/a-trottinette-il-fonce-volontairement-sur-un-crs-dans-le-quartier-mistral\" rel=\"noopener\">fonc\u00e9 dessus \u00e0 trottinette<\/a>, un autre bless\u00e9 par balle, un individu a \u00e9t\u00e9 lac\u00e9r\u00e9 de coups de couteau \u00e0 la Villeneuve et <a target=\"_blank\" href=\"https:\/\/c.ledauphine.com\/faits-divers-justice\/2025\/06\/29\/un-homme-blesse-a-l-arme-blanche-et-un-autre-par-balle-dans-la-meme-soiree\" rel=\"noopener\">le m\u00eame soir un autre bless\u00e9 par balle<\/a>, la police a encore \u00e9t\u00e9 <a target=\"_blank\" href=\"https:\/\/c.ledauphine.com\/faits-divers-justice\/2025\/07\/07\/un-adolescent-arrete-apres-des-tirs-de-mortier-d-artifice-sur-la-police-a-l-arlequin\" rel=\"noopener\">vis\u00e9e par des tirs de mortier<\/a> ce week-end&#8230; <a target=\"_blank\" href=\"https:\/\/c.ledauphine.com\/faits-divers-justice\/2025\/06\/11\/isere-grenoble-un-adolescent-blesse-par-balle-la-guerre-des-points-de-deal-semble-avoir-repris\" rel=\"noopener\">Vanessa Laime du Dauphin\u00e9 Lib\u00e9r\u00e9<\/a> note que la \u00ab\u00a0guerre des points de deal semble avoir repris de plus belle\u00a0\u00bb.\u00a0<\/p>\n<p><b>DES FAMILLES BRIS\u00c9ES PAR LES DEALERS<\/b><\/p>\n<p style=\"text-align: justify;\">Derri\u00e8re les statistiques, il y a des drames humains. <a target=\"_blank\" href=\"https:\/\/c.ledauphine.com\/faits-divers-justice\/2025\/06\/12\/parce-que-mon-frere-leur-doit-de-l-argent-des-dealers-persecutent-notre-famille-menaces-agressions-appartements-incendies\" rel=\"noopener\">Le Dauphin\u00e9 Lib\u00e9r\u00e9<\/a><a target=\"_blank\" href=\"https:\/\/c.ledauphine.com\/faits-divers-justice\/2025\/06\/12\/parce-que-mon-frere-leur-doit-de-l-argent-des-dealers-persecutent-notre-famille-menaces-agressions-appartements-incendies\" rel=\"noopener\"> relatait r\u00e9cemment<\/a> le calvaire d&rsquo;une famille pers\u00e9cut\u00e9e par des dealers \u00e0 cause d&rsquo;une dette de 47 000 euros d&rsquo;un membre de leur famille qui a quitt\u00e9 la France et \u00e0 qui ils ont coup\u00e9 les ponts. Menaces, agressions physiques, jusqu&rsquo;\u00e0 l&rsquo;incendie de leur appartement, ces Grenoblois vivent un v\u00e9ritable enfer. Rou\u00e9e de coups, l&rsquo;une des victimes a subi un traumatisme cr\u00e2nien. Un harc\u00e8lement qui montre la toute-puissance des trafiquants et leur capacit\u00e9 \u00e0 briser des vies en toute impunit\u00e9.<\/p>\n<p>\u00a0<\/p>\n<p><strong>QUAND LA GANGR\u00c8NE ATTEINT LES INSTITUTIONS<\/strong><\/p>\n<p style=\"text-align: justify;\">L&#8217;emprise de la d\u00e9linquance est telle que la gangr\u00e8ne semble s&rsquo;\u00e9tendre aux institutions m\u00eames. <a target=\"_blank\" href=\"https:\/\/c.ledauphine.com\/faits-divers-justice\/2025\/06\/26\/isere-info-le-dauphine-libere-y-a-t-il-des-policiers-corrompus-a-grenoble-une-enquete-est-ouverte\" rel=\"noopener\">Une enqu\u00eate a \u00e9t\u00e9 ouverte sur des soup\u00e7ons de fuites<\/a> au sein de la police, qui auraient permis \u00e0 des dealers d&rsquo;\u00e9chapper \u00e0 un coup de filet \u00e0 Saint-Bruno. Cette porosit\u00e9 fait \u00e9cho \u00e0 <a href=\"https:\/\/grenoble-le-changement.fr\/2025\/06\/15\/linquietante-penetration-des-mafias-dans-les-organismes-publics\/\" target=\"_blank\" rel=\"noopener\">l&rsquo;inqui\u00e9tante p\u00e9n\u00e9tration des mafias dans les organismes publics<\/a>, comme l&rsquo;a r\u00e9v\u00e9l\u00e9 une autre affaire o\u00f9 l&rsquo;adresse d&rsquo;une famille harcel\u00e9e a fuit\u00e9, vraisemblablement depuis un bailleur social.<\/p>\n<p><strong>OLIVIER BERTRAND (Verts\/ADES), L&rsquo;\u00c9LU QUI \u00ab\u00a0NE PEUT RIEN FAIRE\u00a0\u00bb<\/strong><\/p>\n<p style=\"text-align: justify;\">Pas suffisant pour que la municipalit\u00e9 se r\u00e9veille. L&rsquo;adjoint en charge du secteur 1 (Saint-Bruno), Olivier Bertrand (pilier des Verts\/ADES), assume n&rsquo;avoir aucune volont\u00e9. <a target=\"_blank\" href=\"https:\/\/c.ledauphine.com\/societe\/2025\/06\/28\/deal-et-delinquance-a-saint-bruno-la-lutte-d-un-collectif-d-habitants-pour-transformer-la-place\" rel=\"noopener\">Interrog\u00e9 sur le r\u00e9am\u00e9nagement de la place pour lutter contre le deal<\/a>, il se d\u00e9fausse en expliquant que la ville n&rsquo;a \u00ab\u00a0pas la possibilit\u00e9, avec les moyens municipaux, d&rsquo;aller lutter contre le trafic\u00a0\u00bb. Ils ne s&#8217;embarrassent m\u00eame plus de faire semblant, t\u00e9moignage d&rsquo;un m\u00e9pris total pour les Grenoblois qui souffrent.<\/p>\n<p><strong>L&rsquo;INACTION EST UN CHOIX POLITIQUE<\/strong><\/p>\n<p style=\"text-align: justify;\">Ce ne sont pourtant pas les leviers d\u2019action qui manquent que la municipalit\u00e9 prenne sa part dans la chaine de s\u00e9curit\u00e9. Plut\u00f4t que de pleurer son impuissance, elle pourrait commencer par renforcer une police municipale d\u00e9capit\u00e9e par les d\u00e9parts et qu&rsquo;elle refuse d&rsquo;armer, et la doter des cam\u00e9ras de vid\u00e9oprotection et du PC op\u00e9rationnel qui font cruellement d\u00e9faut. Elle pourrait aussi, comme le r\u00e9clame le groupe d&rsquo;Alain Carignon, <a href=\"https:\/\/grenoble-le-changement.fr\/2024\/11\/28\/la-politique-du-logement-terreau-de-la-delinquance-a-grenoble-1-2\/\" target=\"_blank\" rel=\"noopener\">se d\u00e9cider \u00e0 contr\u00f4ler l&rsquo;attribution des logements sociaux<\/a> pour \u00e9viter de loger les dealers.<\/p>\n<p>Tirs de mortiers contre la police \u00e0 la Villeneuve ce week-end&#8230;<\/p>\n<p><strong>L&rsquo;INCURIE MUNICIPALE ILLUSTR\u00c9E PAR L&rsquo;EXEMPLE DU PASSAGE DU MARCH\u00c9<\/strong><\/p>\n<p style=\"text-align: justify;\">Autant d&rsquo;actions qui permettraient de seconder la police nationale et de participer \u00e0 l&rsquo;effort collectif de lutte contre l&rsquo;ins\u00e9curit\u00e9. Mais que peut-on esp\u00e9rer de la part d&rsquo;\u00e9lus non seulement aveugles pour des raisons id\u00e9ologiques, mais qui s&rsquo;illustrent aussi par un manque de volont\u00e9 tellement flagrant qu&rsquo;ils s&rsquo;av\u00e8rent incapables en raison de \u00ab\u00a0probl\u00e8mes administratifs\u00a0\u00bb de pousser pour la simple fermeture d&rsquo;<a target=\"_blank\" href=\"https:\/\/c.ledauphine.com\/societe\/2025\/07\/03\/isere-grenoble-fermeture-du-passage-du-marche-a-saint-bruno-ou-en-est-le-projet?login=1\" rel=\"noopener\">un passage plaque tournante du trafic \u00e0 Saint-Bruno<\/a>, pr\u00e8s de la biblioth\u00e8que ?<\/p>\n<p><strong>LES VERTS\/LFI IMPLACABLES&#8230; CONTRE LEURS PROPRES POLICIERS<\/strong><\/p>\n<p style=\"text-align: justify;\">Mais la municipalit\u00e9 sait se montrer d&rsquo;une fermet\u00e9 implacable&#8230; contre ses propres policiers municipaux. <a href=\"https:\/\/grenoble-le-changement.fr\/2025\/07\/05\/deux-policiers-municipaux-lourdement-sanctionnes-pour-avoir-fait-leur-travail\/\" target=\"_blank\" rel=\"noopener\">Comme nous le r\u00e9v\u00e9lions ce week-end<\/a>, deux eux agents ont \u00e9t\u00e9 lourdement sanctionn\u00e9s, avec 24 et 6 mois de mise \u00e0 pied sans salaire, pour avoir suivi \u00e0 distance un automobiliste ayant commis plusieurs infractions et un refus d&rsquo;obtemp\u00e9rer, hors des limites de Grenoble ! Pendant ce temps, la d\u00e9linquance prosp\u00e8re et n&rsquo;est pas inqui\u00e9t\u00e9e. La folie du syst\u00e8me Verts\/LFI.<\/p>\n<p><strong>R\u00c9\u00c9LIRE LES VERTS\/LFI, C&rsquo;EST FAIRE LE CHOIX DU PIRE POUR LA S\u00c9CURIT\u00c9<\/strong><\/p>\n<p style=\"text-align: justify;\"><a target=\"_blank\" href=\"https:\/\/x.com\/BFMTV\/status\/1941835280417235320\">Sur BFM TV ces derniers jours<\/a>, Mathilde Panot, d\u00e9put\u00e9e cadre de La France Insoumise, a expliqu\u00e9 tr\u00e8s clairement que \u00ab\u00a0les maires LFI \u00e9lus lors des prochaines municipales d\u00e9sarmeront la police municipale et d\u00e9mant\u00e8leront la vid\u00e9osurveillance\u00a0\u00bb. \u00c7a a le m\u00e9rite d&rsquo;\u00eatre limpide quant \u00e0 la cible \u00e9lectorale des Insoumis avec ce genre de prise de position.<\/p>\n<p><a href=\"https:\/\/i1.wp.com\/grenoble-le-changement.fr\/wp-content\/uploads\/2025\/07\/panot-police-municipale.png?ssl=1\" rel=\"lightbox[83142] noopener\" target=\"_blank\"><img loading=\"lazy\" decoding=\"async\" class=\"wp-image-83173 aligncenter jetpack-lazy-image\" src=\"https:\/\/i1.wp.com\/grenoble-le-changement.fr\/wp-content\/uploads\/2025\/07\/panot-police-municipale.png?resize=531%2C377&amp;ssl=1\" alt=\"\" width=\"531\" height=\"377\" data-recalc-dims=\"1\" data-lazy-src=\"https:\/\/www.europesays.com\/fr\/wp-content\/uploads\/2025\/07\/panot-police-municipale.png\" \/><\/a><\/p>\n<p style=\"text-align: justify;\">Et \u00e7a a le m\u00e9rite d&rsquo;\u00eatre clair pour les Grenoblois : r\u00e9\u00e9lire les Verts\/LFI sortants et ceux qui se mettent dans leur roue en esp\u00e9rant des postes, c&rsquo;est engager Grenoble sur le chemin du pire en mati\u00e8re de s\u00e9curit\u00e9 avec un d\u00e9mant\u00e8lement du peu de cam\u00e9ras encore fonctionnelles.\u00a0<\/p>\n","protected":false},"excerpt":{"rendered":"Posted On 8 juillet 2025 Le dernier classement de Valeurs Actuelles place Grenoble \u00e0 la derni\u00e8re place des&hellip;\n","protected":false},"author":2,"featured_media":234394,"comment_status":"","ping_status":"","sticky":false,"template":"","format":"standard","meta":{"footnotes":""},"categories":[9566],"tags":[1111,11,9601,2430,9607,1777,674,1011,27,2731,14552,12,15454,25,37304],"class_list":{"0":"post-234393","1":"post","2":"type-post","3":"status-publish","4":"format-standard","5":"has-post-thumbnail","7":"category-grenoble","8":"tag-actu","9":"tag-actualites","10":"tag-alain-carignon","11":"tag-auvergne-rhone-alpes","12":"tag-eric-piolle","13":"tag-eu","14":"tag-europe","15":"tag-fr","16":"tag-france","17":"tag-grenoble","18":"tag-mathilde-panot","19":"tag-news","20":"tag-olivier-bertrand","21":"tag-republique-francaise","22":"tag-vanessa-laime"},"share_on_mastodon":{"url":"https:\/\/pubeurope.com\/@fr\/114816040891205790","error":""},"_links":{"self":[{"href":"https:\/\/www.europesays.com\/fr\/wp-json\/wp\/v2\/posts\/234393","targetHints":{"allow":["GET"]}}],"collection":[{"href":"https:\/\/www.europesays.com\/fr\/wp-json\/wp\/v2\/posts"}],"about":[{"href":"https:\/\/www.europesays.com\/fr\/wp-json\/wp\/v2\/types\/post"}],"author":[{"embeddable":true,"href":"https:\/\/www.europesays.com\/fr\/wp-json\/wp\/v2\/users\/2"}],"replies":[{"embeddable":true,"href":"https:\/\/www.europesays.com\/fr\/wp-json\/wp\/v2\/comments?post=234393"}],"version-history":[{"count":0,"href":"https:\/\/www.europesays.com\/fr\/wp-json\/wp\/v2\/posts\/234393\/revisions"}],"wp:featuredmedia":[{"embeddable":true,"href":"https:\/\/www.europesays.com\/fr\/wp-json\/wp\/v2\/media\/234394"}],"wp:attachment":[{"href":"https:\/\/www.europesays.com\/fr\/wp-json\/wp\/v2\/media?parent=234393"}],"wp:term":[{"taxonomy":"category","embeddable":true,"href":"https:\/\/www.europesays.com\/fr\/wp-json\/wp\/v2\/categories?post=234393"},{"taxonomy":"post_tag","embeddable":true,"href":"https:\/\/www.europesays.com\/fr\/wp-json\/wp\/v2\/tags?post=234393"}],"curies":[{"name":"wp","href":"https:\/\/api.w.org\/{rel}","templated":true}]}}