{"id":234395,"date":"2025-07-08T05:48:09","date_gmt":"2025-07-08T05:48:09","guid":{"rendered":"https:\/\/www.europesays.com\/fr\/234395\/"},"modified":"2025-07-08T05:48:09","modified_gmt":"2025-07-08T05:48:09","slug":"a-rennes-le-specialiste-de-lia-pour-lagriculture-dilepix-change-de-main","status":"publish","type":"post","link":"https:\/\/www.europesays.com\/fr\/234395\/","title":{"rendered":"\u00c0 Rennes, le sp\u00e9cialiste de l\u2019IA pour l\u2019agriculture Dilepix change de main"},"content":{"rendered":"<p>La coop\u00e9rative bretonne Innoval, sp\u00e9cialis\u00e9e dans les services en amont de l\u2019\u00e9levage et bas\u00e9e \u00e0 Noyal-sur-Vilaine (35), annonce \u00eatre devenue l\u2019actionnaire majoritaire de l\u2019entreprise rennaise d\u2019intelligence artificielle Dilepix, \u00e0 compter du 1er juillet. Les d\u00e9tails financiers de l\u2019op\u00e9ration ne sont pas d\u00e9voil\u00e9s.<\/p>\n<p>Fond\u00e9e en 2018 par Alban Pobla et Aur\u00e9lien Yol, Dilepix a lev\u00e9 1 M\u20ac en 2019 pour concevoir des algorithmes de vision par ordinateur, capables d\u2019analyser en temps r\u00e9el les flux vid\u00e9o ou photo issus des b\u00e2timents d\u2019\u00e9levage, des machines agricoles et des drones. Des informations permettant de mieux piloter les exploitations.<\/p>\n<p>Dilepix rejoint le p\u00f4le Smart D\u00e9cision d\u2019Innoval, qui s\u2019\u00e9tait d\u00e9j\u00e0 renforc\u00e9 dans l\u2019intelligence artificielle pour l\u2019agriculture en reprenant <a href=\"https:\/\/www.letelegramme.fr\/ille-et-vilaine\/rennes-35000\/agriculture-innoval-reprend-itk-specialiste-de-lintelligence-artificielle-6460242.php\" target=\"_blank\" rel=\"noopener\">la soci\u00e9t\u00e9 ITK<\/a>, en octobre 2023. \u00c0 la suite du rachat, Alban Pobla est nomm\u00e9 \u00e0 la t\u00eate du p\u00f4le Smart D\u00e9cision. Aur\u00e9lien Yol est nomm\u00e9 directeur de Dilepix.<\/p>\n","protected":false},"excerpt":{"rendered":"La coop\u00e9rative bretonne Innoval, sp\u00e9cialis\u00e9e dans les services en amont de l\u2019\u00e9levage et bas\u00e9e \u00e0 Noyal-sur-Vilaine (35), annonce&hellip;\n","protected":false},"author":2,"featured_media":234396,"comment_status":"","ping_status":"","sticky":false,"template":"","format":"standard","meta":{"footnotes":""},"categories":[2821],"tags":[1111,11,829,1777,674,1011,27,848,4555,12,584,25],"class_list":{"0":"post-234395","1":"post","2":"type-post","3":"status-publish","4":"format-standard","5":"has-post-thumbnail","7":"category-rennes","8":"tag-actu","9":"tag-actualites","10":"tag-bretagne","11":"tag-eu","12":"tag-europe","13":"tag-fr","14":"tag-france","15":"tag-ille-et-vilaine","16":"tag-local","17":"tag-news","18":"tag-rennes","19":"tag-republique-francaise"},"share_on_mastodon":{"url":"https:\/\/pubeurope.com\/@fr\/114816044578115874","error":""},"_links":{"self":[{"href":"https:\/\/www.europesays.com\/fr\/wp-json\/wp\/v2\/posts\/234395","targetHints":{"allow":["GET"]}}],"collection":[{"href":"https:\/\/www.europesays.com\/fr\/wp-json\/wp\/v2\/posts"}],"about":[{"href":"https:\/\/www.europesays.com\/fr\/wp-json\/wp\/v2\/types\/post"}],"author":[{"embeddable":true,"href":"https:\/\/www.europesays.com\/fr\/wp-json\/wp\/v2\/users\/2"}],"replies":[{"embeddable":true,"href":"https:\/\/www.europesays.com\/fr\/wp-json\/wp\/v2\/comments?post=234395"}],"version-history":[{"count":0,"href":"https:\/\/www.europesays.com\/fr\/wp-json\/wp\/v2\/posts\/234395\/revisions"}],"wp:featuredmedia":[{"embeddable":true,"href":"https:\/\/www.europesays.com\/fr\/wp-json\/wp\/v2\/media\/234396"}],"wp:attachment":[{"href":"https:\/\/www.europesays.com\/fr\/wp-json\/wp\/v2\/media?parent=234395"}],"wp:term":[{"taxonomy":"category","embeddable":true,"href":"https:\/\/www.europesays.com\/fr\/wp-json\/wp\/v2\/categories?post=234395"},{"taxonomy":"post_tag","embeddable":true,"href":"https:\/\/www.europesays.com\/fr\/wp-json\/wp\/v2\/tags?post=234395"}],"curies":[{"name":"wp","href":"https:\/\/api.w.org\/{rel}","templated":true}]}}