{"id":234397,"date":"2025-07-08T05:49:12","date_gmt":"2025-07-08T05:49:12","guid":{"rendered":"https:\/\/www.europesays.com\/fr\/234397\/"},"modified":"2025-07-08T05:49:12","modified_gmt":"2025-07-08T05:49:12","slug":"la-billetterie-vient-douvrir-decouvrez-le-prix-des-places","status":"publish","type":"post","link":"https:\/\/www.europesays.com\/fr\/234397\/","title":{"rendered":"la billetterie vient d&rsquo;ouvrir, d\u00e9couvrez le prix des places"},"content":{"rendered":"<p>            Par<br \/>\n        <strong><br \/>\n            <a href=\"https:\/\/actu.fr\/auteur\/brian-legoff\" title=\"Consulter tous les articles de Brian Le Goff\" rel=\"nofollow noopener\" target=\"_blank\">Brian Le Goff<\/a><br \/>\n        <\/strong><\/p>\n<p>        Publi\u00e9 le<\/p>\n<p>            8 juil. 2025 \u00e0 6h38        <\/p>\n<p>La <strong>19\u1d49 \u00e9dition<\/strong> du tournoi breton, l\u2019<a href=\"https:\/\/actu.fr\/bretagne\/rennes_35238\/open-blot-a-rennes-la-liste-des-premiers-joueurs-de-tennis-devoilee_61510476.html\" rel=\"nofollow noopener\" target=\"_blank\">Open Blot de Rennes,<\/a> animera comme chaque ann\u00e9e la rentr\u00e9e dans la capitale bretonne. La comp\u00e9tition aura lieu <strong>du 8 au 14\u00a0septembre<\/strong> prochain au sein de la <strong>salle du Libert\u00e9, esplanade Charles-de-Gaulle,<\/strong> en plein c\u0153ur de la ville.<\/p>\n<p class=\" wall-content\">L\u2019\u00e9v\u00e9nement sportif, qui a vu passer Andy Murray, Dominic Thiem, Richard Gasquet, Lucas Pouille, Gilles Simon, Arthur Rinderknech et Benjamin Bonzi, promet d\u2019\u00eatre encore une fois <strong>international<\/strong>.<\/p>\n<p class=\" wall-content\">Il faudra attendre encore <strong>quelques semaines pour conna\u00eetre les participants<\/strong> et celui qui succ\u00e9dera \u00e0 Jacob Fanley, vainqueur en 2024. L\u2019organisation d\u00e9voilera son <strong>plateau sportif le 20\u00a0ao\u00fbt<\/strong>. Le tirage au sort au tableau aura lieu deux jours avant le d\u00e9but du tournoi.<\/p>\n<p>    <a href=\"https:\/\/www.facebook.com\/plugins\/post.php?href=https%3A%2F%2Fwww.facebook.com%2Fopenblotrennes%2Fposts%2Fpfbid02aVnQwnBuMB5o6BdicZajR5aQQceuHFnKDuMT4xdchejg8BCojxniehCxmEBMbfdkl&amp;show_text=true&amp;width=350\" title=\"Ouvrie le lien\" rel=\"nofollow noopener\" target=\"_blank\">Cliquez ici pour visualiser le contenu<\/a><\/p>\n<p>De 4 \u00e0 18\u00a0euros la place<\/p>\n<p class=\" wall-content\">En attendant, l\u2019organisation a indiqu\u00e9, lundi 7\u00a0juillet, que la billetterie \u00e9tait ouverte avec des <strong>packs<\/strong> pour ses premiers jours de lancement\u2009:<\/p>\n<ul class=\" wall-content\">\n<li>13\u00a0euros le lundi-mardi\u2009;<\/li>\n<li>40\u00a0euros vendredi-samedi-dimanche\u2009;<\/li>\n<li>55\u00a0euros du lundi au vendredi.<\/li>\n<\/ul>\n<p>Vid\u00e9os : en ce moment sur Actu<\/p>\n<p class=\" wall-content\">En dehors de ces packs, comptez\u2009:<\/p>\n<ul class=\" wall-content\">\n<li>13\u00a0euros la journ\u00e9e du lundi au jeudi\u2009;<\/li>\n<li>16\u00a0euros vendredi pour les quarts de finale\u2009;<\/li>\n<li><strong>18\u00a0euros<\/strong> chaque jour le week-end <strong>pour les demis et la grande finale<\/strong>.<\/li>\n<\/ul>\n<p class=\" wall-content\">Enfin, un <strong>tarif r\u00e9duit <\/strong>(enfants de 0 \u00e0 11\u00a0ans inclus, \u00e9tudiants (post-Bac), demandeurs d\u2019emploi, RSA, AAH, carte Sortir (sur pr\u00e9sentation d\u2019un justificatif)) est propos\u00e9\u2009: <strong>4\u00a0euros la journ\u00e9e du lundi au jeudi, ou 5\u00a0euros<\/strong> la journ\u00e9e du vendredi au dimanche.<\/p>\n<p class=\" wall-content\"><a href=\"https:\/\/www.openderennes.org\/billetterie\" rel=\"nofollow noopener\" target=\"_blank\">Rendez-vous sur la billetterie officielle<\/a>.<\/p>\n<p>Des places VIP pour la finale \u00e0 remporter<\/p>\n<p>Mais ce n&rsquo;est pas tout, puisque cette ann\u00e9e, l&rsquo;Open fait gagner deux places VIP pour la finale ! Parmi les 5 000 premiers billets vendus pour les jours du lundi 8 septembre au vendredi 12 septembre, deux gagnants seront tir\u00e9s au sort et vivront l&rsquo;ultime match de cette \u00e9dition dans des conditions de gala.<\/p>\n<p>Village gratuit<\/p>\n<p class=\" wall-content\">Mise en place l\u2019ann\u00e9e derni\u00e8re, la <strong>gratuit\u00e9 du Village reste en vigueur pour 2025<\/strong> et de <strong>nombreuses animations<\/strong> seront disponibles sur l\u2019esplanade Charles-de-Gaulle. Terrain de padel, mini-tennis, guinguette et restauration seront au programme, \u00e0 quelques m\u00e8tres \u00e0 c\u00f4t\u00e9 du court central, d\u00e9veloppe l\u2019organisation.<\/p>\n<p class=\" wall-content\">Suivez toute l\u2019actualit\u00e9 de vos villes et m\u00e9dias favoris en vous inscrivant \u00e0 <a href=\"https:\/\/moncompte.actu.fr\" title=\"D\u00e9couvez Mon Actu\" rel=\"nofollow noopener\" data-trk=\"{&quot;cta&quot;:{&quot;action&quot;:&quot;https:\\\/\\\/moncompte.actu.fr&quot;,&quot;category&quot;:&quot;mon compte&quot;,&quot;from&quot;:&quot;article footer&quot;,&quot;name&quot;:&quot;Mon actu&quot;,&quot;type&quot;:&quot;cta&quot;}}\" target=\"_blank\">Mon Actu<\/a>.<\/p>\n","protected":false},"excerpt":{"rendered":"Par Brian Le Goff Publi\u00e9 le 8 juil. 2025 \u00e0 6h38 La 19\u1d49 \u00e9dition du tournoi breton, l\u2019Open&hellip;\n","protected":false},"author":2,"featured_media":234398,"comment_status":"","ping_status":"","sticky":false,"template":"","format":"standard","meta":{"footnotes":""},"categories":[2821],"tags":[1111,11,829,1777,674,1011,27,12,584,25,60,1467],"class_list":{"0":"post-234397","1":"post","2":"type-post","3":"status-publish","4":"format-standard","5":"has-post-thumbnail","7":"category-rennes","8":"tag-actu","9":"tag-actualites","10":"tag-bretagne","11":"tag-eu","12":"tag-europe","13":"tag-fr","14":"tag-france","15":"tag-news","16":"tag-rennes","17":"tag-republique-francaise","18":"tag-sports","19":"tag-tennis"},"share_on_mastodon":{"url":"https:\/\/pubeurope.com\/@fr\/114816048439213866","error":""},"_links":{"self":[{"href":"https:\/\/www.europesays.com\/fr\/wp-json\/wp\/v2\/posts\/234397","targetHints":{"allow":["GET"]}}],"collection":[{"href":"https:\/\/www.europesays.com\/fr\/wp-json\/wp\/v2\/posts"}],"about":[{"href":"https:\/\/www.europesays.com\/fr\/wp-json\/wp\/v2\/types\/post"}],"author":[{"embeddable":true,"href":"https:\/\/www.europesays.com\/fr\/wp-json\/wp\/v2\/users\/2"}],"replies":[{"embeddable":true,"href":"https:\/\/www.europesays.com\/fr\/wp-json\/wp\/v2\/comments?post=234397"}],"version-history":[{"count":0,"href":"https:\/\/www.europesays.com\/fr\/wp-json\/wp\/v2\/posts\/234397\/revisions"}],"wp:featuredmedia":[{"embeddable":true,"href":"https:\/\/www.europesays.com\/fr\/wp-json\/wp\/v2\/media\/234398"}],"wp:attachment":[{"href":"https:\/\/www.europesays.com\/fr\/wp-json\/wp\/v2\/media?parent=234397"}],"wp:term":[{"taxonomy":"category","embeddable":true,"href":"https:\/\/www.europesays.com\/fr\/wp-json\/wp\/v2\/categories?post=234397"},{"taxonomy":"post_tag","embeddable":true,"href":"https:\/\/www.europesays.com\/fr\/wp-json\/wp\/v2\/tags?post=234397"}],"curies":[{"name":"wp","href":"https:\/\/api.w.org\/{rel}","templated":true}]}}