{"id":234406,"date":"2025-07-08T05:56:09","date_gmt":"2025-07-08T05:56:09","guid":{"rendered":"https:\/\/www.europesays.com\/fr\/234406\/"},"modified":"2025-07-08T05:56:09","modified_gmt":"2025-07-08T05:56:09","slug":"une-nouvelle-maison-pour-accueillir-les-personnes-les-plus-vulnerables","status":"publish","type":"post","link":"https:\/\/www.europesays.com\/fr\/234406\/","title":{"rendered":"une nouvelle maison pour accueillir les personnes les plus vuln\u00e9rables"},"content":{"rendered":"<p>            Par<br \/>\n        <strong><br \/>\n            <a href=\"https:\/\/actu.fr\/auteur\/redaction-nantes\" title=\"Consulter tous les articles de R\u00e9daction Nantes\" target=\"_blank\" rel=\"noopener\">R\u00e9daction Nantes<\/a><br \/>\n        <\/strong><\/p>\n<p>        Publi\u00e9 le<\/p>\n<p>            8 juil. 2025 \u00e0 7h40        <\/p>\n<p>Ce lundi 7\u00a0juillet 2025,<strong> la nouvelle maison d\u2019accueil Fran\u00e7oise Seligmann<\/strong>, situ\u00e9e dans le quartier Malakoff-Saint Donatien, \u00e0 Nantes, a \u00e9t\u00e9 inaugur\u00e9e. Cet \u00e9quipement a ouvert ses portes <strong>le 16\u00a0juin au 4 rue Francisco Ferrer<\/strong>, \u00e0 proximit\u00e9 de l\u2019ancienne maison d\u2019accueil de jour qui n\u2019\u00e9tait plus adapt\u00e9e aux besoins.<\/p>\n<p>\u00ab\u2009Un lieu de r\u00e9pit\u2009\u00bb<\/p>\n<p class=\" wall-content\">La gestion du lieu est toujours confi\u00e9e \u00e0 l\u2019association Anef-Ferrer. Le b\u00e2timent d\u2019une superficie 300m\u00b2 est r\u00e9parti sur deux niveaux, avec un jardin attenant de 400m\u00b2.\u00a0<\/p>\n<p class=\" wall-content\">L\u2019ancien b\u00e2timent, situ\u00e9 au 2 rue Francisco Ferrer, fait partie des sites identifi\u00e9s dans le cadre des <a href=\"https:\/\/actu.fr\/pays-de-la-loire\/nantes_44109\/lieux-a-reinventer-a-nantes-nouveautes-et-participation-voici-ce-qu-il-faut-savoir_61742593.html\" target=\"_blank\" rel=\"noopener\">Lieux \u00e0 r\u00e9inventer<\/a>.<\/p>\n<p class=\" wall-content\">Sur place, les personnes accueillies peuvent\u2009: boire un caf\u00e9, b\u00e9n\u00e9ficier d\u2019un accompagnement social avec les professionnels, avoir des rendez-vous sant\u00e9, consulter leur courrier ou participer \u00e0 des ateliers collectifs.<\/p>\n<p class=\" wall-content\">\u00ab\u2009Cette nouvelle maison d\u2019accueil Fran\u00e7oise Seligmann, du nom de la journaliste et r\u00e9sistante, offre un lieu de r\u00e9pit, con\u00e7u notamment pour r\u00e9pondre aux fortes chaleurs et ainsi offrir un meilleur accueil\u2009\u00bb, a indiqu\u00e9 Johanna Rolland, maire de Nantes.<\/p>\n<p>Vid\u00e9os : en ce moment sur Actu<\/p>\n<p class=\" wall-content\">\u00ab\u2009Ce lieu repr\u00e9sente ainsi <strong>une \u00e9tape essentielle dans le parcours de r\u00e9insertion des plus vuln\u00e9rables\u2009\u00bb<\/strong>, ajoute Tom Follet, secr\u00e9taire g\u00e9n\u00e9ral adjoint, sous-pr\u00e9fet charg\u00e9 de mission Ville et Coh\u00e9sion sociale.<\/p>\n<p class=\" wall-content\">Un projet financ\u00e9 par l\u2019\u00c9tat, la Ville de Nantes, le D\u00e9partement de Loire-Atlantique et l\u2019Ademe\u2009; dont le co\u00fbt total est estim\u00e9 \u00e0 <strong>2,4\u00a0millions d\u2019euros TTC<\/strong>.<\/p>\n<p><strong>Informations pratiques<\/strong>\u2009:<br \/>Maison d\u2019accueil de jour Fran\u00e7oise Seligmann, 4 rue Francisco-Ferrer, Nantes.<br \/>Accueil collectif lundi, mardi, jeudi et vendredi de 10h \u00e0 12h sans rendez-vous.<br \/>Accueil individuel sur rendez-vous l\u2019apr\u00e8s-midi. Domiciliation apr\u00e8s entretien.<br \/>Distribution du courrier tous les matins. T\u00e9l.\u2009: 02\u200940\u200929\u200921\u200900. Acc\u00e8s transports en commun\u2009: tram ligne 1 \u2013 arr\u00eat Moutonnerie.<\/p>\n<p class=\" wall-content\">Suivez toute l\u2019actualit\u00e9 de vos villes et m\u00e9dias favoris en vous inscrivant \u00e0 <a href=\"https:\/\/moncompte.actu.fr\" title=\"D\u00e9couvez Mon Actu\" rel=\"nofollow noopener\" data-trk=\"{&quot;cta&quot;:{&quot;action&quot;:&quot;https:\\\/\\\/moncompte.actu.fr&quot;,&quot;category&quot;:&quot;mon compte&quot;,&quot;from&quot;:&quot;article footer&quot;,&quot;name&quot;:&quot;Mon actu&quot;,&quot;type&quot;:&quot;cta&quot;}}\" target=\"_blank\">Mon Actu<\/a>.<\/p>\n","protected":false},"excerpt":{"rendered":"Par R\u00e9daction Nantes Publi\u00e9 le 8 juil. 2025 \u00e0 7h40 Ce lundi 7\u00a0juillet 2025, la nouvelle maison d\u2019accueil&hellip;\n","protected":false},"author":2,"featured_media":234407,"comment_status":"","ping_status":"","sticky":false,"template":"","format":"standard","meta":{"footnotes":""},"categories":[2818],"tags":[1111,11,1777,674,1011,27,766,12,2636,25,104,3400],"class_list":{"0":"post-234406","1":"post","2":"type-post","3":"status-publish","4":"format-standard","5":"has-post-thumbnail","7":"category-nantes","8":"tag-actu","9":"tag-actualites","10":"tag-eu","11":"tag-europe","12":"tag-fr","13":"tag-france","14":"tag-nantes","15":"tag-news","16":"tag-pays-de-la-loire","17":"tag-republique-francaise","18":"tag-societe","19":"tag-solidarite"},"share_on_mastodon":{"url":"https:\/\/pubeurope.com\/@fr\/114816076015315186","error":""},"_links":{"self":[{"href":"https:\/\/www.europesays.com\/fr\/wp-json\/wp\/v2\/posts\/234406","targetHints":{"allow":["GET"]}}],"collection":[{"href":"https:\/\/www.europesays.com\/fr\/wp-json\/wp\/v2\/posts"}],"about":[{"href":"https:\/\/www.europesays.com\/fr\/wp-json\/wp\/v2\/types\/post"}],"author":[{"embeddable":true,"href":"https:\/\/www.europesays.com\/fr\/wp-json\/wp\/v2\/users\/2"}],"replies":[{"embeddable":true,"href":"https:\/\/www.europesays.com\/fr\/wp-json\/wp\/v2\/comments?post=234406"}],"version-history":[{"count":0,"href":"https:\/\/www.europesays.com\/fr\/wp-json\/wp\/v2\/posts\/234406\/revisions"}],"wp:featuredmedia":[{"embeddable":true,"href":"https:\/\/www.europesays.com\/fr\/wp-json\/wp\/v2\/media\/234407"}],"wp:attachment":[{"href":"https:\/\/www.europesays.com\/fr\/wp-json\/wp\/v2\/media?parent=234406"}],"wp:term":[{"taxonomy":"category","embeddable":true,"href":"https:\/\/www.europesays.com\/fr\/wp-json\/wp\/v2\/categories?post=234406"},{"taxonomy":"post_tag","embeddable":true,"href":"https:\/\/www.europesays.com\/fr\/wp-json\/wp\/v2\/tags?post=234406"}],"curies":[{"name":"wp","href":"https:\/\/api.w.org\/{rel}","templated":true}]}}