{"id":234418,"date":"2025-07-08T06:02:15","date_gmt":"2025-07-08T06:02:15","guid":{"rendered":"https:\/\/www.europesays.com\/fr\/234418\/"},"modified":"2025-07-08T06:02:15","modified_gmt":"2025-07-08T06:02:15","slug":"a-1h-de-lille-le-festival-de-jardins-damiens-peut-etre-votre-decouverte-de-lete-07-07-2025","status":"publish","type":"post","link":"https:\/\/www.europesays.com\/fr\/234418\/","title":{"rendered":"\u00c0 1h de Lille, le Festival de jardins d&rsquo;Amiens peut \u00eatre votre d\u00e9couverte de l\u2019\u00e9t\u00e9 &#8211; 07\/07\/2025"},"content":{"rendered":"<p>On a trouv\u00e9 un spot styl\u00e9 pour cet \u00e9t\u00e9 qui change de nos recommandations lilloises habituelles : direction Amiens \u00e0 1h de Lille, pour d\u00e9couvrir le Festival International de Jardins Hortillonnages. Un lieu o\u00f9 l\u2019art contemporain rencontre la nature sur des \u00eeles flottantes au c\u0153ur de la ville. Un mix entre balade, expo \u00e0 ciel ouvert et parenth\u00e8se verte. \u00c7a vous tente ?<\/p>\n<p>On vous en parle pour la premi\u00e8re fois cette ann\u00e9e mais en r\u00e9alit\u00e9 le festival a vu le jour en 2010. Depuis 15 ans, ce festival fait pousser l\u2019art au c\u0153ur d\u2019un site naturel compl\u00e8tement dingue : les <strong>Hortillonnages d\u2019Amiens<\/strong>, un labyrinthe de jardins sur l\u2019eau, travers\u00e9 de petits canaux. L\u2019id\u00e9e ? Inviter des artistes, architectes et paysagistes du monde entier \u00e0 imaginer des \u0153uvres in situ, en lien avec l\u2019\u00e9cologie, le vivant, la nature, le climat. Cette ann\u00e9e, ce sont les Pays-Bas qui sont \u00e0 l&rsquo;honneur.<\/p>\n<p>R\u00e9sultat : vous naviguez ou vous vous baladez \u00e0 pied \u00e0 la d\u00e9couverte de <strong>49 \u0153uvres et jardins artistiques<\/strong>, pos\u00e9s l\u00e0, au milieu des roseaux et des n\u00e9nuphars.<\/p>\n<p>Deux parcours, deux vibes<\/p>\n<p>Le Festival de Jardins se pr\u00e9sente comme \u00e7a : vous avez le choix entre deux parcours diff\u00e9rents, l&rsquo;un en barque payant, l&rsquo;autre \u00e0 pied gratuit.\u00a0<\/p>\n<p><b>1. En barque \u00e9lectrique, le parcours immersif<\/b><\/p>\n<p>C\u2019est le gros kiff du festival. Vous montez dans une petite barque \u00e9lectrique (sans permis), vous vous enfoncez dans les canaux, et l\u00e0\u2026 magie. Calme plat, nature \u00e0 perte de vue, et des \u0153uvres contemporaines qui surgissent au d\u00e9tour d\u2019un virage. \u00ab\u00a0Le public d\u00e9barque lui-m\u00eame sur les \u00eeles pour partir \u00e0 la d\u00e9couverte des \u0153uvres car toutes ne sont pas visibles depuis l&rsquo;eau\u00a0\u00bb, explique Gilbert Filinger, le fondateur du festival et directeur de la structure organisatrice Art &amp; jardins.<\/p>\n<p>C\u00f4t\u00e9 infos pratiques, voici ce qu&rsquo;il faut retenir de ce parcours :<\/p>\n<ul>&#13;<\/p>\n<li>&#13;<strong>Dur\u00e9e<\/strong> : 2h30 de balade autonome (possibilit\u00e9 de r\u00e9server des visites guid\u00e9es)<\/li>\n<p>&#13;<\/p>\n<li>&#13;<strong>Tarifs<\/strong> : de 25\u202f\u20ac \u00e0 47\u202f\u20ac selon le nombre de personnes \u00e0 bord (jusqu\u2019\u00e0 6 max)<\/li>\n<p>&#13;<\/p>\n<li>&#13;<strong>D\u00e9part<\/strong> : Port \u00e0 Fumier, \u00e0 Camon (\u00e0 10 min du centre d\u2019Amiens)<\/li>\n<p>&#13;<\/p>\n<li>&#13;<strong>Ouvert<\/strong> du mardi au dimanche, de 13h \u00e0 19h (week-ends d\u00e8s 10h)<\/li>\n<p>&#13;<\/p>\n<li>&#13;<strong>R\u00e9servation obligatoire<\/strong> en ligne (lien dans les infos pratiques)<\/li>\n<p>&#13;<\/ul>\n<p><b>2. \u00c0 pied, le parcours gratuit<\/b><\/p>\n<p>Moins immersif, mais tout aussi cool. Direction\u00a0l\u2019\u00cele aux Fagots, accessible \u00e0 pied depuis le centre-ville d\u2019Amiens, \u00ab\u00a0l&rsquo;entr\u00e9e du parcours se trouve \u00e0 dix minutes \u00e0 pied de la cath\u00e9drale\u00a0\u00bb, glisse Gilbert. L\u00e0 aussi, des \u0153uvres sont install\u00e9es sur les berges.<\/p>\n<p>Les infos pratiques \u00e0 retenir :<\/p>\n<ul>&#13;<\/p>\n<li>&#13;<b>Gratuit<\/b>, libre acc\u00e8s<\/li>\n<p>&#13;<\/p>\n<li>&#13;<b>Ouvert<\/b>\u00a0du mardi au dimanche de 12h30 \u00e0 19h<\/li>\n<p>&#13;<\/p>\n<li>&#13;<b>Visite guid\u00e9e<\/b>\u00a0gratuite tous les samedis \u00e0 17h jusqu&rsquo;au mois d&rsquo;ao\u00fbt<\/li>\n<p>&#13;<\/p>\n<li>&#13;<b>Pique-nique<\/b>\u00a0autoris\u00e9<\/li>\n<p>&#13;<\/ul>\n<p>Pourquoi y aller quand on est Lillois\u00b7e ?<\/p>\n<p>D\u00e9j\u00e0, parce que \u00e7a change des classiques sorties mus\u00e9es + parc pour profiter de lieux frais et\/ou climatis\u00e9s. Ici, c\u2019est un mus\u00e9e flottant, \u00e0 ciel ouvert, dans un cadre plus qu&rsquo;agr\u00e9able. S&rsquo;il vous faut des arguments suppl\u00e9mentaires, on vous dirait que c&rsquo;est \u00e0\u00a01h15 de Lille\u00a0via le TER Lille-Amiens (<a target=\"_blank\" href=\"https:\/\/www.vozer.fr\/2025\/06\/20\/cet-ete-la-region-relance-les-billets-ter-a-1-pour-redecouvrir-les-hauts-de-france\/\" rel=\"nofollow noopener\">prix cass\u00e9s sur les TER Hauts-de-France<\/a>\u00a0et offres pour les -26 ans) et que vous pouvez caler \u00e7a en une journ\u00e9e ou un week-end car Amiens vaut le coup d&rsquo;\u00eatre d\u00e9couverte aussi.\u00a0<\/p>\n<p>Le Festival des Hortillonnages est la preuve qu&rsquo;il n&rsquo;y a pas besoin de partir loin ni de claquer son PEL pour profiter de l&rsquo;\u00e9t\u00e9 et changer d&rsquo;air. Alors, cap sur Amiens ?<\/p>\n","protected":false},"excerpt":{"rendered":"On a trouv\u00e9 un spot styl\u00e9 pour cet \u00e9t\u00e9 qui change de nos recommandations lilloises habituelles : direction&hellip;\n","protected":false},"author":2,"featured_media":234419,"comment_status":"","ping_status":"","sticky":false,"template":"","format":"standard","meta":{"footnotes":""},"categories":[2815],"tags":[1111,11,1777,674,1011,27,811,1307,12,25],"class_list":{"0":"post-234418","1":"post","2":"type-post","3":"status-publish","4":"format-standard","5":"has-post-thumbnail","7":"category-lille","8":"tag-actu","9":"tag-actualites","10":"tag-eu","11":"tag-europe","12":"tag-fr","13":"tag-france","14":"tag-hauts-de-france","15":"tag-lille","16":"tag-news","17":"tag-republique-francaise"},"share_on_mastodon":{"url":"https:\/\/pubeurope.com\/@fr\/114816099491908272","error":""},"_links":{"self":[{"href":"https:\/\/www.europesays.com\/fr\/wp-json\/wp\/v2\/posts\/234418","targetHints":{"allow":["GET"]}}],"collection":[{"href":"https:\/\/www.europesays.com\/fr\/wp-json\/wp\/v2\/posts"}],"about":[{"href":"https:\/\/www.europesays.com\/fr\/wp-json\/wp\/v2\/types\/post"}],"author":[{"embeddable":true,"href":"https:\/\/www.europesays.com\/fr\/wp-json\/wp\/v2\/users\/2"}],"replies":[{"embeddable":true,"href":"https:\/\/www.europesays.com\/fr\/wp-json\/wp\/v2\/comments?post=234418"}],"version-history":[{"count":0,"href":"https:\/\/www.europesays.com\/fr\/wp-json\/wp\/v2\/posts\/234418\/revisions"}],"wp:featuredmedia":[{"embeddable":true,"href":"https:\/\/www.europesays.com\/fr\/wp-json\/wp\/v2\/media\/234419"}],"wp:attachment":[{"href":"https:\/\/www.europesays.com\/fr\/wp-json\/wp\/v2\/media?parent=234418"}],"wp:term":[{"taxonomy":"category","embeddable":true,"href":"https:\/\/www.europesays.com\/fr\/wp-json\/wp\/v2\/categories?post=234418"},{"taxonomy":"post_tag","embeddable":true,"href":"https:\/\/www.europesays.com\/fr\/wp-json\/wp\/v2\/tags?post=234418"}],"curies":[{"name":"wp","href":"https:\/\/api.w.org\/{rel}","templated":true}]}}