{"id":234420,"date":"2025-07-08T06:03:09","date_gmt":"2025-07-08T06:03:09","guid":{"rendered":"https:\/\/www.europesays.com\/fr\/234420\/"},"modified":"2025-07-08T06:03:09","modified_gmt":"2025-07-08T06:03:09","slug":"la-responsabilite-de-laide-sociale-a-lenfance-remise-en-question-devant-le-tribunal","status":"publish","type":"post","link":"https:\/\/www.europesays.com\/fr\/234420\/","title":{"rendered":"la responsabilit\u00e9 de l&rsquo;Aide sociale \u00e0 l&rsquo;enfance remise en question devant le tribunal"},"content":{"rendered":"<p>L\u00e9a* a 17\u00a0ans aujourd\u2019hui. Elle en avait 15 quand le foyer qui en avait la garde a signal\u00e9 sa fugue, en novembre\u00a02022. La \u00e9ni\u00e8me fuite de cette adolescente perturb\u00e9e, confi\u00e9e \u00e0 l\u2019<a href=\"https:\/\/www.laprovence.com\/article\/france-monde\/1901327093528915\/une-commission-denquete-parlementaire-tire-la-sonnette-dalarme-sur-laide-sociale-a-lenfance\" target=\"_blank\" rel=\"nofollow noopener\">Aide sociale \u00e0 l\u2019enfance (ASE)<\/a> mais dont le nom appara\u00eet dans plusieurs enqu\u00eates pour des faits de prox\u00e9n\u00e9tisme. Car lorsque L\u00e9a fuguait, l\u2019adolescente finissait souvent par se prostituer gr\u00e2ce \u00e0 des annonces en ligne et malgr\u00e9 sa minorit\u00e9. Dans des appartements lou\u00e9s pour l\u2019occasion, dans des voitures ou les toilettes publiques. Fin ao\u00fbt, le tribunal judiciaire de Marseille s\u2019est pench\u00e9 sur l\u2019un de ces dossiers pour juger trois jeunes hommes accus\u00e9s d\u2019avoir jou\u00e9 les apprentis prox\u00e9n\u00e8tes.<\/p>\n","protected":false},"excerpt":{"rendered":"L\u00e9a* a 17\u00a0ans aujourd\u2019hui. Elle en avait 15 quand le foyer qui en avait la garde a signal\u00e9&hellip;\n","protected":false},"author":2,"featured_media":234421,"comment_status":"","ping_status":"","sticky":false,"template":"","format":"standard","meta":{"footnotes":""},"categories":[2814],"tags":[17,1111,11,1102,1777,674,274,1011,27,32776,34876,884,8839,12,882,21027,25,29286,2812],"class_list":{"0":"post-234420","1":"post","2":"type-post","3":"status-publish","4":"format-standard","5":"has-post-thumbnail","7":"category-marseille","8":"tag-17","9":"tag-actu","10":"tag-actualites","11":"tag-breakingnews","12":"tag-eu","13":"tag-europe","14":"tag-faits-divers-justice","15":"tag-fr","16":"tag-france","17":"tag-laide","18":"tag-lenfance","19":"tag-marseille","20":"tag-mineures","21":"tag-news","22":"tag-provence-alpes-cote-dazur","23":"tag-proxenetisme","24":"tag-republique-francaise","25":"tag-responsabilite","26":"tag-sociale"},"share_on_mastodon":{"url":"https:\/\/pubeurope.com\/@fr\/114816103481108881","error":""},"_links":{"self":[{"href":"https:\/\/www.europesays.com\/fr\/wp-json\/wp\/v2\/posts\/234420","targetHints":{"allow":["GET"]}}],"collection":[{"href":"https:\/\/www.europesays.com\/fr\/wp-json\/wp\/v2\/posts"}],"about":[{"href":"https:\/\/www.europesays.com\/fr\/wp-json\/wp\/v2\/types\/post"}],"author":[{"embeddable":true,"href":"https:\/\/www.europesays.com\/fr\/wp-json\/wp\/v2\/users\/2"}],"replies":[{"embeddable":true,"href":"https:\/\/www.europesays.com\/fr\/wp-json\/wp\/v2\/comments?post=234420"}],"version-history":[{"count":0,"href":"https:\/\/www.europesays.com\/fr\/wp-json\/wp\/v2\/posts\/234420\/revisions"}],"wp:featuredmedia":[{"embeddable":true,"href":"https:\/\/www.europesays.com\/fr\/wp-json\/wp\/v2\/media\/234421"}],"wp:attachment":[{"href":"https:\/\/www.europesays.com\/fr\/wp-json\/wp\/v2\/media?parent=234420"}],"wp:term":[{"taxonomy":"category","embeddable":true,"href":"https:\/\/www.europesays.com\/fr\/wp-json\/wp\/v2\/categories?post=234420"},{"taxonomy":"post_tag","embeddable":true,"href":"https:\/\/www.europesays.com\/fr\/wp-json\/wp\/v2\/tags?post=234420"}],"curies":[{"name":"wp","href":"https:\/\/api.w.org\/{rel}","templated":true}]}}