{"id":234422,"date":"2025-07-08T06:04:12","date_gmt":"2025-07-08T06:04:12","guid":{"rendered":"https:\/\/www.europesays.com\/fr\/234422\/"},"modified":"2025-07-08T06:04:12","modified_gmt":"2025-07-08T06:04:12","slug":"a-marseille-des-terrains-de-rugby-de-nouveau-occupes-par-des-gens-du-voyage","status":"publish","type":"post","link":"https:\/\/www.europesays.com\/fr\/234422\/","title":{"rendered":"\u00e0 Marseille, des terrains de rugby de nouveau occup\u00e9s par des gens du voyage"},"content":{"rendered":"<p>Deux des trois terrains utilis\u00e9s par des licenci\u00e9s du club de Marseille Rugby M\u00e9diterran\u00e9e sont squatt\u00e9s depuis dimanche par de nombreux contrevenants. Le stade avait d\u00e9j\u00e0 \u00e9t\u00e9 envahi au cours du mois de juin.<\/p>\n<p class=\"fig-paragraph\">\u00c0 peine lib\u00e9r\u00e9s qu\u2019ils sont de nouveau occup\u00e9s. Dimanche dans la matin\u00e9e, deux des trois terrains de rugby du stade du mouton dans le 11e arrondissement de Marseille ont \u00e9t\u00e9 litt\u00e9ralement envahis par pr\u00e8s de 200 caravanes appartenant \u00e0 des\u00a0<a href=\"http:\/\/www.lefigaro.fr\/nice\/gens-du-voyage-a-saint-laurent-du-var-apres-les-requisitions-de-terrains-la-metropole-et-la-ville-denoncent-des-debordements-20250701\" data-fig-type=\"NewsFlash\" data-gtm-custom-categorie=\"navigation\" data-gtm-custom-action=\"crossclick\" data-gtm-custom-label=\"Contextuel\" data-gtm-event=\"customEventSPE\" data-fig-domain=\"LEFIGARO\" rel=\"nofollow noopener\" target=\"_blank\">gens du voyage<\/a>. L\u2019intervention du maire de secteur, de nombreux b\u00e9n\u00e9voles ainsi que de la police nationale et municipale n\u2019a pas permis d\u2019emp\u00eacher les contrevenants de s\u2019installer ill\u00e9galement.<\/p>\n<p class=\"fig-paragraph\">\u00abOn s\u2019est d\u00e9fendus du mieux qu\u2019on pouvait pour conserver un terrain. Aujourd\u2019hui, il y a presque 200 caravanes sur les deux terrains occup\u00e9s. Ils nous parlent de rester quinze jours. Ils font un peu ce qu\u2019ils veulent\u00bb, affirme Augustin Marie, pr\u00e9sident de Marseille Rugby M\u00e9diterran\u00e9e, au Figaro. Le g\u00e9rant des lieux. \u00abCela a \u00e9t\u00e9 tr\u00e8s \u00e9lectrique entre le maire de secteur, nos b\u00e9n\u00e9voles, eux et les forces de l\u2019ordre. On a dit qu\u2019on ne laisserait rentrer personne co\u00fbte que co\u00fbte alors qu\u2019on nous demandait m\u00eame de leur l\u00e2cher le troisi\u00e8me terrain\u00bb, poursuit le g\u00e9rant des lieux, d\u00e9j\u00e0 \u00e9prouv\u00e9 par une premi\u00e8re occupation subie il y a un mois.<\/p>\n<p>                                    <a class=\"fig-a11y-skip a11y-hidden\" href=\"#fig-a11y-skip-main-inarticle\"><br \/>\n        Passer la publicit\u00e9<br \/>\n    <\/a><\/p>\n<p class=\"fig-paragraph\">D\u00e9but juin dernier,\u00a0<a href=\"http:\/\/www.lefigaro.fr\/marseille\/il-nous-reste-juste-un-carre-de-disponible-a-marseille-un-stade-de-rugby-envahi-par-une-centaine-de-caravanes-des-gens-du-voyage-20250611\" data-fig-type=\"NewsFlash\" data-gtm-custom-categorie=\"navigation\" data-gtm-custom-action=\"crossclick\" data-gtm-custom-label=\"Contextuel\" data-gtm-event=\"customEventSPE\" data-fig-domain=\"LEFIGARO\" rel=\"nofollow noopener\" target=\"_blank\">une centaine de caravanes s\u2019\u00e9tait install\u00e9e sur les terrains de rugby<\/a>\u00a0sous le regard impuissant des licenci\u00e9s soudainement priv\u00e9s d\u2019entra\u00eenements et de comp\u00e9titions \u00e0 l\u2019approche de l\u2019\u00e9t\u00e9. L\u00e0 encore, l\u2019intervention rapide des forces de l\u2019ordre n\u2019avait pas emp\u00each\u00e9 les v\u00e9hicules de p\u00e9n\u00e9trer ill\u00e9galement sur les terrains et d\u2019y rester plusieurs semaines durant. \u00abIl ne va rien se passer pendant quinze jours alors que l\u2019on devait accueillir des centres sociaux et des enfants de quartier. On va aussi devoir expliquer aux salari\u00e9s qu\u2019ils pourront pointer au ch\u00f4mage partiel\u00bb, se lamente Augustin Marie, inquiet par la perspective de voir son stade ouvert \u00e0 689 licenci\u00e9s devenir une \u00abcible\u00bb de la communaut\u00e9 des gens du voyage.<\/p>\n<p>Expulsion par la force publique<\/p>\n<p class=\"fig-paragraph\">\u00abCes gens \u00e9taient tr\u00e8s agressifs et incisifs. Ils sont arriv\u00e9s le dimanche matin et sont pass\u00e9s caravane par caravane. La police nationale et la police municipale sont venues tr\u00e8s rapidement et des renforts ont \u00e9t\u00e9 d\u00e9ploy\u00e9s pour les relayer\u00bb, indique Sylvain Souvestre, maire des 11e et 12e arrondissements de Marseille (LR), qui en appelle \u00e0 la \u00abresponsabilit\u00e9\u00bb de la municipalit\u00e9 dont il d\u00e9plore le \u00absilence\u00bb.<\/p>\n<p class=\"fig-paragraph\">\u00abCe regroupement, contrairement au pr\u00e9c\u00e9dent de courant juin, est plus virulent et provoque volontairement les pouvoirs publics\u00bb, indique l\u2019\u00e9dile dans un courrier adress\u00e9 \u00e0\u00a0<a href=\"http:\/\/www.lefigaro.fr\/marseille\/marseille-un-ex-adjoint-du-maire-benoit-payan-condamne-pour-des-violences-contre-des-proches-du-depute-sebastien-delogu-20250703\" data-fig-type=\"NewsFlash\" data-gtm-custom-categorie=\"navigation\" data-gtm-custom-action=\"crossclick\" data-gtm-custom-label=\"Contextuel\" data-gtm-event=\"customEventSPE\" data-fig-domain=\"LEFIGARO\" rel=\"nofollow noopener\" target=\"_blank\">Beno\u00eet Payan<\/a>\u00a0dans lequel il enjoint le maire de Marseille \u00e0 recourir \u00e0 un r\u00e9f\u00e9r\u00e9 conservatoire pour d\u00e9clencher l\u2019expulsion des caravanes en moins de 96 heures. \u00abLe but de cette action est d\u2019afficher la volont\u00e9 politique de faire cesser ces intrusions ill\u00e9gales, au d\u00e9triment des familles, des associations et des riverains. [&#8230;] Nous devons montrer collectivement que tout ce qui est hors cadre l\u00e9gal sera sanctionn\u00e9, et qu\u2019aucun laxisme ni aucune tol\u00e9rance ne seront accept\u00e9s\u00bb, ajoute Sylvain Souvestre dans son courrier.<\/p>\n<p class=\"fig-paragraph\">\u00abUne nouvelle fois le stade du mouton est occup\u00e9 par des gens du voyage aujourd\u2019hui faute d\u2019aire de grand passage que devrait r\u00e9aliser la m\u00e9tropole, seule comp\u00e9tente. La Ville va, comme \u00e0 chaque fois, porter plainte et saisira le pr\u00e9fet pour trouver une solution\u00bb, a tacl\u00e9 sur\u00a0<a href=\"https:\/\/x.com\/AudreyGarino\/status\/1941794432350625986\" target=\"_blank\" rel=\"nofollow noopener\" data-gtm-custom-categorie=\"navigation\" data-gtm-custom-action=\"crossclick\" data-gtm-custom-label=\"Contextuel\" data-gtm-event=\"customEventSPE\">X<\/a>\u00a0Audrey Garino, adjointe au maire de Marseille en charge des Affaires Sociales, renvoyant la balle de la responsabilit\u00e9 \u00e0 la m\u00e9tropole d\u2019Aix-Marseille-Provence. \u00abLa mairie de Marseille n\u2019a jamais propos\u00e9 de foncier pour les gens du voyage. La Ville doit prendre ses responsabilit\u00e9s avant le 15 ao\u00fbt et le p\u00e8lerinage aux Saintes-Maries-de-la-Mer\u00bb, r\u00e9torque Sylvain Souvestre.<\/p>\n","protected":false},"excerpt":{"rendered":"Deux des trois terrains utilis\u00e9s par des licenci\u00e9s du club de Marseille Rugby M\u00e9diterran\u00e9e sont squatt\u00e9s depuis dimanche&hellip;\n","protected":false},"author":2,"featured_media":234423,"comment_status":"","ping_status":"","sticky":false,"template":"","format":"standard","meta":{"footnotes":""},"categories":[2814],"tags":[1111,11,37305,1777,674,1011,27,884,12,882,25,479],"class_list":{"0":"post-234422","1":"post","2":"type-post","3":"status-publish","4":"format-standard","5":"has-post-thumbnail","7":"category-marseille","8":"tag-actu","9":"tag-actualites","10":"tag-caravane","11":"tag-eu","12":"tag-europe","13":"tag-fr","14":"tag-france","15":"tag-marseille","16":"tag-news","17":"tag-provence-alpes-cote-dazur","18":"tag-republique-francaise","19":"tag-rugby"},"share_on_mastodon":{"url":"https:\/\/pubeurope.com\/@fr\/114816107561987583","error":""},"_links":{"self":[{"href":"https:\/\/www.europesays.com\/fr\/wp-json\/wp\/v2\/posts\/234422","targetHints":{"allow":["GET"]}}],"collection":[{"href":"https:\/\/www.europesays.com\/fr\/wp-json\/wp\/v2\/posts"}],"about":[{"href":"https:\/\/www.europesays.com\/fr\/wp-json\/wp\/v2\/types\/post"}],"author":[{"embeddable":true,"href":"https:\/\/www.europesays.com\/fr\/wp-json\/wp\/v2\/users\/2"}],"replies":[{"embeddable":true,"href":"https:\/\/www.europesays.com\/fr\/wp-json\/wp\/v2\/comments?post=234422"}],"version-history":[{"count":0,"href":"https:\/\/www.europesays.com\/fr\/wp-json\/wp\/v2\/posts\/234422\/revisions"}],"wp:featuredmedia":[{"embeddable":true,"href":"https:\/\/www.europesays.com\/fr\/wp-json\/wp\/v2\/media\/234423"}],"wp:attachment":[{"href":"https:\/\/www.europesays.com\/fr\/wp-json\/wp\/v2\/media?parent=234422"}],"wp:term":[{"taxonomy":"category","embeddable":true,"href":"https:\/\/www.europesays.com\/fr\/wp-json\/wp\/v2\/categories?post=234422"},{"taxonomy":"post_tag","embeddable":true,"href":"https:\/\/www.europesays.com\/fr\/wp-json\/wp\/v2\/tags?post=234422"}],"curies":[{"name":"wp","href":"https:\/\/api.w.org\/{rel}","templated":true}]}}