{"id":234429,"date":"2025-07-08T06:09:10","date_gmt":"2025-07-08T06:09:10","guid":{"rendered":"https:\/\/www.europesays.com\/fr\/234429\/"},"modified":"2025-07-08T06:09:10","modified_gmt":"2025-07-08T06:09:10","slug":"aire-de-jeux-garderie-toilettage-le-premier-social-club-pour-chien-de-france-the-dogry-debarque-a-paris","status":"publish","type":"post","link":"https:\/\/www.europesays.com\/fr\/234429\/","title":{"rendered":"Aire de jeux, garderie, toilettage\u2026 Le premier social club pour chien de France, \u00ab\u00a0The Dogry\u00a0\u00bb, d\u00e9barque \u00e0 Paris"},"content":{"rendered":"<p>            Par<br \/>\n        <strong><br \/>\n            <a href=\"https:\/\/actu.fr\/auteur\/augustin-delaporte\" title=\"Consulter tous les articles de Augustin Delaporte\" target=\"_blank\" rel=\"noopener\">Augustin Delaporte<\/a><br \/>\n        <\/strong><\/p>\n<p>        Publi\u00e9 le<\/p>\n<p>            8 juil. 2025 \u00e0 6h02        <\/p>\n<p>The Dogry ouvre ses portes ce <strong>mardi 8 juillet 2025<\/strong> \u00e0 partir de 10 heures. Nich\u00e9 dans le 17e arrondissement, pr\u00e8s de Pont Cardinet, cet espace de 400 m2 est le <strong>premier club social de France pour les chiens<\/strong> et leurs ma\u00eetres. <br \/>Une nouvelle adresse qui permet \u00e0 la fois de venir chiller, prendre un caf\u00e9, acheter une laisse ou suivre un cours de yoga, pendant que votre compagnon \u00e0 quatre pattes profite d\u2019une aire de jeux en sous-sol, du spa premium, patiente \u00e0 la garderie ou se fait une beaut\u00e9 au sein de l\u2019espace toilettage. Vous voulez en savoir plus ? Suivez le guide. actu Paris a eu la primeur de visiter le lieu et vous emm\u00e8ne en balade.\u00a0<\/p>\n<p>Une adresse pour faciliter la vie des ma\u00eetres de chiens \u00e0 Paris<\/p>\n<p class=\" wall-content\">Tous ceux qui ont eu un chien \u00e0 Paris en ont fait la douloureuse exp\u00e9rience : la capitale n\u2019est pas (encore ?) vraiment dog-friendly. Les <a href=\"https:\/\/actu.fr\/ile-de-france\/paris_75056\/quelqu-un-les-a-a-l-oeil-a-paris-les-chiens-du-parc-monceau-liberes-de-leurs-laisses_62531260.html\" target=\"_blank\" rel=\"noopener\">bons spots canins sont rares<\/a> et les r\u00e9servations pour les services usuels \u2013 comme le toilettage \u2013 souvent pris d\u2019assaut.\u00a0\u00a0<\/p>\n<p class=\" wall-content\">C\u2019est le constat qu\u2019on fait Lenny et son cousin \u00c9den, peu de temps apr\u00e8s que ce dernier ait adopt\u00e9 Archie \u00e0 la <a href=\"https:\/\/actu.fr\/ile-de-france\/gennevilliers_92036\/un-refuge-pense-pour-le-bien-etre-animal-a-gennevilliers-une-nouvelle-spa-plus-moderne-et-spacieuse_62432568.html\" target=\"_blank\" rel=\"noopener\">SPA<\/a>. \u00ab\u00a0Comme on passe \u00e9norm\u00e9ment de temps ensemble, notre vie a rapidement tourn\u00e9 autour de lui. On filait <a href=\"https:\/\/actu.fr\/ile-de-france\/paris_75056\/portrait-franck-philip-dresseur-de-chiens-star-du-bois-de-boulogne-a-paris_45909217.html\" target=\"_blank\" rel=\"noopener\">au Bois de Boulogne<\/a> pour le promener, puis chez le toiletteur, il y avait toujours des complications dans les caf\u00e9s\u2026 On s\u2019est demand\u00e9 comment les gens faisaient, notamment dans les pays qui ont trouv\u00e9 la solution\u00a0\u00bb, rembobine Lenny.\u00a0<\/p>\n<p>    <img   decoding=\"async\" loading=\"lazy\" src=\"https:\/\/www.europesays.com\/fr\/wp-content\/uploads\/2025\/07\/20250701-104648-960x640.jpg\" alt=\"The Dogry, Eden, Archi et Lenny.\" width=\"960\" height=\"640\"\/><br \/>\n    Le trio devant le mur de jouets interactifs, \u00e0 quelques jours du grand lancement. (\u00a9AD \/ actu Paris)<\/p>\n<p class=\" wall-content\">Les deux trentenaires se tournent alors du c\u00f4t\u00e9 des pays anglo-saxons o\u00f9 les social clubs pour chiens pullulent d\u00e9j\u00e0. \u00ab\u00a0Il y a <strong>des grands h\u00f4tels pour chiens<\/strong> et c\u2019est \u00e0 l\u2019am\u00e9ricaine, tout est immense\u00a0\u00bb, poursuit le fondateur. C\u2019est ainsi que n\u00e9e l\u2019id\u00e9e de The Dogry, un n\u00e9ologisme qui s\u2019inspire \u00e0 la fois des bakeries (boulangeries) et des drogueries : \u00ab\u00a0On y trouvera de tout, mais pour les chiens\u00a0\u00bb, sourit \u00c9den.<\/p>\n<p>Yoga pour les humains, piscine \u00e0 balles pour les chiens<\/p>\n<p class=\" wall-content\">La peinture \u00e9tait fra\u00eeche et quelques ouvriers encore sur le pont lors de notre visite du 1er juillet, mais le potentiel du lieu semblait d\u00e9j\u00e0 \u00e9vident. L\u2019\u00e9tage, spacieux et avec sa <strong>verri\u00e8re au plafond<\/strong>, son carrelage mural derri\u00e8re le comptoir du caf\u00e9, ses casiers pour ranger ses affaires de sport (yoga et Pilate) et ses grandes niches o\u00f9 les humains peuvent autant s\u2019y asseoir que les chiens, coche toutes les cases d\u2019un lieu haut de gamme.<\/p>\n<p class=\" wall-content\">\u00ab\u00a0Un lieu premium, avec des prix accessibles\u00a0\u00bb, assure \u00c9den. C\u00f4t\u00e9 budget, justement, il faudra compter <strong>40 euros\/mois pour un abonnement<\/strong> (sans engagement) ou 400 euros\/an. Un prix qui offre un acc\u00e8s illimit\u00e9 au club, sans compter les consommations ou les prestations \u00e0 r\u00e9server comme le toilettage ou, par exemple, les <a href=\"https:\/\/actu.fr\/ile-de-france\/issy-les-moulineaux_92040\/osteopathe-pour-animaux-maia-sillonne-l-ile-de-france-pour-prendre-soin-des-chiens-des-chats-et-des-chevaux_62118809.html\" target=\"_blank\" rel=\"noopener\">s\u00e9ances d\u2019ost\u00e9opathie pour les chiens<\/a> qui auront lieu dans l\u2019espace spa.\u00a0 \u00a0\u00a0<\/p>\n<p>    <img   decoding=\"async\" loading=\"lazy\" src=\"https:\/\/www.europesays.com\/fr\/wp-content\/uploads\/2025\/07\/20250701-105058-960x640.jpg\" alt=\"The Dogry, Eden, Archi et Lenny.\" width=\"960\" height=\"640\"\/><br \/>\n    Les fondateurs dans une niche, \u00e0 l\u2019\u00e9tage. (\u00a9AD \/ actu Paris)<\/p>\n<p class=\" wall-content\">Au sous-sol, <strong>une piscine \u00e0 balle<\/strong>, un grand mur de jouets interactifs et une rampe devraient permettre \u00e0 nos amis \u00e0 quatre pattes de bien s\u2019amuser. \u00c0 l\u2019entr\u00e9e, un test de sociabilit\u00e9 pour s\u2019assurer qu\u2019aucun chien agressif n\u2019entre est install\u00e9, pr\u00e9cise \u00c9den. C\u2019est aussi \u00e0 ce moment que le carnet de vaccination sera demand\u00e9.\u00a0<\/p>\n<p>Un \u00ab\u00a0espace de sociabilit\u00e9 pour tous\u00a0\u00bb\u00a0<\/p>\n<p class=\" wall-content\">Tout ce petit monde sera, ensuite, entre de bonnes mains, puisque \u00c9den s\u2019est form\u00e9 en passant \u00ab\u00a0quasiment tout une ann\u00e9e aux c\u00f4t\u00e9s d\u2019un \u00e9ducateur canin et de sa meute de dix \u00e0 vingt chiens\u00a0\u00bb, tandis qu\u2019une \u00e9ducatrice sera \u00e9galement pr\u00e9sente \u00e0 temps plein.\u00a0<\/p>\n<p class=\" wall-content\"><a href=\"https:\/\/www.instagram.com\/p\/DLDLhofMkT7\/embed\" title=\"Ouvrir le lien sur Instagram\" target=\"_blank\" rel=\"noopener\">Visualiser le contenu sur Instagram<\/a><\/p>\n<p class=\" wall-content\">En soir\u00e9e, le club organisera aussi des \u00e9v\u00e9nements assez vari\u00e9s qui iront d\u2019une masterclass avec un v\u00e9t\u00e9rinaire (pour comprendre comment rationner les croquettes de votre toutou pr\u00e9f\u00e9r\u00e9, entre autres) \u00e0 une soir\u00e9e match entre amis \u00e0 deux et quatre pattes, en passant par des <strong>speed datings (pour les ma\u00eetres)<\/strong>. Les fondateurs pr\u00e9voient aussi des partenariats avec des associations pour, notamment, lutter contre l\u2019abandon des animaux.\u00a0\u00a0<\/p>\n<p class=\" wall-content\">Plus globalement, le lieu se revendique comme un \u00ab\u00a0espace de sociabilit\u00e9\u00a0\u00bb o\u00f9 un jeune couple \u00ab\u00a0qui vient d\u2019avoir son chien\u00a0\u00bb pourra prendre des conseils aupr\u00e8s d\u2019une personne avec davantage d\u2019exp\u00e9rience.\u00a0Dans l\u2019un des trois arrondissements de Paris avec le plus de chiens, la formule semble en tout cas d\u00e9j\u00e0 avoir trouv\u00e9 preneurs, puisque avant son lancement plus de <strong>cinquante personnes s\u2019\u00e9taient d\u00e9j\u00e0 inscrites<\/strong>.\u00a0<\/p>\n<p><strong>Infos pratiques\u00a0<br \/><\/strong>Adresse : 6 rue D\u00e9odat de S\u00e9verac, 75017 Paris.<br \/>Prix : 40 euros pour un abonnement mensuel sans engagement.\u00a0<\/p>\n<p class=\" wall-content\">Suivez toute l\u2019actualit\u00e9 de vos villes et m\u00e9dias favoris en vous inscrivant \u00e0 <a href=\"https:\/\/moncompte.actu.fr\" title=\"D\u00e9couvez Mon Actu\" rel=\"nofollow noopener\" data-trk=\"{&quot;cta&quot;:{&quot;action&quot;:&quot;https:\\\/\\\/moncompte.actu.fr&quot;,&quot;category&quot;:&quot;mon compte&quot;,&quot;from&quot;:&quot;article footer&quot;,&quot;name&quot;:&quot;Mon actu&quot;,&quot;type&quot;:&quot;cta&quot;}}\" target=\"_blank\">Mon Actu<\/a>.<\/p>\n<p>                    <script async src=\"\/\/www.instagram.com\/embed.js\"><\/script><\/p>\n","protected":false},"excerpt":{"rendered":"Par Augustin Delaporte Publi\u00e9 le 8 juil. 2025 \u00e0 6h02 The Dogry ouvre ses portes ce mardi 8&hellip;\n","protected":false},"author":2,"featured_media":234430,"comment_status":"","ping_status":"","sticky":false,"template":"","format":"standard","meta":{"footnotes":""},"categories":[1888],"tags":[1111,1928,11,1927,4850,1777,674,1011,27,1305,12,1926,626,1925,25],"class_list":{"0":"post-234429","1":"post","2":"type-post","3":"status-publish","4":"format-standard","5":"has-post-thumbnail","7":"category-paris","8":"tag-actu","9":"tag-actu-paris","10":"tag-actualites","11":"tag-actualites-paris","12":"tag-chien","13":"tag-eu","14":"tag-europe","15":"tag-fr","16":"tag-france","17":"tag-lifestyle","18":"tag-news","19":"tag-news-paris","20":"tag-paris","21":"tag-paris-news","22":"tag-republique-francaise"},"share_on_mastodon":{"url":"https:\/\/pubeurope.com\/@fr\/114816127478844539","error":""},"_links":{"self":[{"href":"https:\/\/www.europesays.com\/fr\/wp-json\/wp\/v2\/posts\/234429","targetHints":{"allow":["GET"]}}],"collection":[{"href":"https:\/\/www.europesays.com\/fr\/wp-json\/wp\/v2\/posts"}],"about":[{"href":"https:\/\/www.europesays.com\/fr\/wp-json\/wp\/v2\/types\/post"}],"author":[{"embeddable":true,"href":"https:\/\/www.europesays.com\/fr\/wp-json\/wp\/v2\/users\/2"}],"replies":[{"embeddable":true,"href":"https:\/\/www.europesays.com\/fr\/wp-json\/wp\/v2\/comments?post=234429"}],"version-history":[{"count":0,"href":"https:\/\/www.europesays.com\/fr\/wp-json\/wp\/v2\/posts\/234429\/revisions"}],"wp:featuredmedia":[{"embeddable":true,"href":"https:\/\/www.europesays.com\/fr\/wp-json\/wp\/v2\/media\/234430"}],"wp:attachment":[{"href":"https:\/\/www.europesays.com\/fr\/wp-json\/wp\/v2\/media?parent=234429"}],"wp:term":[{"taxonomy":"category","embeddable":true,"href":"https:\/\/www.europesays.com\/fr\/wp-json\/wp\/v2\/categories?post=234429"},{"taxonomy":"post_tag","embeddable":true,"href":"https:\/\/www.europesays.com\/fr\/wp-json\/wp\/v2\/tags?post=234429"}],"curies":[{"name":"wp","href":"https:\/\/api.w.org\/{rel}","templated":true}]}}