{"id":234433,"date":"2025-07-08T06:11:15","date_gmt":"2025-07-08T06:11:15","guid":{"rendered":"https:\/\/www.europesays.com\/fr\/234433\/"},"modified":"2025-07-08T06:11:15","modified_gmt":"2025-07-08T06:11:15","slug":"champigny-sur-marne-apres-le-commissariat-des-policiers-municipaux-attaques-a-coups-de-mortiers","status":"publish","type":"post","link":"https:\/\/www.europesays.com\/fr\/234433\/","title":{"rendered":"Champigny-sur-Marne\u00a0: apr\u00e8s le commissariat, des policiers municipaux attaqu\u00e9s \u00e0 coups de mortiers"},"content":{"rendered":"<p class=\"paragraph text_align_left lp-f-body-02\">La nuit derni\u00e8re, le calme est revenu dans le quartier du Bois l\u2019Abb\u00e9 \u00e0 <a href=\"https:\/\/www.leparisien.fr\/val-de-marne-94\/champigny-sur-marne-94500\/\" target=\"_self\" rel=\"noopener\">Champigny-sur-Marne<\/a> (Val-de-Marne). De quoi offrir un peu de r\u00e9pit aux forces de l\u2019ordre. Apr\u00e8s les <a href=\"https:\/\/www.leparisien.fr\/val-de-marne-94\/nuit-agitee-a-champigny-sur-marne-le-commissariat-vise-par-des-tirs-de-mortiers-lors-dune-coupure-de-courant-04-07-2025-CBPBMH374FHL3EWW6HSRXSW3IA.php\" target=\"_self\" rel=\"noopener\">attaques du commissariat<\/a>, vis\u00e9s par des tirs de mortiers, en plein c\u0153ur de la cit\u00e9, durant les nuits de jeudi \u00e0 vendredi et de vendredi \u00e0 samedi, des petits larrons s\u2019en sont pris \u00e0 la police municipale la nuit suivante.<\/p>\n<p class=\"paragraph text_align_left lp-f-body-02\">\u00ab Suite aux attaques du commissariat des deux derni\u00e8res nuits, une \u00e9quipe a \u00e9t\u00e9 mise en place pour patrouiller plus sp\u00e9cifiquement dans le secteur \u00bb, d\u00e9crit un proche de ces dossiers. C\u2019est elle qui a \u00e9t\u00e9 prise pour cible, dans la nuit de ce samedi \u00e0 dimanche. Aux alentours de minuit, \u00e0 hauteur du mail Rodin, en plein c\u0153ur du <a href=\"https:\/\/www.leparisien.fr\/val-de-marne-94\/val-de-marne-stand-sur-le-marche-maison-du-projet-la-renovation-du-bois-labbe-au-plus-pres-des-habitants-09-07-2024-WB44M33KZRHUVGD6DXBWPFSAI4.php\" target=\"_self\" rel=\"noopener\">Bois l\u2019Abb\u00e9<\/a>, les policiers se sont retrouv\u00e9s sous un d\u00e9luge de mortiers. \u00ab Ils ont \u00e9t\u00e9 vis\u00e9s par une dizaine de tirs \u00bb, d\u00e9taille une source. La r\u00e9action ne s\u2019est pas fait attendre. \u00ab Ils ont ripost\u00e9 au lanceur de balles de d\u00e9fense (LBD) \u00e0 trois reprises \u00bb, glisse une autre source.<\/p>\n<p class=\"paragraph text_align_left lp-f-body-02\">Personne n\u2019a \u00e9t\u00e9 bless\u00e9. Les assaillants ont imm\u00e9diatement pris la fuite et ont disparu dans les all\u00e9es et ruelles du quartier.<\/p>\n<p>Un mineur remis dehors en attendant les suites de l\u2019enqu\u00eate<\/p>\n<p class=\"paragraph text_align_left lp-f-body-02\">En revanche, lors de la seconde attaque du commissariat, <a href=\"https:\/\/www.leparisien.fr\/val-de-marne-94\/champigny-un-homme-interpelle-apres-de-nouveaux-tirs-de-mortiers-sur-le-commissariat-05-07-2025-G5HTSGUWXZGU5KRSISENUYAGJE.php\" target=\"_self\" rel=\"noopener\">les policiers avaient interpell\u00e9 un suspect<\/a>. Ce dernier, mineur, avait perdu son t\u00e9l\u00e9phone portable et s\u2019\u00e9tait rendu \u00e0 l\u2019h\u00f4tel de police. \u00ab La garde \u00e0 vue a \u00e9t\u00e9 lev\u00e9e et les investigations se poursuivent en enqu\u00eate pr\u00e9liminaire \u00bb, indique le parquet de Cr\u00e9teil ce lundi.<\/p>\n<p class=\"paragraph text_align_left lp-f-body-02\">Dans ce cadre, les enqu\u00eateurs vont chercher \u00e0 savoir si le mineur interpell\u00e9 a pu participer \u00e0 la premi\u00e8re attaque. Pour cela, ils compareront les empreintes papillaire et g\u00e9n\u00e9tique du suspect avec celles \u00e9ventuellement retrouv\u00e9es. En effet, les fonctionnaires de police apr\u00e8s avoir mis en fuite les assaillants avaient mis la main sur des munitions, \u00e0 savoir plusieurs mortiers et des briquets.<\/p>\n","protected":false},"excerpt":{"rendered":"La nuit derni\u00e8re, le calme est revenu dans le quartier du Bois l\u2019Abb\u00e9 \u00e0 Champigny-sur-Marne (Val-de-Marne). De quoi&hellip;\n","protected":false},"author":2,"featured_media":234434,"comment_status":"","ping_status":"","sticky":false,"template":"","format":"standard","meta":{"footnotes":""},"categories":[1888],"tags":[11,1777,674,1011,27,1944,12,626,25,1125],"class_list":{"0":"post-234433","1":"post","2":"type-post","3":"status-publish","4":"format-standard","5":"has-post-thumbnail","7":"category-paris","8":"tag-actualites","9":"tag-eu","10":"tag-europe","11":"tag-fr","12":"tag-france","13":"tag-ma-ville","14":"tag-news","15":"tag-paris","16":"tag-republique-francaise","17":"tag-val-de-marne"},"share_on_mastodon":{"url":"https:\/\/pubeurope.com\/@fr\/114816135162271490","error":""},"_links":{"self":[{"href":"https:\/\/www.europesays.com\/fr\/wp-json\/wp\/v2\/posts\/234433","targetHints":{"allow":["GET"]}}],"collection":[{"href":"https:\/\/www.europesays.com\/fr\/wp-json\/wp\/v2\/posts"}],"about":[{"href":"https:\/\/www.europesays.com\/fr\/wp-json\/wp\/v2\/types\/post"}],"author":[{"embeddable":true,"href":"https:\/\/www.europesays.com\/fr\/wp-json\/wp\/v2\/users\/2"}],"replies":[{"embeddable":true,"href":"https:\/\/www.europesays.com\/fr\/wp-json\/wp\/v2\/comments?post=234433"}],"version-history":[{"count":0,"href":"https:\/\/www.europesays.com\/fr\/wp-json\/wp\/v2\/posts\/234433\/revisions"}],"wp:featuredmedia":[{"embeddable":true,"href":"https:\/\/www.europesays.com\/fr\/wp-json\/wp\/v2\/media\/234434"}],"wp:attachment":[{"href":"https:\/\/www.europesays.com\/fr\/wp-json\/wp\/v2\/media?parent=234433"}],"wp:term":[{"taxonomy":"category","embeddable":true,"href":"https:\/\/www.europesays.com\/fr\/wp-json\/wp\/v2\/categories?post=234433"},{"taxonomy":"post_tag","embeddable":true,"href":"https:\/\/www.europesays.com\/fr\/wp-json\/wp\/v2\/tags?post=234433"}],"curies":[{"name":"wp","href":"https:\/\/api.w.org\/{rel}","templated":true}]}}