{"id":234435,"date":"2025-07-08T06:12:12","date_gmt":"2025-07-08T06:12:12","guid":{"rendered":"https:\/\/www.europesays.com\/fr\/234435\/"},"modified":"2025-07-08T06:12:12","modified_gmt":"2025-07-08T06:12:12","slug":"les-valeurs-a-suivre-a-paris-et-en-europe-actualise-08-07-2025-a-0759","status":"publish","type":"post","link":"https:\/\/www.europesays.com\/fr\/234435\/","title":{"rendered":"Les valeurs \u00e0 suivre \u00e0 Paris et en Europe (actualis\u00e9) &#8211; 08\/07\/2025 \u00e0 07:59"},"content":{"rendered":"<p>\n (Actualis\u00e9 avec BNP Paribas, UBS, Peugeot Invest, Vallourec,<br \/>\nNovartis, Aramis)\n<\/p>\n<p>\n *\n<\/p>\n<p>\n Variation des futures sur indice CAC 40  0#FCE:\n<\/p>\n<p>\n *\n<\/p>\n<p>\n Variation des futures sur indice Stoxx 600  0#FXXP:\n<\/p>\n<p>\n *\n<\/p>\n<p>\n Valeurs qui se traitent ex-dividende  .EX.PA\n<\/p>\n<p>\n *\n<\/p>\n<p>\n Le point sur les march\u00e9s europ\u00e9ens  .EUFR\n<\/p>\n<p>\n Les valeurs \u00e0 suivre mardi<br \/>\n\u00e0 la Bourse de Paris et en Europe :\n<\/p>\n<p>\n * BNP PARIBAS<br \/>\n <a href=\"https:\/\/www.boursorama.com\/cours\/1rPBNP\/\" rel=\"nofollow noopener\" target=\"_blank\"><br \/>\n  BNPP.PA<br \/>\n <\/a><br \/>\n a annonc\u00e9 lundi la nomination de<br \/>\ndeux nouveaux directeurs g\u00e9n\u00e9raux adjoints.\n<\/p>\n<p>\n * VALLOUREC<br \/>\n <a href=\"https:\/\/www.boursorama.com\/cours\/1rPVK\/\" rel=\"nofollow noopener\" target=\"_blank\"><br \/>\n  VLLP.PA<br \/>\n <\/a><br \/>\n a indiqu\u00e9 mardi avoir remport\u00e9<br \/>\ndeux contrats OCTG en Irak avec CNOOC et avec PetroChina.\n<\/p>\n<p>\n * CARREFOUR<br \/>\n <a href=\"https:\/\/www.boursorama.com\/cours\/1rPCA\/\" rel=\"nofollow noopener\" target=\"_blank\"><br \/>\n  CARR.PA<br \/>\n <\/a><br \/>\n a annonc\u00e9 lundi la cr\u00e9ation, avec<br \/>\ncoop\u00e9rative U, d&rsquo;une nouvelle alliance europ\u00e9enne aux achats.\n<\/p>\n<p>\n * PEUGEOT INVEST SA<br \/>\n <a href=\"https:\/\/www.boursorama.com\/cours\/1rPPEUG\/\" rel=\"nofollow noopener\" target=\"_blank\"><br \/>\n  PEUG.PA<br \/>\n <\/a><br \/>\n a c\u00e9d\u00e9 mardi le solde de<br \/>\nsa participation dans SPIE pour un produit d&rsquo;environ 193<br \/>\nmillions d&rsquo;euros.\n<\/p>\n<p>\n * IPSOS<br \/>\n <a href=\"https:\/\/www.boursorama.com\/cours\/1rPIPS\/\" rel=\"nofollow noopener\" target=\"_blank\"><br \/>\n  ISOS.PA<br \/>\n <\/a><br \/>\n a acquis la division Sant\u00e9 d\u2019InMoment en<br \/>\nAllemagne.\n<\/p>\n<p>\n * AUBAY<br \/>\n <a href=\"https:\/\/www.boursorama.com\/cours\/1rPAUB\/\" rel=\"nofollow noopener\" target=\"_blank\"><br \/>\n  AUBT.PA<br \/>\n <\/a><br \/>\n a finalis\u00e9 l&rsquo;acquisition de Solutec.\n<\/p>\n<p>\n * ALSTOM<br \/>\n <a href=\"https:\/\/www.boursorama.com\/cours\/1rPALO\/\" rel=\"nofollow noopener\" target=\"_blank\"><br \/>\n  ALSO.PA<br \/>\n <\/a><br \/>\n et la soci\u00e9t\u00e9 nationale de chemin de fer<br \/>\nchilienne Empresa de los Ferrocarriles del Estado (EFE) ont<br \/>\nsign\u00e9 un contrat pour la maintenance des syst\u00e8mes de<br \/>\nsignalisation ferroviaire de la ligne de banlieue Santiago\u2013Nos.\n<\/p>\n<p>\n La soci\u00e9t\u00e9 fran\u00e7aise a \u00e9galement sign\u00e9 lundi un contrat de 2<br \/>\nmilliards d&rsquo;euros pour des trains de banlieue new-yorkais.\n<\/p>\n<p>\n * ARAMIS<br \/>\n <a href=\"https:\/\/www.boursorama.com\/cours\/1rPARAMI\/\" rel=\"nofollow noopener\" target=\"_blank\"><br \/>\n  ARAMI.PA<br \/>\n <\/a><br \/>\n a mis lundi \u00e0 jour ses pr\u00e9visions pour<br \/>\nl&rsquo;ensemble de l&rsquo;ann\u00e9e, pr\u00e9voyant un Ebitda d&rsquo;environ 65 millions<br \/>\nd&rsquo;euros en 2025\n<\/p>\n<p>\n * UBS<br \/>\n <a href=\"https:\/\/www.boursorama.com\/cours\/2aUBSG\/\" rel=\"nofollow noopener\" target=\"_blank\"><br \/>\n  UBSG.S<br \/>\n <\/a><br \/>\n &#8211; La banque suisse fait face \u00e0 deux proc\u00e8s<br \/>\nintent\u00e9s par des investisseurs affirmant que Cr\u00e9dit Suisse,<br \/>\nqu&rsquo;il a rachet\u00e9 en mars 2023, les a escroqu\u00e9s \u00e0 travers des<br \/>\nd\u00e9clarations trompeuses, a d\u00e9cid\u00e9 lundi un juge am\u00e9ricain.\n<\/p>\n<p>\n * NOVARTIS<br \/>\n <a href=\"https:\/\/www.boursorama.com\/cours\/2aNOVN\/\" rel=\"nofollow noopener\" target=\"_blank\"><br \/>\n  NOVN.S<br \/>\n <\/a><br \/>\n a d\u00e9clar\u00e9 mardi avoir re\u00e7u<br \/>\nl&rsquo;approbation de la Suisse pour Coartem, le premier m\u00e9dicament<br \/>\ndestin\u00e9 \u00e0 traiter le paludisme chez les b\u00e9b\u00e9s et les jeunes<br \/>\nenfants.\n<\/p>\n<p>\n L&rsquo;AGENDA FRANCE &amp; INTERNATIONAL \u00c0 7 JOURS:<\/p>\n<p> nL8N3T10VM\n<\/p>\n<p>\n (R\u00e9dig\u00e9 par Mara V\u00eelcu et Bertrand De Meyer, \u00e9dit\u00e9 par Kate<br \/>\nEntringer)<\/p>\n","protected":false},"excerpt":{"rendered":"(Actualis\u00e9 avec BNP Paribas, UBS, Peugeot Invest, Vallourec, Novartis, Aramis) * Variation des futures sur indice CAC 40&hellip;\n","protected":false},"author":2,"featured_media":64038,"comment_status":"","ping_status":"","sticky":false,"template":"","format":"standard","meta":{"footnotes":""},"categories":[1888],"tags":[400,11,398,408,405,1777,674,1011,27,403,402,399,404,12,626,25,401,406,407],"class_list":{"0":"post-234435","1":"post","2":"type-post","3":"status-publish","4":"format-standard","5":"has-post-thumbnail","7":"category-paris","8":"tag-action-cac-40","9":"tag-actualites","10":"tag-bourse-de-paris","11":"tag-boursorama","12":"tag-cotations","13":"tag-eu","14":"tag-europe","15":"tag-fr","16":"tag-france","17":"tag-indices-devises","18":"tag-investir","19":"tag-investissement","20":"tag-marche-boursier","21":"tag-news","22":"tag-paris","23":"tag-republique-francaise","24":"tag-sicav","25":"tag-trackers","26":"tag-warrants"},"share_on_mastodon":{"url":"https:\/\/pubeurope.com\/@fr\/114816138866308490","error":""},"_links":{"self":[{"href":"https:\/\/www.europesays.com\/fr\/wp-json\/wp\/v2\/posts\/234435","targetHints":{"allow":["GET"]}}],"collection":[{"href":"https:\/\/www.europesays.com\/fr\/wp-json\/wp\/v2\/posts"}],"about":[{"href":"https:\/\/www.europesays.com\/fr\/wp-json\/wp\/v2\/types\/post"}],"author":[{"embeddable":true,"href":"https:\/\/www.europesays.com\/fr\/wp-json\/wp\/v2\/users\/2"}],"replies":[{"embeddable":true,"href":"https:\/\/www.europesays.com\/fr\/wp-json\/wp\/v2\/comments?post=234435"}],"version-history":[{"count":0,"href":"https:\/\/www.europesays.com\/fr\/wp-json\/wp\/v2\/posts\/234435\/revisions"}],"wp:featuredmedia":[{"embeddable":true,"href":"https:\/\/www.europesays.com\/fr\/wp-json\/wp\/v2\/media\/64038"}],"wp:attachment":[{"href":"https:\/\/www.europesays.com\/fr\/wp-json\/wp\/v2\/media?parent=234435"}],"wp:term":[{"taxonomy":"category","embeddable":true,"href":"https:\/\/www.europesays.com\/fr\/wp-json\/wp\/v2\/categories?post=234435"},{"taxonomy":"post_tag","embeddable":true,"href":"https:\/\/www.europesays.com\/fr\/wp-json\/wp\/v2\/tags?post=234435"}],"curies":[{"name":"wp","href":"https:\/\/api.w.org\/{rel}","templated":true}]}}