{"id":234442,"date":"2025-07-08T06:16:11","date_gmt":"2025-07-08T06:16:11","guid":{"rendered":"https:\/\/www.europesays.com\/fr\/234442\/"},"modified":"2025-07-08T06:16:11","modified_gmt":"2025-07-08T06:16:11","slug":"accueillis-par-kate-et-william-a-windsor-les-macron-lancent-une-visite-detat-royale-au-royaume-uni","status":"publish","type":"post","link":"https:\/\/www.europesays.com\/fr\/234442\/","title":{"rendered":"Accueillis par Kate et William \u00e0 Windsor, les Macron lancent une visite d&rsquo;\u00c9tat royale au Royaume-Uni"},"content":{"rendered":"<ul class=\"jsx-862013697 ArticleChapo__List\">\n<li class=\"jsx-862013697 ArticleChapo__List_Item flex\">Emmanuel Macron et son \u00e9pouse Brigitte d\u00e9butent ce mardi 8 juillet une visite d\u2019\u00c9tat de trois jours, la premi\u00e8re pour un pr\u00e9sident fran\u00e7ais depuis Nicolas Sarkozy en 2008.<\/li>\n<li class=\"jsx-862013697 ArticleChapo__List_Item flex\">Le ch\u00e2teau de Windsor, au nord de Londres, sera au c\u0153ur de ce grand raout diplomatique qui tend aussi \u00e0 montrer l\u2019amiti\u00e9 entre le chef de l\u2019\u00c9tat fran\u00e7ais et le roi Charles III.<\/li>\n<li class=\"jsx-862013697 ArticleChapo__List_Item flex\">Le couple Macron doit aussi se recueillir en priv\u00e9 sur la tombe d\u2019Elizabeth II, qui repose dans la chapelle Saint-George.<\/li>\n<\/ul>\n<p data-module=\"article-paragraph\" class=\"jsx-3046738180 Paragraph\">Deux ans apr\u00e8s avoir jou\u00e9 les h\u00f4tes, ils sont cette fois les invit\u00e9s. Emmanuel et Brigitte Macron sont attendus au Royaume-Uni d\u00e8s ce mardi 8 juillet pour une visite d\u2019\u00c9tat de trois jours sur le sol britannique, faisant suite \u00e0 <a href=\"https:\/\/www.tf1info.fr\/actualite\/apres-la-mort-d-elizabeth-ii-charles-iii-le-nouveau-roi-d-angleterre-13075\/\" target=\"_blank\" rel=\"noopener\">celle du roi Charles III et de la reine Camilla dans l\u2019Hexagone<\/a> en septembre 2023.<\/p>\n<p data-module=\"article-paragraph\" class=\"jsx-3046738180 Paragraph Paragraph__End\">En raison des travaux en cours \u00e0 Buckingham Palace, c\u2019est au ch\u00e2teau de Windsor que se concentreront la majorit\u00e9 des activit\u00e9s r\u00e9unissant la famille royale. Une premi\u00e8re depuis la r\u00e9ception du pr\u00e9sident irlandais il y a onze ans, rappelle la presse britannique. Mais ce ne sera pas le seul \u00e9l\u00e9ment in\u00e9dit d\u2019un s\u00e9jour que Sky News qualifie d\u00e9j\u00e0 d\u2019\u00a0\u00bbatypique\u00a0\u00bb.<\/p>\n<p>D\u00eener de gala et visite des jardins<\/p>\n<p data-module=\"article-paragraph\" class=\"jsx-3046738180 Paragraph Paragraph__End\">Le couple Macron ne sera pas accueilli par le roi mais par l\u2019h\u00e9ritier du tr\u00f4ne. Le prince William sera sur le tarmac de la base de RAF Northolt en compagnie de son \u00e9pouse Kate, de quoi rassurer sur son \u00e9tat de sant\u00e9. <a href=\"https:\/\/www.tf1info.fr\/culture\/decue-kate-middleton-renonce-a-un-evenement-a-la-derniere-minute-pour-preserver-sa-sante-2377783.html\" target=\"_blank\" rel=\"noopener\">Apr\u00e8s avoir renonc\u00e9 \u00e0 assister aux courses hippiques de Royal Ascot<\/a>, la princesse de Galles a compar\u00e9 cette semaine <a href=\"https:\/\/www.tf1info.fr\/culture\/famille-royale-royaume-uni-montagnes-russes-et-moments-difficiles-la-princesse-kate-se-confie-sur-sa-guerison-apres-le-cancer-2380522.html\" target=\"_blank\" rel=\"noopener\">la vie apr\u00e8s le cancer \u00e0 \u00ab\u00a0des montagnes russes\u00a0\u00bb<\/a>. Une fois arriv\u00e9s \u00e0 Windsor, o\u00f9 les attendront Charles et Camilla, ils d\u00e9fileront tous ensemble en carrosse dans les rues de la ville, <a href=\"https:\/\/www.tf1info.fr\/culture\/reportage-a-windsor-nous-avons-pu-mesurer-la-popularite-sonore-de-meghan-markle-prince-harry-2087838.html\" target=\"_blank\" rel=\"noopener\">comme l\u2019avaient fait Meghan et Harry au m\u00eame endroit<\/a>.<\/p>\n<p data-module=\"article-paragraph\" class=\"jsx-3046738180 Paragraph Paragraph__End\">L\u2019apr\u00e8s-midi, le roi et la reine emm\u00e8neront le pr\u00e9sident fran\u00e7ais et son \u00e9pouse \u00e0 Londres pour visiter l\u2019abbaye de Westminster puis au Parlement voisin o\u00f9 Emmanuel Macron s\u2019exprimera devant les \u00e9lus britanniques. Un d\u00eener de gala, <a href=\"https:\/\/www.tf1info.fr\/culture\/video-amitie-franco-britannique-climat-revivez-le-toast-en-francais-et-un-peu-en-anglais-de-charles-iii-a-versailles-2270460.html\" target=\"_blank\" rel=\"noopener\">semblable \u00e0 celui organis\u00e9 au ch\u00e2teau de Versailles<\/a>, se tiendra le soir-m\u00eame \u00e0 Windsor. Sans que l\u2019on sache pour l\u2019instant si Kate, qui vit non loin avec William et leurs trois enfants, y participera. La presse britannique rapporte aussi que le couple pr\u00e9sidentiel fran\u00e7ais se recueillera en priv\u00e9 sur la tombe d\u2019Elizabeth II, <a href=\"https:\/\/www.tf1info.fr\/international\/video-inhumation-d-elizabeth-ii-un-moment-historique-2232783.html\" target=\"_blank\" rel=\"noopener\">qui repose dans la chapelle Saint-George<\/a>, mercredi matin.<\/p>\n<p><a href=\"https:\/\/www.tf1info.fr\/culture\/en-images-kate-middleton-et-la-famille-royale-celebrent-l-anniversaire-de-charles-iii-a-londres-2377015.html\" rel=\"noopener\" class=\"jsx-3308031228 Link flex\" target=\"_blank\"><img decoding=\"async\" src=\"https:\/\/www.europesays.com\/fr\/wp-content\/uploads\/2025\/07\/trooping-the-colour-2025-famille-royale-charles-iii-kate-270142-1@1x.jpeg\" alt=\"La famille royale au balcon de Buckingham Palace pour conclure le Trooping the Colour, l'\u00e9v\u00e8nement annuel qui marque l'anniversaire du souverain britannique, le 14 juin 2025.\" loading=\"lazy\" importance=\"low\" fetchpriority=\"low\" class=\"\" aria-hidden=\"true\"\/><\/p>\n<p class=\"jsx-3657663356 ReadMoreArticle__Title\">Lire aussi<\/p>\n<p class=\"jsx-3657663356\">EN IMAGES \u2013 Tout sourire, Kate Middleton et la famille royale c\u00e9l\u00e8brent l&rsquo;anniversaire de Charles III <\/p>\n<p><\/a><\/p>\n<p data-module=\"article-paragraph\" class=\"jsx-3046738180 Paragraph Paragraph__End\">Autre point de ce programme aussi in\u00e9dit que personnel, Charles III emm\u00e8nera Emmanuel Macron d\u00e9couvrir les jardins du ch\u00e2teau de Windsor mais aussi prendre des nouvelles de Fabuleu de Maucour, le cheval offert par les Macron \u00e0 Elizabeth II pour son jubil\u00e9 de platine quelques mois avant sa mort. Le couple pr\u00e9sidentiel fran\u00e7ais prendra ensuite la direction de Londres pour un d\u00e9jeuner avec le Premier ministre Starmer et son \u00e9pouse, une exposition sur l\u2019IA mais aussi un \u00e9change avec des chercheurs en haute technologie avant de conclure cette visite d\u2019\u00c9tat jeudi par un sommet Royaume-Uni\/France au 10 Downing Street.<\/p>\n<p>Delphine DE FREITAS<\/p>\n","protected":false},"excerpt":{"rendered":"Emmanuel Macron et son \u00e9pouse Brigitte d\u00e9butent ce mardi 8 juillet une visite d\u2019\u00c9tat de trois jours, la&hellip;\n","protected":false},"author":2,"featured_media":234443,"comment_status":"","ping_status":"","sticky":false,"template":"","format":"standard","meta":{"footnotes":""},"categories":[1588],"tags":[1111,11,1921,986,581,20075,1073,1777,674,27,1922,5858,2581,2041,12,3936,473,1853,1851,1850,1852,133,2040],"class_list":{"0":"post-234442","1":"post","2":"type-post","3":"status-publish","4":"format-standard","5":"has-post-thumbnail","7":"category-royaume-uni","8":"tag-actu","9":"tag-actualites","10":"tag-article-video","11":"tag-brigitte-macron","12":"tag-charles-iii","13":"tag-elizabeth-ii","14":"tag-emmanuel-macron","15":"tag-eu","16":"tag-europe","17":"tag-france","18":"tag-info","19":"tag-kate-middleton","20":"tag-keir-starmer","21":"tag-medias-et-divertissement","22":"tag-news","23":"tag-prince-william","24":"tag-royaume-uni","25":"tag-royaume-uni-de-grande-bretagne-et-dirlande-du-nord","26":"tag-uk","27":"tag-united-kingdom","28":"tag-united-kingdom-of-great-britain-and-northern-ireland","29":"tag-video","30":"tag-video-culture"},"share_on_mastodon":{"url":"https:\/\/pubeurope.com\/@fr\/114816154583275779","error":""},"_links":{"self":[{"href":"https:\/\/www.europesays.com\/fr\/wp-json\/wp\/v2\/posts\/234442","targetHints":{"allow":["GET"]}}],"collection":[{"href":"https:\/\/www.europesays.com\/fr\/wp-json\/wp\/v2\/posts"}],"about":[{"href":"https:\/\/www.europesays.com\/fr\/wp-json\/wp\/v2\/types\/post"}],"author":[{"embeddable":true,"href":"https:\/\/www.europesays.com\/fr\/wp-json\/wp\/v2\/users\/2"}],"replies":[{"embeddable":true,"href":"https:\/\/www.europesays.com\/fr\/wp-json\/wp\/v2\/comments?post=234442"}],"version-history":[{"count":0,"href":"https:\/\/www.europesays.com\/fr\/wp-json\/wp\/v2\/posts\/234442\/revisions"}],"wp:featuredmedia":[{"embeddable":true,"href":"https:\/\/www.europesays.com\/fr\/wp-json\/wp\/v2\/media\/234443"}],"wp:attachment":[{"href":"https:\/\/www.europesays.com\/fr\/wp-json\/wp\/v2\/media?parent=234442"}],"wp:term":[{"taxonomy":"category","embeddable":true,"href":"https:\/\/www.europesays.com\/fr\/wp-json\/wp\/v2\/categories?post=234442"},{"taxonomy":"post_tag","embeddable":true,"href":"https:\/\/www.europesays.com\/fr\/wp-json\/wp\/v2\/tags?post=234442"}],"curies":[{"name":"wp","href":"https:\/\/api.w.org\/{rel}","templated":true}]}}