{"id":234448,"date":"2025-07-08T06:19:11","date_gmt":"2025-07-08T06:19:11","guid":{"rendered":"https:\/\/www.europesays.com\/fr\/234448\/"},"modified":"2025-07-08T06:19:11","modified_gmt":"2025-07-08T06:19:11","slug":"union-europeenne-vers-une-simplification-des-obligations-declaratives-liees-a-la-taxonomie","status":"publish","type":"post","link":"https:\/\/www.europesays.com\/fr\/234448\/","title":{"rendered":"Union europ\u00e9enne : vers une simplification des obligations d\u00e9claratives li\u00e9es \u00e0 la Taxonomie"},"content":{"rendered":"<p>                        <img width=\"750\" height=\"536\" class=\"attachment-jnews-750x536 size-jnews-750x536 lazyload wp-post-image\" alt=\"Webconf\u00e9rence | Export : l\u2019enjeu carbone\" decoding=\"async\" fetchpriority=\"high\"  src=\"https:\/\/www.europesays.com\/fr\/wp-content\/uploads\/2025\/07\/istockphoto-1299953733-2048x2048-1-750x536.jpg\"  data- data-expand=\"700\"\/><\/p>\n<p class=\"wp-caption-text\">Reduce Carbon Dioxide Emissions to Limit Global Warming and Climate Change. Commitment to Paris Agreement to Lower CO2 levels with Sustainable Development as Renewable Energy and Electric Vehicles<\/p>\n<p>La Commission europ\u00e9enne a adopt\u00e9 le 4 juillet un projet d\u2019acte d\u00e9l\u00e9gu\u00e9 visant \u00e0 simplifier les formalit\u00e9s autour de l\u2019application de la taxonomie, ce code qui r\u00e9git les crit\u00e8res de durabilit\u00e9 pour les entreprises, et donc d\u2019\u00e9ligibilit\u00e9 aux aides du \u00ab Pacte vert \u00bb. Le texte doit \u00e0 pr\u00e9sent \u00eatre soumis au Parlement et au [\u2026]<\/p>\n","protected":false},"excerpt":{"rendered":"Reduce Carbon Dioxide Emissions to Limit Global Warming and Climate Change. Commitment to Paris Agreement to Lower CO2&hellip;\n","protected":false},"author":2,"featured_media":234449,"comment_status":"","ping_status":"","sticky":false,"template":"","format":"standard","meta":{"footnotes":""},"categories":[1586],"tags":[11,1777,674,1779,1011,27,12,8308,25,37310,37311,1778,364],"class_list":{"0":"post-234448","1":"post","2":"type-post","3":"status-publish","4":"format-standard","5":"has-post-thumbnail","7":"category-europe","8":"tag-actualites","9":"tag-eu","10":"tag-europe","11":"tag-european-union","12":"tag-fr","13":"tag-france","14":"tag-news","15":"tag-pacte-vert","16":"tag-republique-francaise","17":"tag-simplification","18":"tag-taxonomie","19":"tag-ue","20":"tag-union-europeenne"},"share_on_mastodon":{"url":"https:\/\/pubeurope.com\/@fr\/114816166463515887","error":""},"_links":{"self":[{"href":"https:\/\/www.europesays.com\/fr\/wp-json\/wp\/v2\/posts\/234448","targetHints":{"allow":["GET"]}}],"collection":[{"href":"https:\/\/www.europesays.com\/fr\/wp-json\/wp\/v2\/posts"}],"about":[{"href":"https:\/\/www.europesays.com\/fr\/wp-json\/wp\/v2\/types\/post"}],"author":[{"embeddable":true,"href":"https:\/\/www.europesays.com\/fr\/wp-json\/wp\/v2\/users\/2"}],"replies":[{"embeddable":true,"href":"https:\/\/www.europesays.com\/fr\/wp-json\/wp\/v2\/comments?post=234448"}],"version-history":[{"count":0,"href":"https:\/\/www.europesays.com\/fr\/wp-json\/wp\/v2\/posts\/234448\/revisions"}],"wp:featuredmedia":[{"embeddable":true,"href":"https:\/\/www.europesays.com\/fr\/wp-json\/wp\/v2\/media\/234449"}],"wp:attachment":[{"href":"https:\/\/www.europesays.com\/fr\/wp-json\/wp\/v2\/media?parent=234448"}],"wp:term":[{"taxonomy":"category","embeddable":true,"href":"https:\/\/www.europesays.com\/fr\/wp-json\/wp\/v2\/categories?post=234448"},{"taxonomy":"post_tag","embeddable":true,"href":"https:\/\/www.europesays.com\/fr\/wp-json\/wp\/v2\/tags?post=234448"}],"curies":[{"name":"wp","href":"https:\/\/api.w.org\/{rel}","templated":true}]}}