{"id":234450,"date":"2025-07-08T06:20:10","date_gmt":"2025-07-08T06:20:10","guid":{"rendered":"https:\/\/www.europesays.com\/fr\/234450\/"},"modified":"2025-07-08T06:20:10","modified_gmt":"2025-07-08T06:20:10","slug":"benyamin-netanyahou-triomphe-chez-donald-trump","status":"publish","type":"post","link":"https:\/\/www.europesays.com\/fr\/234450\/","title":{"rendered":"Benyamin Netanyahou triomphe chez Donald Trump"},"content":{"rendered":"<p><strong>D\u00c9CRYPTAGE <\/strong>&#8211; Le premier ministre isra\u00e9lien a annonc\u00e9 au pr\u00e9sident am\u00e9ricain qu\u2019il l\u2019avait pr\u00e9sent\u00e9 au prix Nobel de la Paix. Il a \u00e9galement expliqu\u00e9 que \u00ables Palestiniens devraient avoir tous les pouvoirs pour se gouverner eux-m\u00eames, mais aucun pouvoir pour nous menacer\u00bb.<\/p>\n<p class=\"fig-paragraph\"><a href=\"http:\/\/www.lefigaro.fr\/international\/notre-conversation-avec-trump-peut-faire-avancer-ce-que-nous-esperons-tous-netanyahou-a-la-maison-blanche-pour-un-cessez-le-feu-a-gaza-20250707\" data-fig-type=\"Article\" data-gtm-custom-categorie=\"navigation\" data-gtm-custom-action=\"crossclick\" data-gtm-custom-label=\"Contextuel\" data-gtm-event=\"customEventSPE\" data-fig-domain=\"LEFIGARO\" target=\"_blank\" rel=\"noopener\">Donald Trump et Benyamin Netanyahou<\/a>\u00a0se sont f\u00e9licit\u00e9s l\u2019un l\u2019autre. Lors d\u2019un d\u00eener lundi soir \u00e0 la Maison-Blanche, le premier ministre isra\u00e9lien a propos\u00e9 le pr\u00e9sident am\u00e9ricain\u00a0<a href=\"http:\/\/www.lefigaro.fr\/international\/netanyahou-dit-avoir-presente-la-nomination-de-trump-pour-le-nobel-de-la-paix-20250708\" data-fig-type=\"NewsFlash\" data-gtm-custom-categorie=\"navigation\" data-gtm-custom-action=\"crossclick\" data-gtm-custom-label=\"Contextuel\" data-gtm-event=\"customEventSPE\" data-fig-domain=\"LEFIGARO\" target=\"_blank\" rel=\"noopener\">pour le prix Nobel de la Paix<\/a>. \u00ab Il forge la paix au moment m\u00eame o\u00f9 nous parlons, un pays de la r\u00e9gion apr\u00e8s l\u2019autre\u00a0\u00bb, a dit Netanyahou en remettant \u00e0 Trump une lettre de nomination qu\u2019il a dit avoir envoy\u00e9e au comit\u00e9 Nobel.<\/p>\n<p class=\"fig-paragraph\">\u00ab Je tiens \u00e0 exprimer la gratitude et l\u2019admiration non seulement de tous les Isra\u00e9liens, mais aussi du peuple juif. Vous le m\u00e9ritez\u00a0\u00bb, a-t-il ajout\u00e9. \u00ab Venant de vous en particulier, cela rev\u00eat une grande importance\u00a0\u00bb, lui a r\u00e9pondu Trump. La troisi\u00e8me visite de Netanyahou \u00e0\u00a0<a href=\"http:\/\/www.lefigaro.fr\/flash-eco\/maison-blanche-la-nomination-du-prochain-president-de-la-fed-n-est-pas-imminente-20250626\" data-fig-type=\"NewsFlash\" data-gtm-custom-categorie=\"navigation\" data-gtm-custom-action=\"crossclick\" data-gtm-custom-label=\"Contextuel\" data-gtm-event=\"customEventSPE\" data-fig-domain=\"LEFIGARO\" target=\"_blank\" rel=\"noopener\">la Maison-Blanche<\/a>\u00a0depuis le retour de Trump au pouvoir \u00e9tait celle du triomphe. La premi\u00e8re, en f\u00e9vrier dernier, lui avait accord\u00e9 le privil\u00e8ge d\u2019\u00eatre le premier dirigeant \u00e9tranger \u00e0 \u00eatre re\u00e7u par le nouveau pr\u00e9sident.<\/p>\n<p class=\"fig-paragraph\">La deuxi\u00e8me, en avril, avait vu Netanyahou contraint d\u2019accepter l\u2019annonce par Trump de la\u2026<\/p>\n<p class=\"fig-premium-paywall__infos\">\n        Cet article est r\u00e9serv\u00e9 aux abonn\u00e9s.        Il vous reste 71% \u00e0 d\u00e9couvrir.\n    <\/p>\n<p>                <img  data- alt=\"Le Figaro\" class=\"fig-img--complete fig-img\"\/><\/p>\n<p class=\"fig-premium-paywall__title\">Vous avez envie de lire la suite ?<\/p>\n<p class=\"fig-premium-paywall__subtitle\">D\u00e9bloquez tous les articles imm\u00e9diatement.<\/p>\n<p class=\"fig-premium-paywall__connect\">\n                D\u00e9j\u00e0 abonn\u00e9\u00a0?                <a class=\"fig-premium-paywall__connect-link\" href=\"https:\/\/connect.lefigaro.fr\/login?client=horizon_web&amp;type=main&amp;redirect_uri=https%3A%2F%2Fwww.lefigaro.fr%2Finternational%2Fnous-parviendrons-a-la-paix-avec-nos-voisins-palestiniens-benyamin-netanyahou-triomphe-chez-donald-trump-20250708\" data-js-gtm=\"{&quot;customCategorie&quot;: &quot;conversion&quot;, &quot;customAction&quot;: &quot;before_Landing_Connexion_paywall_auto&quot;, &quot;customLabel&quot;: &quot;bGVmaWdhcm8uZnJfXzFmMDViYjA2LTU4ZmItNmRhZS1iMzZjLTVkNDhhNTA5ZDQxOF9fQXJ0aWNsZQ==_\u00abNous parviendrons \u00e0 la paix avec nos voisins palestiniens\u00bb\u00a0: Benyamin Netanyahou triomphe chez Donald Trump_87&quot;, &quot;customIDSPE&quot;: &quot;bGVmaWdhcm8uZnJfXzFmMDViYjA2LTU4ZmItNmRhZS1iMzZjLTVkNDhhNTA5ZDQxOF9fQXJ0aWNsZQ==&quot;, &quot;event&quot;: &quot;customEventSPE&quot;}\" target=\"_blank\" rel=\"noopener\"><br \/>\n                    Connectez-vous<br \/>\n                <\/a>\n            <\/p>\n","protected":false},"excerpt":{"rendered":"D\u00c9CRYPTAGE &#8211; Le premier ministre isra\u00e9lien a annonc\u00e9 au pr\u00e9sident am\u00e9ricain qu\u2019il l\u2019avait pr\u00e9sent\u00e9 au prix Nobel de&hellip;\n","protected":false},"author":2,"featured_media":234451,"comment_status":"","ping_status":"","sticky":false,"template":"","format":"standard","meta":{"footnotes":""},"categories":[2],"tags":[11,952,75,73,1011,27,664,12,25],"class_list":{"0":"post-234450","1":"post","2":"type-post","3":"status-publish","4":"format-standard","5":"has-post-thumbnail","7":"category-actualites","8":"tag-actualites","9":"tag-benyamin-netanyahou","10":"tag-donald-trump","11":"tag-etats-unis","12":"tag-fr","13":"tag-france","14":"tag-israel","15":"tag-news","16":"tag-republique-francaise"},"share_on_mastodon":{"url":"https:\/\/pubeurope.com\/@fr\/114816170306731967","error":""},"_links":{"self":[{"href":"https:\/\/www.europesays.com\/fr\/wp-json\/wp\/v2\/posts\/234450","targetHints":{"allow":["GET"]}}],"collection":[{"href":"https:\/\/www.europesays.com\/fr\/wp-json\/wp\/v2\/posts"}],"about":[{"href":"https:\/\/www.europesays.com\/fr\/wp-json\/wp\/v2\/types\/post"}],"author":[{"embeddable":true,"href":"https:\/\/www.europesays.com\/fr\/wp-json\/wp\/v2\/users\/2"}],"replies":[{"embeddable":true,"href":"https:\/\/www.europesays.com\/fr\/wp-json\/wp\/v2\/comments?post=234450"}],"version-history":[{"count":0,"href":"https:\/\/www.europesays.com\/fr\/wp-json\/wp\/v2\/posts\/234450\/revisions"}],"wp:featuredmedia":[{"embeddable":true,"href":"https:\/\/www.europesays.com\/fr\/wp-json\/wp\/v2\/media\/234451"}],"wp:attachment":[{"href":"https:\/\/www.europesays.com\/fr\/wp-json\/wp\/v2\/media?parent=234450"}],"wp:term":[{"taxonomy":"category","embeddable":true,"href":"https:\/\/www.europesays.com\/fr\/wp-json\/wp\/v2\/categories?post=234450"},{"taxonomy":"post_tag","embeddable":true,"href":"https:\/\/www.europesays.com\/fr\/wp-json\/wp\/v2\/tags?post=234450"}],"curies":[{"name":"wp","href":"https:\/\/api.w.org\/{rel}","templated":true}]}}