{"id":234456,"date":"2025-07-08T06:25:09","date_gmt":"2025-07-08T06:25:09","guid":{"rendered":"https:\/\/www.europesays.com\/fr\/234456\/"},"modified":"2025-07-08T06:25:09","modified_gmt":"2025-07-08T06:25:09","slug":"louis-bielle-biarrey-depart-confirme","status":"publish","type":"post","link":"https:\/\/www.europesays.com\/fr\/234456\/","title":{"rendered":"Louis Bielle-Biarrey, d\u00e9part confirm\u00e9\u00a0!"},"content":{"rendered":"<p><strong>Finaliste malheureux du Top 14<br \/>\navec l\u2019UBB, Louis Bielle-Biarrey a d\u00e9cid\u00e9 de tourner la page apr\u00e8s<br \/>\nune saison particuli\u00e8rement \u00e9prouvante.<\/strong><\/p>\n<p>Longtemps incertain pour la finale du Top 14 face au Stade<br \/>\nToulousain en raison d\u2019un choc \u00e0 la t\u00eate re\u00e7u trois semaines<br \/>\nauparavant face \u00e0 Vannes, Louis Bielle-Biarrey \u00e9tait finalement<br \/>\nbien pr\u00e9sent sur la pelouse du Stade de France, le 28 juin, pour<br \/>\naffronter les Rouge et Noir.<\/p>\n<p>Las, la rencontre a rapidement vir\u00e9 au cauchemar pour l\u2019ailier<br \/>\ngirondin. Cons\u00e9quence d\u2019un choc re\u00e7u sur la hanche d\u00e8s les<br \/>\npremi\u00e8res minutes de la rencontre. Trop handicap\u00e9 pour \u00e9voluer \u00e0<br \/>\nson vrai niveau, LBB est finalement sorti \u00e0 la pause et c\u2019est donc<br \/>\ndu banc de touche qu\u2019il a suivi la d\u00e9faite des siens en<br \/>\nprolongation (39-33).<\/p>\n<blockquote class=\"twitter-tweet\"><p><a class=\"twitter-link\" rel=\"noindex, nofollow noopener\" href=\"https:\/\/twitter.com\/sports_fr\/status\/1941810802836574488\" target=\"_blank\"><\/p><\/blockquote>\n<p>Forc\u00e9ment marqu\u00e9 au coup de sifflet final, la star du XV de<br \/>\nFrance a pu compter sur le soutien de ses co\u00e9quipiers mais<br \/>\n\u00e9galement de certains adversaires \u00e0 l\u2019instar de Thomas Ramos, qui<br \/>\nl\u2019a invit\u00e9 \u00e0 profiter de l\u2019\u00e9t\u00e9 pour bien se<br \/>\nsoigner.\u00a0\u00ab\u00a0Allez, soigne-toi !\u00a0\u00bb, lui<br \/>\na-t-il lanc\u00e9 au cours d\u2019un bref \u00e9change.<\/p>\n<p>Direction les Seychelles pour LBB<\/p>\n<p>Enfin au repos, Louis Bielle-Biarrey profite de ses premiers<br \/>\njours de vacances pour se vider la t\u00eate. Ainsi apr\u00e8s avoir mis le<br \/>\ncap vers Ibiza, accompagn\u00e9 de plusieurs de ses co\u00e9quipiers<br \/>\nbordelais, l\u2019Is\u00e9rois s\u2019et envol\u00e9 ces derniers jours en direction<br \/>\ndes Seychelles. En t\u00e9moignent les clich\u00e9s publi\u00e9s sur<br \/>\nInstagram.<\/p>\n<p>LBB a en effet publi\u00e9 deux photos de son s\u00e9jour avec Madame sur<br \/>\nl\u2019\u00eele de Mah\u00e9, le montrant sur une plage paradisiaque aux eaux<br \/>\ntranslucides et bord\u00e9 de cocotiers. Au total, Louis Bielle-Biarrey<br \/>\ndevrait b\u00e9n\u00e9ficier de cinq semaines de vacances avant de reprendre<br \/>\nle chemin de l\u2019entra\u00eenement pour pr\u00e9parer la nouvelle saison.<\/p>\n<p><script async src=\"https:\/\/platform.twitter.com\/widgets.js\" charset=\"utf-8\"><\/script><\/p>\n","protected":false},"excerpt":{"rendered":"Finaliste malheureux du Top 14 avec l\u2019UBB, Louis Bielle-Biarrey a d\u00e9cid\u00e9 de tourner la page apr\u00e8s une saison&hellip;\n","protected":false},"author":2,"featured_media":234457,"comment_status":"","ping_status":"","sticky":false,"template":"","format":"standard","meta":{"footnotes":""},"categories":[1416],"tags":[1011,27,479,1468,60],"class_list":{"0":"post-234456","1":"post","2":"type-post","3":"status-publish","4":"format-standard","5":"has-post-thumbnail","7":"category-rugby","8":"tag-fr","9":"tag-france","10":"tag-rugby","11":"tag-rugby-football","12":"tag-sports"},"share_on_mastodon":{"url":"https:\/\/pubeurope.com\/@fr\/114816189992223495","error":""},"_links":{"self":[{"href":"https:\/\/www.europesays.com\/fr\/wp-json\/wp\/v2\/posts\/234456","targetHints":{"allow":["GET"]}}],"collection":[{"href":"https:\/\/www.europesays.com\/fr\/wp-json\/wp\/v2\/posts"}],"about":[{"href":"https:\/\/www.europesays.com\/fr\/wp-json\/wp\/v2\/types\/post"}],"author":[{"embeddable":true,"href":"https:\/\/www.europesays.com\/fr\/wp-json\/wp\/v2\/users\/2"}],"replies":[{"embeddable":true,"href":"https:\/\/www.europesays.com\/fr\/wp-json\/wp\/v2\/comments?post=234456"}],"version-history":[{"count":0,"href":"https:\/\/www.europesays.com\/fr\/wp-json\/wp\/v2\/posts\/234456\/revisions"}],"wp:featuredmedia":[{"embeddable":true,"href":"https:\/\/www.europesays.com\/fr\/wp-json\/wp\/v2\/media\/234457"}],"wp:attachment":[{"href":"https:\/\/www.europesays.com\/fr\/wp-json\/wp\/v2\/media?parent=234456"}],"wp:term":[{"taxonomy":"category","embeddable":true,"href":"https:\/\/www.europesays.com\/fr\/wp-json\/wp\/v2\/categories?post=234456"},{"taxonomy":"post_tag","embeddable":true,"href":"https:\/\/www.europesays.com\/fr\/wp-json\/wp\/v2\/tags?post=234456"}],"curies":[{"name":"wp","href":"https:\/\/api.w.org\/{rel}","templated":true}]}}