{"id":234460,"date":"2025-07-08T06:28:10","date_gmt":"2025-07-08T06:28:10","guid":{"rendered":"https:\/\/www.europesays.com\/fr\/234460\/"},"modified":"2025-07-08T06:28:10","modified_gmt":"2025-07-08T06:28:10","slug":"motogp-pecco-bagnaia-recoit-un-cadeau-special-de-ducati","status":"publish","type":"post","link":"https:\/\/www.europesays.com\/fr\/234460\/","title":{"rendered":"MotoGP : Pecco Bagnaia re\u00e7oit un cadeau sp\u00e9cial de Ducati"},"content":{"rendered":"<p><strong>Francesco \u00ab Pecco \u00bb Bagnaia a re\u00e7u un cadeau<br \/>\nexceptionnel de Ducati : une moto de flat-track unique en son<br \/>\ngenre, con\u00e7ue sur la base de la Desmo450 MX. Adapt\u00e9e sp\u00e9cialement<br \/>\navec un kit de suspensions et de roues, cette machine pourrait bien<br \/>\nfaire passer ses entra\u00eenements au c\u00e9l\u00e8bre ranch VR46 de Valentino<br \/>\nRossi \u00e0 un niveau sup\u00e9rieur.<\/strong><\/p>\n<p>Samedi dernier, <strong>Bagnaia<\/strong> a eu l\u2019occasion<br \/>\nd\u2019essayer sa nouvelle monture lors d\u2019une session priv\u00e9e \u00e0 Tavullia.<br \/>\n<strong>Ducati<\/strong> en a profit\u00e9 pour immortaliser le moment<br \/>\nlors d\u2019une s\u00e9ance photo officielle, soulignant l\u2019exclusivit\u00e9 de<br \/>\ncette moto.<\/p>\n<p>Ce nouvel outil pourrait \u00eatre crucial pour le pilote italien,<br \/>\ndont la saison 2025 s\u2019av\u00e8re bien plus compliqu\u00e9e que pr\u00e9vu. Si<br \/>\n<strong>Bagnaia<\/strong> a retrouv\u00e9 le podium le week-end dernier \u00e0<br \/>\n<strong>Assen<\/strong>, il compte encore 126 points de retard sur<br \/>\nson co\u00e9quipier <strong>Marc Marquez<\/strong>, leader du <a href=\"https:\/\/www.paddock-gp.com\/motogp-assen-j3-championnat-blesse-bientot-opere-alex-marquez-dit-sans-doute-au-revoir-au-titre\/\" rel=\"nofollow noopener\" target=\"_blank\"><br \/>\n<strong>championnat<\/strong><\/a>, et 58 points sur <strong>Alex<br \/>\nMarquez<\/strong>, actuellement deuxi\u00e8me.<\/p>\n<p><img loading=\"lazy\" decoding=\"async\" class=\"aligncenter wp-image-1306921\" src=\"https:\/\/www.europesays.com\/fr\/wp-content\/uploads\/2025\/07\/Bagnaia-2.jpg\" alt=\"Pecco Bagnaia \" width=\"746\" height=\"497\"  \/><\/p>\n<p><strong>Une Desmo450 MX Flat Track<br \/>\npour Pecco Bagnaia avant un nouveau d\u00e9fi difficile avec Marc<br \/>\nMarquez au Sachsenring<\/strong><\/p>\n<p>La situation est d\u2019autant plus frustrante que<br \/>\n<strong>Bagnaia<\/strong> peine \u00e0 trouver ses marques sur la<br \/>\nDesmosedici GP25, alors que <strong>Marc Marquez<\/strong>, pour sa<br \/>\npremi\u00e8re saison <a href=\"https:\/\/www.motogp.com\/en\" rel=\"nofollow noopener\" target=\"_blank\">MotoGP<\/a> chez<br \/>\nles officiels <strong>Ducati<\/strong>, exploite pleinement le<br \/>\npotentiel de la moto. <strong>Pecco<\/strong> a m\u00eame eu du mal \u00e0<br \/>\nrivaliser avec <strong>Alex Marquez<\/strong>, pourtant sur une<br \/>\nmachine de la saison pr\u00e9c\u00e9dente chez <strong>Gresini<\/strong>.<\/p>\n<p>Curieusement, <strong>Marc Marquez<\/strong>, adepte du<br \/>\nflat-track lui aussi, doit se contenter d\u2019une<br \/>\n<strong>Honda<\/strong> adapt\u00e9e pour ses entra\u00eenements priv\u00e9s en<br \/>\nEspagne, faute de disposer d\u2019une <strong>Ducati<\/strong> con\u00e7ue<br \/>\nsp\u00e9cialement pour cette discipline.<\/p>\n<p>Tous les regards seront tourn\u00e9s vers la prochaine session<br \/>\nd\u2019entra\u00eenement au ranch <strong>VR46<\/strong> pour observer<br \/>\n<strong>Bagnaia<\/strong> aux commandes de sa nouvelle arme rouge,<br \/>\ndans l\u2019espoir que cet outil in\u00e9dit lui redonne confiance avant de<br \/>\nse rendre au <a href=\"https:\/\/www.paddock-gp.com\/motogp-le-circuit-du-prochain-grand-prix-vise-le-patrimoine-mondial-de-lunesco\/\" rel=\"nofollow noopener\" target=\"_blank\"><br \/>\n<strong>Sachsenring<\/strong><\/a>, un circuit o\u00f9 <a href=\"https:\/\/www.paddock-gp.com\/motogp-pietro-bagnaia-marc-marquez-a-ete-le-miroir-ou-pecco-a-appris-a-se-regarder\/\" rel=\"nofollow noopener\" target=\"_blank\"><br \/>\n<strong>Marc Marquez<\/strong><\/a> a longtemps r\u00e9gn\u00e9 en ma\u00eetre.<\/p>\n<p><img loading=\"lazy\" decoding=\"async\" class=\"aligncenter size-full wp-image-1304218\" src=\"https:\/\/www.europesays.com\/fr\/wp-content\/uploads\/2025\/07\/Bagnaia-6.jpg\" alt=\"Pecco Bagnaia \" width=\"747\" height=\"426\"  \/><\/p>\n<p>\u00a0<\/p>\n<p>\u00a0<\/p>\n<p>\u00a0<\/p>\n<p>\u00a0<\/p>\n<p>\u00a0<\/p>\n<p>\u00a0<\/p>\n<p>\u00a0<\/p>\n","protected":false},"excerpt":{"rendered":"Francesco \u00ab Pecco \u00bb Bagnaia a re\u00e7u un cadeau exceptionnel de Ducati : une moto de flat-track unique&hellip;\n","protected":false},"author":2,"featured_media":234461,"comment_status":"","ping_status":"","sticky":false,"template":"","format":"standard","meta":{"footnotes":""},"categories":[1413],"tags":[1011,27,1457,1456,60],"class_list":{"0":"post-234460","1":"post","2":"type-post","3":"status-publish","4":"format-standard","5":"has-post-thumbnail","7":"category-moto","8":"tag-fr","9":"tag-france","10":"tag-moto","11":"tag-motocycle","12":"tag-sports"},"share_on_mastodon":{"url":"https:\/\/pubeurope.com\/@fr\/114816202073163200","error":""},"_links":{"self":[{"href":"https:\/\/www.europesays.com\/fr\/wp-json\/wp\/v2\/posts\/234460","targetHints":{"allow":["GET"]}}],"collection":[{"href":"https:\/\/www.europesays.com\/fr\/wp-json\/wp\/v2\/posts"}],"about":[{"href":"https:\/\/www.europesays.com\/fr\/wp-json\/wp\/v2\/types\/post"}],"author":[{"embeddable":true,"href":"https:\/\/www.europesays.com\/fr\/wp-json\/wp\/v2\/users\/2"}],"replies":[{"embeddable":true,"href":"https:\/\/www.europesays.com\/fr\/wp-json\/wp\/v2\/comments?post=234460"}],"version-history":[{"count":0,"href":"https:\/\/www.europesays.com\/fr\/wp-json\/wp\/v2\/posts\/234460\/revisions"}],"wp:featuredmedia":[{"embeddable":true,"href":"https:\/\/www.europesays.com\/fr\/wp-json\/wp\/v2\/media\/234461"}],"wp:attachment":[{"href":"https:\/\/www.europesays.com\/fr\/wp-json\/wp\/v2\/media?parent=234460"}],"wp:term":[{"taxonomy":"category","embeddable":true,"href":"https:\/\/www.europesays.com\/fr\/wp-json\/wp\/v2\/categories?post=234460"},{"taxonomy":"post_tag","embeddable":true,"href":"https:\/\/www.europesays.com\/fr\/wp-json\/wp\/v2\/tags?post=234460"}],"curies":[{"name":"wp","href":"https:\/\/api.w.org\/{rel}","templated":true}]}}