{"id":234468,"date":"2025-07-08T06:32:10","date_gmt":"2025-07-08T06:32:10","guid":{"rendered":"https:\/\/www.europesays.com\/fr\/234468\/"},"modified":"2025-07-08T06:32:10","modified_gmt":"2025-07-08T06:32:10","slug":"je-veux-que-ca-sarrete","status":"publish","type":"post","link":"https:\/\/www.europesays.com\/fr\/234468\/","title":{"rendered":"Je veux que \u00e7a s\u2019arr\u00eate"},"content":{"rendered":"<p>Les t\u00e9l\u00e9spectateurs de France 2 vivent une nouvelle fois un vrai<br \/>\nchangement \u00e0 la pr\u00e9sentation de <a href=\"https:\/\/www.melty.fr\/people\/telematin-flavie-flament-et-julien-arnaud-triste-fin-confirmee-elle-ne-sy-attendait-pas-du-tout-2246223.html\" target=\"_blank\" rel=\"noopener\"><br \/>\nT\u00e9l\u00e9matin<\/a>. Selon Le Parisien, la direction de France<br \/>\nT\u00e9l\u00e9visions a d\u00e9cid\u00e9 de se s\u00e9parer de <strong>Flavie Flament et<br \/>\nJulien Arnaud<\/strong>. Apr\u00e8s seulement une saison aux commandes,<br \/>\nle duo serait sur le d\u00e9part. Et voil\u00e0 que pour les remplacer, deux<br \/>\nnoms ont \u00e9t\u00e9 d\u00e9sign\u00e9s : <strong>Maya Lauqu\u00e9 et Damien<br \/>\nTh\u00e9venot<\/strong> qui animaient d\u00e9j\u00e0 l\u00a0\u00bb\u00e9mission le week-end.<\/p>\n<p>Maya Lauqu\u00e9 remplace Flavie Flament dans T\u00e9l\u00e9matin<\/p>\n<p>Cette d\u00e9cision fait suite \u00e0 des audiences jug\u00e9es d\u00e9cevantes.<br \/>\nDepuis septembre dernier, Flavie Flament et Julien Arnaud<br \/>\nrassemblaient un peu plus de 650.000 t\u00e9l\u00e9spectateurs en moyenne<br \/>\nchaque matin. Une baisse notable, alors que la concurrence s\u2019est<br \/>\nrenforc\u00e9e\u202f: sur TF1, la matinale Bonjour\u202f! de Bruce Toussaint,<br \/>\nlanc\u00e9e en janvier 2024, a s\u00e9duit 300.000 fid\u00e8les chaque jour.<\/p>\n<p>Et en interne, l\u2019ambiance ne se serait pas au beau fixe. \u00ab\u00a0On<br \/>\nentend qu\u2019elle n\u2019est pas bonne pour Julien et Flavie alors qu\u2019elle<br \/>\nle serait pour le tandem du week-end, <a href=\"https:\/\/www.nextplz.fr\/people\/467134-maya-lauque-45-ans-electrocutee-en-plein-direct-je-veux-que-ca-sarrete\" target=\"_blank\" rel=\"nofollow noopener\">Maya Lauqu\u00e9<\/a> et Damien<br \/>\nTh\u00e9venot\u00a0\u00bb, confiait en f\u00e9vrier dernier une salari\u00e9e de France<br \/>\nT\u00e9l\u00e9visions. \u00c0 l\u2019inverse, Maya Lauqu\u00e9 et Damien Th\u00e9venot sont tr\u00e8s<br \/>\nappr\u00e9ci\u00e9s par les t\u00e9l\u00e9spectateurs.<\/p>\n<p>L&rsquo;\u00e9tonnante confidence de la journaliste sur une m\u00e9saventure<br \/>\nqu&rsquo;elle a v\u00e9cue<\/p>\n<p>D&rsquo;ailleurs sur les r\u00e9seaux sociaux, Maya Lauqu\u00e9, suivie par<br \/>\n37.000 abonn\u00e9s sur Instagram, n\u2019h\u00e9site pas \u00e0 y livrer des anecdotes<br \/>\npersonnelles, parfois tr\u00e8s \u00e9tonnantes. Parmi elles\u202f: une<br \/>\nm\u00e9saventure professionnelle marquante v\u00e9cue \u00e0 l\u2019\u00e9poque o\u00f9 elle<br \/>\npr\u00e9sentait des matchs de foot sur TPS Star, en Angleterre.<br \/>\n\u00ab\u00a0Je me suis fait \u00e9lectrocuter par mon bo\u00eetier de micro. J&rsquo;\u00e9tais<br \/>\nsur les stades de foot anglais, donc j&rsquo;\u00e9tais en Angleterre. Je<br \/>\nprenais le relais, je faisais les avant-matchs, mi-temps et<br \/>\napr\u00e8s-matchs au bord du terrain\u00a0\u00bb, a-t-elle racont\u00e9.<\/p>\n<p>Elle se souvenait parfaitement du moment pr\u00e9cis o\u00f9 tout a<br \/>\nbascul\u00e9. \u00ab\u00a0Au moment o\u00f9 les commentateurs vont me passer la main<br \/>\npour prendre la parole et animer la mi-temps, <strong>je sens un<br \/>\ncoup d&rsquo;\u00e9lectricit\u00e9 dans le bo\u00eetier<\/strong> de mon micro qui \u00e9tait<br \/>\ndans la poche arri\u00e8re de mon jean\u00a0\u00bb. Malgr\u00e9 la douleur<br \/>\nressentie, Maya Lauqu\u00e9 avait choisi de rester professionnelle.<br \/>\n\u00ab\u00a0Et l\u00e0, une d\u00e9charge&#8230; et je crois que \u00e7a ne s&rsquo;est pas entendu<br \/>\ndans ma voix mais j&rsquo;ai fait un petit signe avec mon<br \/>\nsourcil\u00a0\u00bb.<\/p>\n<p>\u00ab\u00a0Je prends des coups d&rsquo;\u00e9lectricit\u00e9 dans<br \/>\nla fesse\u00a0\u00bb<\/p>\n<p>Et apparemment, la douleur \u00e9tait tellement intense que <a href=\"https:\/\/www.melty.fr\/tele\/thomas-isle-sans-filtre-sur-sa-relation-avec-maya-lauque-ma-femme-savait-que-2204816.html\" target=\"_blank\" rel=\"noopener\"><br \/>\nMaya Lauqu\u00e9<\/a> ne pouvait plus parler :\u00a0 \u00ab\u00a0Je parlais en<br \/>\nfaisant des gestes comme \u00e7a ou avec la voix qui vrillait parce que<br \/>\nj&rsquo;\u00e9tais surprise, <strong>mais j&rsquo;avais mal surtout\u00a0\u00bb<\/strong>,<br \/>\na-t-elle confi\u00e9. Il a bien \u00e9t\u00e9 difficile de pour la journaliste de<br \/>\nse faire comprendre : \u00ab\u00a0Aller expliquer, parce que je n&rsquo;ai pas<br \/>\nun niveau d&rsquo;anglais extraordinaire, que je prends des coups<br \/>\nd&rsquo;\u00e9lectricit\u00e9 dans la fesse&#8230;\u00a0\u00bb.<\/p>\n<p>La journaliste a \u00e9t\u00e9 contrainte d&rsquo;attendre plusieurs minutes<br \/>\navant que son calvaire ne s&rsquo;arr\u00eate : \u00ab\u00a0Je ne pouvais pas sortir<br \/>\nle bo\u00eetier parce qu&rsquo;il fallait que j&rsquo;aie des oreillettes et que je<br \/>\ncontinue de parler. Je me suis juste dit &lsquo;je veux que \u00e7a<br \/>\ns&rsquo;arr\u00eate.'\u00a0\u00bb. Hyper professionnelle, elle a r\u00e9ussi \u00e0 ne rien<br \/>\nfaire transpara\u00eetre : \u00ab\u00a0<strong>J&rsquo;ai serr\u00e9 les dent<\/strong>s et<br \/>\nj&rsquo;ai attendu la fin. J&rsquo;ai gard\u00e9 une trace pendant deux<br \/>\njours\u00a0\u00bb.<\/p>\n","protected":false},"excerpt":{"rendered":"Les t\u00e9l\u00e9spectateurs de France 2 vivent une nouvelle fois un vrai changement \u00e0 la pr\u00e9sentation de T\u00e9l\u00e9matin. Selon&hellip;\n","protected":false},"author":2,"featured_media":234469,"comment_status":"","ping_status":"","sticky":false,"template":"","format":"standard","meta":{"footnotes":""},"categories":[1359],"tags":[905,58,59,1011,27,973],"class_list":{"0":"post-234468","1":"post","2":"type-post","3":"status-publish","4":"format-standard","5":"has-post-thumbnail","7":"category-people","8":"tag-a-la-une-melty","9":"tag-divertissement","10":"tag-entertainment","11":"tag-fr","12":"tag-france","13":"tag-people"},"share_on_mastodon":{"url":"https:\/\/pubeurope.com\/@fr\/114816217518054425","error":""},"_links":{"self":[{"href":"https:\/\/www.europesays.com\/fr\/wp-json\/wp\/v2\/posts\/234468","targetHints":{"allow":["GET"]}}],"collection":[{"href":"https:\/\/www.europesays.com\/fr\/wp-json\/wp\/v2\/posts"}],"about":[{"href":"https:\/\/www.europesays.com\/fr\/wp-json\/wp\/v2\/types\/post"}],"author":[{"embeddable":true,"href":"https:\/\/www.europesays.com\/fr\/wp-json\/wp\/v2\/users\/2"}],"replies":[{"embeddable":true,"href":"https:\/\/www.europesays.com\/fr\/wp-json\/wp\/v2\/comments?post=234468"}],"version-history":[{"count":0,"href":"https:\/\/www.europesays.com\/fr\/wp-json\/wp\/v2\/posts\/234468\/revisions"}],"wp:featuredmedia":[{"embeddable":true,"href":"https:\/\/www.europesays.com\/fr\/wp-json\/wp\/v2\/media\/234469"}],"wp:attachment":[{"href":"https:\/\/www.europesays.com\/fr\/wp-json\/wp\/v2\/media?parent=234468"}],"wp:term":[{"taxonomy":"category","embeddable":true,"href":"https:\/\/www.europesays.com\/fr\/wp-json\/wp\/v2\/categories?post=234468"},{"taxonomy":"post_tag","embeddable":true,"href":"https:\/\/www.europesays.com\/fr\/wp-json\/wp\/v2\/tags?post=234468"}],"curies":[{"name":"wp","href":"https:\/\/api.w.org\/{rel}","templated":true}]}}