{"id":234470,"date":"2025-07-08T06:33:13","date_gmt":"2025-07-08T06:33:13","guid":{"rendered":"https:\/\/www.europesays.com\/fr\/234470\/"},"modified":"2025-07-08T06:33:13","modified_gmt":"2025-07-08T06:33:13","slug":"un-precieux-tableau-rejoint-le-musee-rosa-bonheur","status":"publish","type":"post","link":"https:\/\/www.europesays.com\/fr\/234470\/","title":{"rendered":"un pr\u00e9cieux tableau rejoint le mus\u00e9e Rosa-Bonheur"},"content":{"rendered":"<p>            Par<br \/>\n        <strong><br \/>\n            <a href=\"https:\/\/actu.fr\/auteur\/geoffrey-faucheux\" title=\"Consulter tous les articles de Geoffrey Faucheux\" rel=\"nofollow noopener\" target=\"_blank\">Geoffrey Faucheux<\/a><br \/>\n        <\/strong><\/p>\n<p>        Publi\u00e9 le<\/p>\n<p>            7 juil. 2025 \u00e0 20h00        <\/p>\n<p>Par <b>un don<\/b> de la <b>prestigieuse maison de ventes aux ench\u00e8res <\/b>bellifontaine <b>Osenat<\/b>, une \u00e9tude rarissime de <a href=\"https:\/\/actu.fr\/nouvelle-aquitaine\/bordeaux_33063\/bordeaux-rosa-bonheur-l-avant-gardiste-qui-s-habillait-en-homme-et-aimait-les-femmes_58150215.html\" rel=\"nofollow noopener\" target=\"_blank\">Rosa Bonheur<\/a> vient compl\u00e9ter les \u0153uvres expos\u00e9es dans l\u2019atelier de la c\u00e9l\u00e8bre peintre, au <b>ch\u00e2teau de By<\/b>, \u00e0 <a href=\"https:\/\/actu.fr\/ile-de-france\/thomery_77463\" rel=\"nofollow noopener\" target=\"_blank\">Thomery<\/a> (<b>Seine-et-Marne<\/b>).<\/p>\n<p class=\" wall-content\">Ce tableau, acquis pour <b>plus de 7 000\u00a0\u20ac<\/b> (frais inclus) lors d\u2019une vente organis\u00e9e par Osenat le 16 mars 2025, fait partie des <b>4 500 \u00e9tudes recens\u00e9es<\/b> au d\u00e9c\u00e8s de Rosa Bonheur, pr\u00e9figurant les tableaux \u00e0 venir.<\/p>\n<p class=\" wall-content\">\u00ab Cette \u0153uvre illustre <b>un paysage suppos\u00e9 de bord de Loing<\/b>, sans la pr\u00e9sence d\u2019animaux, ce qui est rarissime. Elle est authentifi\u00e9e par une photo sous plaque de verre de ce paysage o\u00f9 posa Rosa Bonheur en 1999. C\u2019est <b>l\u2019une des derni\u00e8res photographies de son vivant<\/b> \u00bb, pr\u00e9cise Katherine Brault, propri\u00e9taire du <a href=\"https:\/\/actu.fr\/ile-de-france\/thomery_77463\/seine-et-marne-le-chateau-rosa-bonheur-en-quete-d-une-oeuvre-a-100-000_50044854.html\" rel=\"nofollow noopener\" target=\"_blank\">ch\u00e2teau-mus\u00e9e de Rosa Bonheur.<\/a><\/p>\n<p class=\" wall-content\">Non sign\u00e9e de la main de l\u2019artiste, car encore <b>au stade de l\u2019\u00e9tude<\/b>, ce tableau dispose en son dos d\u2019un cachet de cire rouge appos\u00e9 lors de la vente des \u0153uvres en 1900 \u00e0 Paris : \u00ab Avec cette authentification, nous avons appos\u00e9 le tampon de sa signature en bas de l\u2019\u0153uvre \u00bb, poursuit Katherine Brault.<\/p>\n<p>\u00ab\u00a0C\u2019est un honneur de valoriser le patrimoine local\u00a0\u00bb<\/p>\n<p class=\" wall-content\">Cette authentification est \u00e9galement facilit\u00e9e par la <b>collection gigantesque de photos sous plaques de verre <\/b>prises lors de <b>la vente de 1900<\/b>, dont dispose le mus\u00e9e.<\/p>\n<p class=\" wall-content\">\u00ab C\u2019est une grande chance pour nous d\u2019avoir ces photographies prises par l\u2019unique h\u00e9riti\u00e8re, Anna Klumpke, lors de la vente des \u0153uvres \u00e0 Paris. Nous recevons fr\u00e9quemment des demandes d\u2019authentification \u00e9manant de particuliers, car beaucoup de vrais-faux circulent, avec parfois des animaux rajout\u00e9s post\u00e9rieurement sur un tableau \u00bb, pr\u00e9cise-t-elle.<\/p>\n<p>Vid\u00e9os : en ce moment sur Actu<br \/>\n    <img   decoding=\"async\" loading=\"lazy\" class=\"size-large\" src=\"https:\/\/www.europesays.com\/fr\/wp-content\/uploads\/2025\/07\/ab60db07a66869f60db07a6687370dv-960x640.jpg\" alt=\"La raret\u00e9 du tableau r\u00e9side dans le fait qu'il ne comporte pas d'animaux\" width=\"960\" height=\"640\"\/><br \/>\n    La raret\u00e9 du tableau r\u00e9side dans le fait qu\u2019il ne comporte pas d\u2019animaux \u00a9P.G.\/RSM77<\/p>\n<p class=\" wall-content\">Pour Jean-Christophe Ch\u00e2taignier, associ\u00e9-directeur g\u00e9n\u00e9ral de la maison de ventes Osenat, ce don est une fiert\u00e9 :<\/p>\n<p class=\" wall-content\">\u00ab C\u2019est un honneur de <b>valoriser le patrimoine local<\/b> et plus particuli\u00e8rement le mus\u00e9e Rosa-Bonheur. Par la richesse de sa collection, il dispose d\u2019<b>une renomm\u00e9e grandissante<\/b>, y compris <a href=\"https:\/\/actu.fr\/tag\/etats-unis\" rel=\"nofollow noopener\" target=\"_blank\">aux \u00c9tats-Unis<\/a>. Nous sommes \u00e9galement tr\u00e8s attach\u00e9s par ce don \u00e0 mettre en lumi\u00e8re<b> l\u2019\u00e9cole des peintres de Barbizon<\/b> \u00bb, souligne-t-il.<\/p>\n<p class=\" wall-content\">Un avis partag\u00e9 par Jean-Pierre Osenat, commissaire-priseur et pr\u00e9sident de la maison de ventes Osenat, pour qui \u00ab ce m\u00e9c\u00e9nat est tr\u00e8s utile pour accro\u00eetre la notori\u00e9t\u00e9 du mus\u00e9e et la richesse des \u0153uvres expos\u00e9es \u00bb.<\/p>\n<p class=\" wall-content\">Suivez toute l\u2019actualit\u00e9 de vos villes et m\u00e9dias favoris en vous inscrivant \u00e0 <a href=\"https:\/\/moncompte.actu.fr\" title=\"D\u00e9couvez Mon Actu\" rel=\"nofollow noopener\" data-trk=\"{&quot;cta&quot;:{&quot;action&quot;:&quot;https:\\\/\\\/moncompte.actu.fr&quot;,&quot;category&quot;:&quot;mon compte&quot;,&quot;from&quot;:&quot;article footer&quot;,&quot;name&quot;:&quot;Mon actu&quot;,&quot;type&quot;:&quot;cta&quot;}}\" target=\"_blank\">Mon Actu<\/a>.<\/p>\n","protected":false},"excerpt":{"rendered":"Par Geoffrey Faucheux Publi\u00e9 le 7 juil. 2025 \u00e0 20h00 Par un don de la prestigieuse maison de&hellip;\n","protected":false},"author":2,"featured_media":234471,"comment_status":"","ping_status":"","sticky":false,"template":"","format":"standard","meta":{"footnotes":""},"categories":[1358],"tags":[1348,1384,1385,1386,58,59,1011,27,1652],"class_list":{"0":"post-234470","1":"post","2":"type-post","3":"status-publish","4":"format-standard","5":"has-post-thumbnail","7":"category-arts-et-design","8":"tag-arts","9":"tag-arts-and-design","10":"tag-arts-et-design","11":"tag-design","12":"tag-divertissement","13":"tag-entertainment","14":"tag-fr","15":"tag-france","16":"tag-loisirs-culture"},"share_on_mastodon":{"url":"https:\/\/pubeurope.com\/@fr\/114816221450245908","error":""},"_links":{"self":[{"href":"https:\/\/www.europesays.com\/fr\/wp-json\/wp\/v2\/posts\/234470","targetHints":{"allow":["GET"]}}],"collection":[{"href":"https:\/\/www.europesays.com\/fr\/wp-json\/wp\/v2\/posts"}],"about":[{"href":"https:\/\/www.europesays.com\/fr\/wp-json\/wp\/v2\/types\/post"}],"author":[{"embeddable":true,"href":"https:\/\/www.europesays.com\/fr\/wp-json\/wp\/v2\/users\/2"}],"replies":[{"embeddable":true,"href":"https:\/\/www.europesays.com\/fr\/wp-json\/wp\/v2\/comments?post=234470"}],"version-history":[{"count":0,"href":"https:\/\/www.europesays.com\/fr\/wp-json\/wp\/v2\/posts\/234470\/revisions"}],"wp:featuredmedia":[{"embeddable":true,"href":"https:\/\/www.europesays.com\/fr\/wp-json\/wp\/v2\/media\/234471"}],"wp:attachment":[{"href":"https:\/\/www.europesays.com\/fr\/wp-json\/wp\/v2\/media?parent=234470"}],"wp:term":[{"taxonomy":"category","embeddable":true,"href":"https:\/\/www.europesays.com\/fr\/wp-json\/wp\/v2\/categories?post=234470"},{"taxonomy":"post_tag","embeddable":true,"href":"https:\/\/www.europesays.com\/fr\/wp-json\/wp\/v2\/tags?post=234470"}],"curies":[{"name":"wp","href":"https:\/\/api.w.org\/{rel}","templated":true}]}}