{"id":234478,"date":"2025-07-08T06:37:33","date_gmt":"2025-07-08T06:37:33","guid":{"rendered":"https:\/\/www.europesays.com\/fr\/234478\/"},"modified":"2025-07-08T06:37:33","modified_gmt":"2025-07-08T06:37:33","slug":"rock-bottom-maria-trenor","status":"publish","type":"post","link":"https:\/\/www.europesays.com\/fr\/234478\/","title":{"rendered":"Rock Bottom &#8211; Mar\u00eda Tr\u00e9nor"},"content":{"rendered":"<p itemprop=\"about\"><strong>R\u00e9sum\u00e9 :<\/strong> \u00c0 partir de l\u2019album mythique de Robert Wyatt, ROCK BOTTOM nous plonge dans l\u2019histoire d\u2019amour vertigineuse de Bob et Alfie, deux jeunes artistes de la culture hippie du d\u00e9but des ann\u00e9es 1970.<\/p>\n<p><strong>Critique\u00a0:<\/strong> Le cin\u00e9ma et la musique sont innerv\u00e9s, dans leurs \u0153uvres et Histoires, de r\u00e9cits d\u2019artistes tortur\u00e9s, \u00e9corch\u00e9s vifs, puisant leur inspiration dans leur indicible douleur pour produire des chefs-d\u2019\u0153uvre intemporels. Les ann\u00e9es 60-70 furent les d\u00e9cennies de l\u2019essor des drogues et boissons comme carburants cr\u00e9atifs pour de nombreux artistes iconiques.<br class=\"autobr\"\/><br \/>\nPourtant, la r\u00e9alisatrice Mar\u00eda Tr\u00e9nor \u00e9vite soigneusement l\u2019\u00e9cueil de la complaisance, choisissant une approche bien plus humaniste et m\u00e9lomane afin de retranscrire les complexit\u00e9s psychologiques et artistiques de ses protagonistes, Robert Wyatt et Alfreda Benge.<\/p>\n<dl class=\"spip_document_197077 spip_documents spip_documents_center\">\n<dt><img loading=\"lazy\" decoding=\"async\" src=\"https:\/\/www.europesays.com\/fr\/wp-content\/uploads\/2025\/07\/photo_1-158-2f1d7.jpg\" width=\"672\" height=\"358\" alt=\"JPEG - 443\u00a0kio\"\/><\/dt>\n<dt class=\"crayon document-credits-197077 credits\" style=\"width:350px;\"><strong>Copyright Alba Sotorra<\/strong><\/dt>\n<\/dl>\n<p>En effet, si le film commence \u00e0 New York en 1973, soit pr\u00e8s d\u2019un an avant la sortie de l\u2019album Rock Bottom, l\u2019intrigue est essentiellement d\u00e9velopp\u00e9e sur un flashback, lorsqu\u2019en 1972, Bob et Alfie s\u2019isolent dans une maison \u00e0 Majorque pour cr\u00e9er\u2026 et se d\u00e9foncer.<br class=\"autobr\"\/><br \/>\nTr\u00e9nor fait ainsi le choix d\u2019embrasser par le dessin et le montage l\u2019intimit\u00e9 tumultueuse et mouvement\u00e9e des deux protagonistes. S\u2019ils s\u2019aiment \u00e0 en point douter (ils sont mari\u00e9s dans la vraie vie depuis 1974), Bob et Alfie ont du talent pour se disputer d\u00e8s qu\u2019il s\u2019agit d\u2019art ou de drogue. Alfie aspire \u00e0 une reconnaissance en tant que cin\u00e9aste et plasticienne, tandis qu\u2019elle fustige Wyatt de ne pas la soutenir suffisamment et de privil\u00e9gier les nuits de beuveries avec ses amis musiciens. Si le m\u00e9lange de couleurs chaudes et froides, sombres et lumineuses de l\u2019int\u00e9rieur de la demeure et le montage tr\u00e8s cut traduisent visuellement les conflits artistiques et personnels du couple, d\u2019autres s\u00e9quences, port\u00e9es par les pilules et vapeurs d\u2019opiums, sont bien plus oniriques.<\/p>\n<dl class=\"spip_document_197078 spip_documents spip_documents_center\">\n<dt><img loading=\"lazy\" decoding=\"async\" src=\"https:\/\/www.europesays.com\/fr\/wp-content\/uploads\/2025\/07\/photo_2-156-ed91d.jpg\" width=\"672\" height=\"378\" alt=\"JPEG - 382.6\u00a0kio\"\/><\/dt>\n<dt class=\"crayon document-credits-197078 credits\" style=\"width:350px;\"><strong>Copyright Alba Sotorra<\/strong><\/dt>\n<\/dl>\n<p>Au d\u00e9tour d\u2019une nuit sur la plage, d\u2019une baignade dans la mer, la mise en sc\u00e8ne se laisse \u00e0 aller \u00e0 une esth\u00e9tique beaucoup plus fantasmagorique, jouant d\u2019images chim\u00e9riques dessin\u00e9es au crayon, au feutre ou \u00e0 la peinture num\u00e9rique, rythm\u00e9es par les chansons remasteris\u00e9es de Wyatt. Apr\u00e8s quoi, le r\u00e9cit est progressivement ramen\u00e9 \u00e0 la vie tr\u00e8s pr\u00e9caire de Bob et  Alfie, jusqu\u2019\u00e0 retourner dans le pr\u00e9sent, en 1973, o\u00f9 Robert Wyatt est hospitalis\u00e9 apr\u00e8s la chute du quatri\u00e8me \u00e9tage d\u2019un immeuble.<br class=\"autobr\"\/><br \/>\nCeux qui connaissent l\u2019histoire de l\u2019artiste savent qu\u2019un nouveau Robert Wyatt est n\u00e9 apr\u00e8s cet accident\u00a0: un jeune homme qui, ayant d\u00e9finitivement perdu l\u2019usage de ses jambes, entre dans une forme de r\u00e9silience et de r\u00e9demption.<br class=\"autobr\"\/><br \/>\nLa qu\u00eate de gloire, la chute et la renaissance rendue possible par l\u2019amour qu\u2019Alfie lui porte. Voil\u00e0 ce que Mar\u00eda Tr\u00e9nor a su joliment et sinc\u00e8rement raconter dans ce long-m\u00e9trage d\u2019animation original.<\/p>\n<dl class=\"spip_document_197079 spip_documents spip_documents_center\">\n<dt><img loading=\"lazy\" decoding=\"async\" src=\"https:\/\/www.europesays.com\/fr\/wp-content\/uploads\/2025\/07\/affiche-30-dbe5e.jpg\" width=\"672\" height=\"914\" alt=\"JPEG - 206.3\u00a0kio\"\/><\/dt>\n<dt class=\"crayon document-credits-197079 credits\" style=\"width:350px;\"><strong>Copyright Alba Sotorra<\/strong><\/dt>\n<\/dl>\n<p><b>\u2013<\/b>\u00a0Festival d\u2019Annecy 2024\u00a0: comp\u00e9tition<\/p>\n","protected":false},"excerpt":{"rendered":"R\u00e9sum\u00e9 : \u00c0 partir de l\u2019album mythique de Robert Wyatt, ROCK BOTTOM nous plonge dans l\u2019histoire d\u2019amour vertigineuse&hellip;\n","protected":false},"author":2,"featured_media":234479,"comment_status":"","ping_status":"","sticky":false,"template":"","format":"standard","meta":{"footnotes":""},"categories":[1354],"tags":[6542,37313,1832,58,59,9872,37316,1346,1011,27,1360,16167,37314,37315,37312],"class_list":{"0":"post-234478","1":"post","2":"type-post","3":"status-publish","4":"format-standard","5":"has-post-thumbnail","7":"category-films","8":"tag-6542","9":"tag-3-etoiles","10":"tag-animation","11":"tag-divertissement","12":"tag-entertainment","13":"tag-espagnol","14":"tag-festival-d","15":"tag-films","16":"tag-fr","17":"tag-france","18":"tag-movies","19":"tag-musical","20":"tag-polonais","21":"tag-potemkine-distribution","22":"tag-rock-bottom-maria-trenor-critique"},"share_on_mastodon":{"url":"https:\/\/pubeurope.com\/@fr\/114816237329731766","error":""},"_links":{"self":[{"href":"https:\/\/www.europesays.com\/fr\/wp-json\/wp\/v2\/posts\/234478","targetHints":{"allow":["GET"]}}],"collection":[{"href":"https:\/\/www.europesays.com\/fr\/wp-json\/wp\/v2\/posts"}],"about":[{"href":"https:\/\/www.europesays.com\/fr\/wp-json\/wp\/v2\/types\/post"}],"author":[{"embeddable":true,"href":"https:\/\/www.europesays.com\/fr\/wp-json\/wp\/v2\/users\/2"}],"replies":[{"embeddable":true,"href":"https:\/\/www.europesays.com\/fr\/wp-json\/wp\/v2\/comments?post=234478"}],"version-history":[{"count":0,"href":"https:\/\/www.europesays.com\/fr\/wp-json\/wp\/v2\/posts\/234478\/revisions"}],"wp:featuredmedia":[{"embeddable":true,"href":"https:\/\/www.europesays.com\/fr\/wp-json\/wp\/v2\/media\/234479"}],"wp:attachment":[{"href":"https:\/\/www.europesays.com\/fr\/wp-json\/wp\/v2\/media?parent=234478"}],"wp:term":[{"taxonomy":"category","embeddable":true,"href":"https:\/\/www.europesays.com\/fr\/wp-json\/wp\/v2\/categories?post=234478"},{"taxonomy":"post_tag","embeddable":true,"href":"https:\/\/www.europesays.com\/fr\/wp-json\/wp\/v2\/tags?post=234478"}],"curies":[{"name":"wp","href":"https:\/\/api.w.org\/{rel}","templated":true}]}}