{"id":234480,"date":"2025-07-08T06:38:12","date_gmt":"2025-07-08T06:38:12","guid":{"rendered":"https:\/\/www.europesays.com\/fr\/234480\/"},"modified":"2025-07-08T06:38:12","modified_gmt":"2025-07-08T06:38:12","slug":"origines-des-deces-en-france-tumeurs-maladies-avc-une-etude-devoile-les-causes-de-la-mortalite","status":"publish","type":"post","link":"https:\/\/www.europesays.com\/fr\/234480\/","title":{"rendered":"Origines des d\u00e9c\u00e8s en France\u00a0: tumeurs, maladies, AVC\u2026 une \u00e9tude d\u00e9voile les causes de la mortalit\u00e9"},"content":{"rendered":"<p>\n                                                                    l&rsquo;essentiel<br \/>\n                                                                Une \u00e9tude de Sant\u00e9 publique France et la DREES, publi\u00e9e ce mardi matin, d\u00e9taille les grandes causes des d\u00e9c\u00e8s en France pour 2023 apr\u00e8s les ann\u00e9es Covid-19. Si certaines sont en recul, d\u2019autres sont en augmentation.\n                            <\/p>\n<p>De quoi meurent les Fran\u00e7ais\u00a0? Une \u00e9tude publi\u00e9e ce mardi 8\u00a0juillet d\u00e9taille l\u2019origine du d\u00e9c\u00e8s de 637\u00a0082 personnes en France au cours de l\u2019ann\u00e9e 2023. Avec 828,3 d\u00e9c\u00e8s pour 100\u00a0000 habitants, le niveau de mortalit\u00e9 a \u00e9t\u00e9 historiquement bas cette ann\u00e9e-l\u00e0, indiquent Sant\u00e9 Publique France, l\u2019Inserm et la DREES.<\/p>\n<p>Cause n\u00b01\u00a0: les tumeurs<\/p>\n<p>Les tumeurs c\u2019est-\u00e0-dire les cancers sont la premi\u00e8re cause de mortalit\u00e9, aussi bien chez l\u2019homme que chez la femme, et repr\u00e9sentent 27\u00a0% des d\u00e9c\u00e8s (239 d\u00e9c\u00e8s pour 100\u00a0000 habitants). Les d\u00e9c\u00e8s dus aux tumeurs concernent des personnes en moyenne plus jeunes que ceux toutes causes confondues. L\u2019\u00e9tude indique que la mortalit\u00e9 par tumeur continue de baisser \u00e0 l\u2019exception du pancr\u00e9as, du poumon, des bronches et de la trach\u00e9e chez les femmes.<\/p>\n<p>Cause n\u00b02\u00a0: les maladies cardio-vasculaires<\/p>\n<p>Les maladies cardio-vasculaires sont la deuxi\u00e8me cause de mortalit\u00e9. Elles regroupent par exemple les accidents vasculaires c\u00e9r\u00e9braux, l\u2019insuffisance cardiaque ou l\u2019infarctus du myocarde. Elles repr\u00e9sentent 21,4\u00a0% des d\u00e9c\u00e8s et affichent une l\u00e9g\u00e8re baisse entre\u00a02023 et\u00a02022.<\/p>\n<p>Cause n\u00b03\u00a0: sympt\u00f4mes et \u00e9tats morbides mal d\u00e9finis<\/p>\n<p>En troisi\u00e8me position, on retrouve les sympt\u00f4mes et \u00e9tats morbides mal d\u00e9finis. Une appellation qui regroupe la s\u00e9nilit\u00e9, la mort instantan\u00e9e, la mort sans signe de maladie, la mort subite chez le nourrisson ou la d\u00e9couverte de cadavre notamment, d\u2019apr\u00e8s le Centre d\u2019\u00e9pid\u00e9miologie des causes m\u00e9dicales de d\u00e9c\u00e8s de l\u2019Inserm (C\u00e9piDc-Inserm).<\/p>\n<p>        <img decoding=\"async\" class=\"std-img__img responsive-img\" src=\"https:\/\/www.europesays.com\/fr\/wp-content\/uploads\/2025\/07\/1751956692_149_image.jpg\" alt=\"Grandes causes de d\u00e9c\u00e8s en 2023 en France.\"\/><\/p>\n<p>                Grandes causes de d\u00e9c\u00e8s en 2023 en France.<br \/>\n                                    Sant\u00e9 Publique France<\/p>\n<p>Les autres origines de d\u00e9c\u00e8s en 2023 en France sont\u00a0:<\/p>\n<ul>\n<li>Causes externes de morbidit\u00e9 et mortalit\u00e9<\/li>\n<li>Maladies de l\u2019appareil respiratoire<\/li>\n<li>Maladies du syst\u00e8me nerveux et des organes des sens<\/li>\n<li>Maladies de l\u2019appareil digestif<\/li>\n<li>Maladies endocriniennes, nutritionnelles et m\u00e9taboliques<\/li>\n<li>Troubles mentaux et du comportement<\/li>\n<li>Covid-19<\/li>\n<\/ul>\n<p>53\u00a0% des d\u00e9c\u00e8s ont eu lieu dans des \u00e9tablissements de sant\u00e9. 24\u00a0% se sont produits \u00e0 domicile. Sur ces d\u00e9c\u00e8s \u00e0 domicile, 30\u00a0% ont concern\u00e9 des personnes en hospitalisation \u00e0 domicile.<\/p>\n<p>L\u2019\u00e9tude de Sant\u00e9 Publique France, de l\u2019Inserm et de la DREES fait remarquer que le nombre de d\u00e9c\u00e8s est plus \u00e9lev\u00e9 qu\u2019attendu dans le Nord (+\u00a017\u00a0%) et l\u2019Est de la France. Il est sensiblement plus faible en \u00cele-de-France (-15\u00a0%). Ces disparit\u00e9s territoriales sont plus marqu\u00e9es pour les maladies cardio-neurovasculaires que pour les tumeurs. De fortes disparit\u00e9s r\u00e9gionales et d\u00e9partementales s\u2019observent aussi pour les maladies infectieuses, endocriniennes, respiratoires, et le Covid-19. Enfin la mortalit\u00e9 est plus importante dans les territoires ruraux hors d\u2019influence des villes, et plus faible au sein des grandes agglom\u00e9rations.<\/p>\n<p>Pour consulter les \u00e9tudes en d\u00e9tail, consultez les sites de <a href=\"https:\/\/beh.santepubliquefrance.fr\/beh\/202\" target=\"_blank\" rel=\"nofollow noopener\">Sant\u00e9 Publique France<\/a>, de <a href=\"https:\/\/www.cepidc.inserm.fr\/donnees-et-publications\/grandes-causes-de-deces-et-tendances-recentes\" target=\"_blank\" rel=\"nofollow noopener\">l\u2019Inserm<\/a> et de <a href=\"https:\/\/drees.solidarites-sante.gouv.fr\/publications-communique-de-presse\/250708_ER_mortalite-en-france-en-2023\" target=\"_blank\" rel=\"nofollow noopener\">la DREES<\/a>.<\/p>\n","protected":false},"excerpt":{"rendered":"l&rsquo;essentiel Une \u00e9tude de Sant\u00e9 publique France et la DREES, publi\u00e9e ce mardi matin, d\u00e9taille les grandes causes&hellip;\n","protected":false},"author":2,"featured_media":234481,"comment_status":"","ping_status":"","sticky":false,"template":"","format":"standard","meta":{"footnotes":""},"categories":[10],"tags":[1011,27,72,71],"class_list":{"0":"post-234480","1":"post","2":"type-post","3":"status-publish","4":"format-standard","5":"has-post-thumbnail","7":"category-sante","8":"tag-fr","9":"tag-france","10":"tag-health","11":"tag-sante"},"share_on_mastodon":{"url":"https:\/\/pubeurope.com\/@fr\/114816241477423087","error":""},"_links":{"self":[{"href":"https:\/\/www.europesays.com\/fr\/wp-json\/wp\/v2\/posts\/234480","targetHints":{"allow":["GET"]}}],"collection":[{"href":"https:\/\/www.europesays.com\/fr\/wp-json\/wp\/v2\/posts"}],"about":[{"href":"https:\/\/www.europesays.com\/fr\/wp-json\/wp\/v2\/types\/post"}],"author":[{"embeddable":true,"href":"https:\/\/www.europesays.com\/fr\/wp-json\/wp\/v2\/users\/2"}],"replies":[{"embeddable":true,"href":"https:\/\/www.europesays.com\/fr\/wp-json\/wp\/v2\/comments?post=234480"}],"version-history":[{"count":0,"href":"https:\/\/www.europesays.com\/fr\/wp-json\/wp\/v2\/posts\/234480\/revisions"}],"wp:featuredmedia":[{"embeddable":true,"href":"https:\/\/www.europesays.com\/fr\/wp-json\/wp\/v2\/media\/234481"}],"wp:attachment":[{"href":"https:\/\/www.europesays.com\/fr\/wp-json\/wp\/v2\/media?parent=234480"}],"wp:term":[{"taxonomy":"category","embeddable":true,"href":"https:\/\/www.europesays.com\/fr\/wp-json\/wp\/v2\/categories?post=234480"},{"taxonomy":"post_tag","embeddable":true,"href":"https:\/\/www.europesays.com\/fr\/wp-json\/wp\/v2\/tags?post=234480"}],"curies":[{"name":"wp","href":"https:\/\/api.w.org\/{rel}","templated":true}]}}