{"id":234482,"date":"2025-07-08T06:39:11","date_gmt":"2025-07-08T06:39:11","guid":{"rendered":"https:\/\/www.europesays.com\/fr\/234482\/"},"modified":"2025-07-08T06:39:11","modified_gmt":"2025-07-08T06:39:11","slug":"lexamen-de-lappel-devant-la-dncg-avance-a-ce-mercredi-9-juillet","status":"publish","type":"post","link":"https:\/\/www.europesays.com\/fr\/234482\/","title":{"rendered":"l&rsquo;examen de l&rsquo;appel devant la DNCG avanc\u00e9 \u00e0 ce mercredi 9 juillet"},"content":{"rendered":"<p>Finalement, l&rsquo;OL et ses supporters en sauront plus sur le sort du club ce mercredi 9 juillet et <a href=\"https:\/\/www.leprogres.fr\/sport\/2025\/07\/03\/appel-de-la-retrogradation-en-ligue-2-l-ol-fixe-avant-le-11-juillet\" target=\"_blank\" rel=\"nofollow noopener\">non pas le 10 comme c&rsquo;\u00e9tait pr\u00e9vu<\/a>.\u00a0<\/p>\n<p>La d\u00e9cision sera rendue le jour m\u00eame, selon une source proche de la F\u00e9d\u00e9ration fran\u00e7aise de football. Le 24 juin dernier, le club a \u00e9t\u00e9 rel\u00e9gu\u00e9 en L2 \u00e0 l&rsquo;issue de son passage devant la Direction nationale de contr\u00f4le et de gestion (DNCG).<\/p>\n<p>  200 millions d&rsquo;euros exig\u00e9s<\/p>\n<p>Le club a fait appel, et cherche des solutions depuis. <a href=\"https:\/\/www.leprogres.fr\/p\/michele-kang\" target=\"_blank\" rel=\"nofollow noopener\">Michele Kang<\/a>, patronne de l&rsquo;OL f\u00e9minin (devenu OL Lyonnes) a notamment \u00e9t\u00e9 nomm\u00e9e \u00e0 la pr\u00e9sidence du club lyonnais \u00e0 la place de <a href=\"https:\/\/www.leprogres.fr\/p\/john-textor\" target=\"_blank\" rel=\"nofollow noopener\">John Textor<\/a>, d\u00e9missionnaire, et l&rsquo;Allemand <a href=\"https:\/\/www.leprogres.fr\/p\/michael-gerlinger\" target=\"_blank\" rel=\"nofollow noopener\">Michael Gerlinger<\/a> est devenu le nouveau directeur g\u00e9n\u00e9ral.<\/p>\n<p>La raison de la r\u00e9trogradation se situe dans la r\u00e9partition des sommes inject\u00e9es par la multipropri\u00e9t\u00e9 Eagle Football Holding.<\/p>\n<p>L&rsquo;enjeu pour l&rsquo;OL est de r\u00e9unir l&rsquo;argent manquant, de le mettre au bon endroit, sur un compte d\u00e9di\u00e9 au club rhodanien en l&rsquo;occurrence, et de montrer patte blanche.<\/p>\n<p>Les garanties financi\u00e8res exig\u00e9es sont connues : <a href=\"https:\/\/www.leprogres.fr\/sport\/2025\/07\/03\/200-millions-d-euros-de-garanties-financieres-les-conditions-du-maintien-de-l-ol-en-ligue-1\" target=\"_blank\" rel=\"nofollow noopener\">100 millions d\u2019euros<\/a> sont exig\u00e9s sur les comptes de l\u2019OL d&rsquo;ici \u00e0 ce mercredi et le club doit aussi s\u2019engager \u00e0 ce que 100\u00a0millions d\u2019euros suppl\u00e9mentaires soient disponibles pour assurer les besoins de la saison \u00e0 venir.<\/p>\n<p>La d\u00e9cision rendue mercredi p\u00e8se \u00e9galement sur le destin europ\u00e9en de l&rsquo;OL. S&rsquo;il est maintenu en L1, il devrait pouvoir jouer la Ligue Europa, une fois que l&rsquo;UEFA aura \u00e9tudi\u00e9 la question de la multipropri\u00e9t\u00e9 avec Crystal Palace, \u00e9galement qualifi\u00e9 pour cette comp\u00e9tition.\u00a0Si la d\u00e9cision de la DNCG se confirme ce mercredi, sa place reviendra \u00e0 Strasbourg, et celle de Strasbourg en Ligue Conf\u00e9rence reviendra \u00e0 Lens.<\/p>\n","protected":false},"excerpt":{"rendered":"Finalement, l&rsquo;OL et ses supporters en sauront plus sur le sort du club ce mercredi 9 juillet et&hellip;\n","protected":false},"author":2,"featured_media":234483,"comment_status":"","ping_status":"","sticky":false,"template":"","format":"standard","meta":{"footnotes":""},"categories":[9],"tags":[2757,107,63,1011,27,2428,2429,517,60],"class_list":{"0":"post-234482","1":"post","2":"type-post","3":"status-publish","4":"format-standard","5":"has-post-thumbnail","7":"category-sports","8":"tag-edition-lyon-villeurbanne","9":"tag-fil-info","10":"tag-football","11":"tag-fr","12":"tag-france","13":"tag-lyon","14":"tag-rhone","15":"tag-sport","16":"tag-sports"},"share_on_mastodon":{"url":"https:\/\/pubeurope.com\/@fr\/114816245168217377","error":""},"_links":{"self":[{"href":"https:\/\/www.europesays.com\/fr\/wp-json\/wp\/v2\/posts\/234482","targetHints":{"allow":["GET"]}}],"collection":[{"href":"https:\/\/www.europesays.com\/fr\/wp-json\/wp\/v2\/posts"}],"about":[{"href":"https:\/\/www.europesays.com\/fr\/wp-json\/wp\/v2\/types\/post"}],"author":[{"embeddable":true,"href":"https:\/\/www.europesays.com\/fr\/wp-json\/wp\/v2\/users\/2"}],"replies":[{"embeddable":true,"href":"https:\/\/www.europesays.com\/fr\/wp-json\/wp\/v2\/comments?post=234482"}],"version-history":[{"count":0,"href":"https:\/\/www.europesays.com\/fr\/wp-json\/wp\/v2\/posts\/234482\/revisions"}],"wp:featuredmedia":[{"embeddable":true,"href":"https:\/\/www.europesays.com\/fr\/wp-json\/wp\/v2\/media\/234483"}],"wp:attachment":[{"href":"https:\/\/www.europesays.com\/fr\/wp-json\/wp\/v2\/media?parent=234482"}],"wp:term":[{"taxonomy":"category","embeddable":true,"href":"https:\/\/www.europesays.com\/fr\/wp-json\/wp\/v2\/categories?post=234482"},{"taxonomy":"post_tag","embeddable":true,"href":"https:\/\/www.europesays.com\/fr\/wp-json\/wp\/v2\/tags?post=234482"}],"curies":[{"name":"wp","href":"https:\/\/api.w.org\/{rel}","templated":true}]}}