{"id":234494,"date":"2025-07-08T06:45:16","date_gmt":"2025-07-08T06:45:16","guid":{"rendered":"https:\/\/www.europesays.com\/fr\/234494\/"},"modified":"2025-07-08T06:45:16","modified_gmt":"2025-07-08T06:45:16","slug":"ce-que-lon-sait-sur-le-deces-du-depute-lr","status":"publish","type":"post","link":"https:\/\/www.europesays.com\/fr\/234494\/","title":{"rendered":"ce que l\u2019on sait sur le d\u00e9c\u00e8s du d\u00e9put\u00e9 LR"},"content":{"rendered":"<p class=\"article-p mdl\">C&rsquo;est une disparition qui a suscit\u00e9 un vent d&rsquo;\u00e9motion aupr\u00e8s de la classe politique fran\u00e7aise. <strong>Olivier Marleix, d\u00e9put\u00e9 LR d&rsquo;Eure-et-Loir, a mis fin \u00e0 ses jours<\/strong>, lundi 7 juillet, \u00e0 son domicile d&rsquo;Anet, suscitant\u00a0<a class=\"link\" href=\"https:\/\/www.rtl.fr\/actu\/politique\/mort-d-olivier-marleix-c-etait-un-homme-passionne-confie-laurent-wauquiez-sur-rtl-7900522094\" target=\"_blank\" rel=\"noopener\">la stup\u00e9faction et une vague d&rsquo;hommages<\/a>.\u00a0De grande stature, fossette au menton et le front d\u00e9garni, l&rsquo;ancien patron du groupe Les R\u00e9publicains \u00e0 l&rsquo;Assembl\u00e9e nationale (2022-2024), <strong>\u00e2g\u00e9 de 54 ans, \u00e9tait p\u00e8re de deux filles<\/strong>. Il \u00e9tait le fils de l&rsquo;ancien secr\u00e9taire d&rsquo;\u00c9tat et baron politique du Cantal Alain Marleix.<\/p>\n<p class=\"article-p mdl\">Peu avant 15 heures, les gendarmes, <strong>alert\u00e9s par l\u2019assistante parlementaire du d\u00e9put\u00e9 et par la maire d&rsquo;Anet<\/strong>, \u00ab\u00a0toutes les deux inqui\u00e8tes de l\u2019absence de ce dernier \u00e0 des rendez-vous pr\u00e9vus le matin en Eure-et-Loir et de son absence ensuite \u00e0 l\u2019Assembl\u00e9e nationale\u00a0\u00bb, p\u00e9n\u00e9traient dans son domicile. Ils \u00ab\u00a0d\u00e9couvraient son corps inanim\u00e9, <strong>pendu (&#8230;) dans une chambre \u00e0 l\u2019\u00e9tage de la maison<\/strong>\u00ab\u00a0, selon un communiqu\u00e9 du procureur de Chartres, Fr\u00e9d\u00e9ric Chevallier.<\/p>\n<p class=\"article-p mdl\">Au terme des premi\u00e8res constatations m\u00e9dico-l\u00e9gales, \u00ab\u00a0il peut \u00eatre exclu<strong> l\u2019intervention d&rsquo;un tiers dans la survenance de la mort du d\u00e9put\u00e9<\/strong>, la piste du suicide \u00e9tant par cons\u00e9quent privil\u00e9gi\u00e9e\u00a0\u00bb, a-t-il ajout\u00e9. Une autopsie sera pratiqu\u00e9e dans la matin\u00e9e du mercredi 9 juillet.\u00a0<strong>\u00ab\u00a0Un t\u00e9l\u00e9phone et des ordinateurs\u00a0\u00bb ont \u00e9t\u00e9 saisis<\/strong> en vue d&rsquo;\u00eatre rapidement analys\u00e9s mais \u00ab\u00a0en l\u2019\u00e9tat, aucun \u00e9crit n\u2019a \u00e9t\u00e9 retrouv\u00e9 pouvant int\u00e9resser l\u2019enqu\u00eate\u00a0\u00bb, selon la m\u00eame source.<\/p>\n<p>            Emmanuel Macron salue la m\u00e9moire d&rsquo;un homme qui \u00ab\u00a0d\u00e9fendait ses id\u00e9es avec conviction\u00a0\u00bb<\/p>\n<p class=\"article-p mdl\">Le pr\u00e9sident\u00a0<a class=\"link\" href=\"https:\/\/www.rtl.fr\/actu\/politique\/le-macronisme-survivra-t-il-a-emmanuel-macron-je-le-crois-profondement-dit-clement-beaune-sur-rtl-7900521731\" target=\"_blank\" rel=\"noopener\">Emmanuel Macron<\/a>, qui a souvent \u00e9t\u00e9 la cible des attaques virulentes d&rsquo;Olivier Marleix, a rendu hommage \u00e0 <strong>un \u00ab\u00a0homme politique d&rsquo;exp\u00e9rience\u00a0\u00bb qui \u00ab\u00a0d\u00e9fendait ses id\u00e9es avec conviction\u00a0\u00bb<\/strong> dans un message sur le r\u00e9seau social X.<\/p>\n<blockquote class=\"twitter-tweet\">\n<p lang=\"fr\" dir=\"ltr\">La disparition d\u2019Olivier Marleix plonge notre Parlement en deuil.<\/p>\n<p>Homme politique d\u2019exp\u00e9rience, il d\u00e9fendait ses id\u00e9es avec conviction. Je respectais aussi nos diff\u00e9rends puisqu\u2019ils se pla\u00e7aient \u00e0 la lumi\u00e8re de notre amour du pays. <\/p>\n<p>J\u2019adresse mes condol\u00e9ances\u2026<\/p>\n<p>\u2014 Emmanuel Macron (@EmmanuelMacron) <a href=\"https:\/\/twitter.com\/EmmanuelMacron\/status\/1942250969980400054?ref_src=twsrc%5Etfw\" target=\"_blank\" rel=\"noopener\">July 7, 2025<\/a><\/p><\/blockquote>\n<p class=\"article-p mdl\">Souverainiste assum\u00e9, le d\u00e9put\u00e9 d&rsquo;Eure-et-Loir avait notamment fustig\u00e9 <strong>la vente controvers\u00e9e en 2014<\/strong> de la branche \u00e9nergie d&rsquo;Alstom \u00e0 l&rsquo;Am\u00e9ricain General Electric, alors que le chef de l&rsquo;\u00c9tat \u00e9tait ministre de l&rsquo;\u00c9conomie.\u00a0\u00a0Apr\u00e8s avoir pr\u00e9sid\u00e9 une commission d&rsquo;enqu\u00eate sur ce rachat, Olivier Marleix avait saisi la justice en 2019, <strong>s&rsquo;interrogeant sur le r\u00f4le jou\u00e9 par Emmanuel Macron<\/strong>.\u00a0\u00a0<\/p>\n<p class=\"article-p mdl\">De son c\u00f4t\u00e9,\u00a0<a class=\"link\" href=\"https:\/\/www.rtl.fr\/actu\/politique\/francois-bayrou-ne-tiendra-pas-le-sort-du-premier-ministre-est-il-deja-scelle-7900521098\" target=\"_blank\" rel=\"noopener\">le Premier ministre Fran\u00e7ois Bayrou<\/a>\u00a0a exprim\u00e9, sur le m\u00eame r\u00e9seau social, <strong>sa \u00ab\u00a0stup\u00e9faction\u00a0\u00bb et son \u00ab\u00a0immense tristesse\u00a0\u00bb<\/strong>, reconnaissant que \u00ab\u00a0l&rsquo;on ne se rend jamais compte de la fragilit\u00e9 des \u00eatres humains\u2026\u00a0\u00bb\u00a0<\/p>\n<blockquote class=\"twitter-tweet\">\n<p lang=\"fr\" dir=\"ltr\">Stup\u00e9faction et immense tristesse \u00e0 l\u2019annonce de la disparition brutale d\u2019Olivier Marleix. On ne se rend jamais compte de la fragilit\u00e9 des \u00eatres humains\u2026 Nous serons chez lui demain, \u00e0 Chartres, dans son d\u00e9partement. Sa haute silhouette nous manquera.<\/p>\n<p>\u2014 Fran\u00e7ois Bayrou (@bayrou) <a href=\"https:\/\/twitter.com\/bayrou\/status\/1942261343966412815?ref_src=twsrc%5Etfw\" target=\"_blank\" rel=\"noopener\">July 7, 2025<\/a><\/p><\/blockquote>\n<p class=\"article-p mdl\">\u00c0 l&rsquo;Assembl\u00e9e, o\u00f9 Olivier Marleix si\u00e9geait depuis 2012, l&rsquo;annonce de sa mort a boulevers\u00e9 les d\u00e9put\u00e9s qui ont observ\u00e9 une minute du silence.\u00a0C&rsquo;est <strong>la quatri\u00e8me fois sous la Ve R\u00e9publique qu&rsquo;un d\u00e9put\u00e9 se suicide<\/strong>, apr\u00e8s Aymeric Simon-Lori\u00e8re en 1977, Pierre B\u00e9r\u00e9govoy en 1993 et Jean-Marie Demange en 2008.<\/p>\n<p class=\"article-p mdl\">Apr\u00e8s avoir salu\u00e9 la m\u00e9moire d&rsquo;<strong>un homme \u00ab\u00a0droit, rigoureux, profond\u00e9ment humain\u00a0\u00bb<\/strong>,\u00a0<a class=\"link\" href=\"https:\/\/www.rtl.fr\/actu\/politique\/yael-braun-pivet-sur-rtl-en-tant-que-femme-c-est-important-de-ne-pas-s-excuser-d-exercer-le-pouvoir-7900518797\" target=\"_blank\" rel=\"noopener\">la pr\u00e9sidente de l&rsquo;Assembl\u00e9e nationale, Ya\u00ebl Braun-Pivet<\/a>, proposera mardi 8 juillet \u00e0 la conf\u00e9rence des pr\u00e9sidents de la chambre basse qu&rsquo;un hommage soit rendu \u00e0 Olivier Marleix \u00e0 15 heures.\u00a0<\/p>\n<p>    La r\u00e9daction vous recommande<\/p>\n<p class=\"s-newsletter__title\">\n                L\u2019actualit\u00e9 par la r\u00e9daction de RTL dans votre bo\u00eete mail.\n            <\/p>\n<p class=\"s-newsletter__subtitle\">\n                Gr\u00e2ce \u00e0 votre compte RTL abonnez-vous \u00e0 la newsletter RTL info pour suivre toute l&rsquo;actualit\u00e9 au quotidien\n            <\/p>\n<p>\n                                    Lire la suite\n                                <\/p>\n<p>                            <script async src=\"https:\/\/platform.twitter.com\/widgets.js\" charset=\"utf-8\"><\/script><\/p>\n","protected":false},"excerpt":{"rendered":"C&rsquo;est une disparition qui a suscit\u00e9 un vent d&rsquo;\u00e9motion aupr\u00e8s de la classe politique fran\u00e7aise. Olivier Marleix, d\u00e9put\u00e9&hellip;\n","protected":false},"author":2,"featured_media":234495,"comment_status":"","ping_status":"","sticky":false,"template":"","format":"standard","meta":{"footnotes":""},"categories":[2],"tags":[11,416,3983,107,1011,27,6319,12],"class_list":{"0":"post-234494","1":"post","2":"type-post","3":"status-publish","4":"format-standard","5":"has-post-thumbnail","7":"category-actualites","8":"tag-actualites","9":"tag-assemblee-nationale","10":"tag-deces","11":"tag-fil-info","12":"tag-fr","13":"tag-france","14":"tag-les-republicains","15":"tag-news"},"share_on_mastodon":{"url":"https:\/\/pubeurope.com\/@fr\/114816268667308847","error":""},"_links":{"self":[{"href":"https:\/\/www.europesays.com\/fr\/wp-json\/wp\/v2\/posts\/234494","targetHints":{"allow":["GET"]}}],"collection":[{"href":"https:\/\/www.europesays.com\/fr\/wp-json\/wp\/v2\/posts"}],"about":[{"href":"https:\/\/www.europesays.com\/fr\/wp-json\/wp\/v2\/types\/post"}],"author":[{"embeddable":true,"href":"https:\/\/www.europesays.com\/fr\/wp-json\/wp\/v2\/users\/2"}],"replies":[{"embeddable":true,"href":"https:\/\/www.europesays.com\/fr\/wp-json\/wp\/v2\/comments?post=234494"}],"version-history":[{"count":0,"href":"https:\/\/www.europesays.com\/fr\/wp-json\/wp\/v2\/posts\/234494\/revisions"}],"wp:featuredmedia":[{"embeddable":true,"href":"https:\/\/www.europesays.com\/fr\/wp-json\/wp\/v2\/media\/234495"}],"wp:attachment":[{"href":"https:\/\/www.europesays.com\/fr\/wp-json\/wp\/v2\/media?parent=234494"}],"wp:term":[{"taxonomy":"category","embeddable":true,"href":"https:\/\/www.europesays.com\/fr\/wp-json\/wp\/v2\/categories?post=234494"},{"taxonomy":"post_tag","embeddable":true,"href":"https:\/\/www.europesays.com\/fr\/wp-json\/wp\/v2\/tags?post=234494"}],"curies":[{"name":"wp","href":"https:\/\/api.w.org\/{rel}","templated":true}]}}