{"id":234496,"date":"2025-07-08T06:46:24","date_gmt":"2025-07-08T06:46:24","guid":{"rendered":"https:\/\/www.europesays.com\/fr\/234496\/"},"modified":"2025-07-08T06:46:24","modified_gmt":"2025-07-08T06:46:24","slug":"saint-etienne-arretee-en-exces-de-vitesse-elle-donne-une-fausse-identite-pour-echapper-a-la-recidive-legale","status":"publish","type":"post","link":"https:\/\/www.europesays.com\/fr\/234496\/","title":{"rendered":"Saint-\u00c9tienne. Arr\u00eat\u00e9e en exc\u00e8s de vitesse, elle donne une fausse identit\u00e9 pour \u00e9chapper \u00e0 la r\u00e9cidive l\u00e9gale"},"content":{"rendered":"<p>Il \u00e9tait environ 1\u00a0h\u00a030, dans la nuit du jeudi\u00a03 au vendredi 4\u00a0juillet, quand une patrouille de police rep\u00e8re un v\u00e9hicule circulant bien au-dessus de la vitesse autoris\u00e9e en agglom\u00e9ration, dans le secteur de la place Jacquard, \u00e0 Saint-\u00c9tienne.<\/p>\n<p>Les fonctionnaires arr\u00eatent la conductrice et contr\u00f4lent ses papiers. Mais la jeune femme ne les a pas sur elle. Elle donne une identit\u00e9 aux policiers qui leur semble suspecte.<\/p>\n<p>  Rebelote 40 jours apr\u00e8s son jugement<\/p>\n<p>Elle est interpell\u00e9e et plac\u00e9e en garde \u00e0 vue. Lors de son audition, mise devant ses contradictions, la jeune femme, \u00e2g\u00e9e de 22 ans, finit par reconna\u00eetre le mensonge. Et donne son vrai nom.<\/p>\n<p>Qui indique aux fonctionnaires que cette conductrice a \u00e9t\u00e9 jug\u00e9e pr\u00e9c\u00e9demment pour conduite sans permis. Le jugement a \u00e9t\u00e9 rendu le 23\u00a0mai. Quarante jours plus tard, c\u2019est de nouveau un d\u00e9faut de permis de conduire qui est retenu contre elle.<\/p>\n<p>Elle devra, une nouvelle fois, s\u2019en expliquer devant les juges, qui auront sans doute moins d\u2019indulgence dans ce contexte de r\u00e9cidive l\u00e9gale.<\/p>\n","protected":false},"excerpt":{"rendered":"Il \u00e9tait environ 1\u00a0h\u00a030, dans la nuit du jeudi\u00a03 au vendredi 4\u00a0juillet, quand une patrouille de police rep\u00e8re&hellip;\n","protected":false},"author":2,"featured_media":234497,"comment_status":"","ping_status":"","sticky":false,"template":"","format":"standard","meta":{"footnotes":""},"categories":[9653],"tags":[1111,11,2430,271,272,7539,1777,674,274,107,1011,27,3367,12,25,4001,7538],"class_list":{"0":"post-234496","1":"post","2":"type-post","3":"status-publish","4":"format-standard","5":"has-post-thumbnail","7":"category-saint-etienne","8":"tag-actu","9":"tag-actualites","10":"tag-auvergne-rhone-alpes","11":"tag-crime","12":"tag-delit-et-contravention","13":"tag-edition-loire-sud","14":"tag-eu","15":"tag-europe","16":"tag-faits-divers-justice","17":"tag-fil-info","18":"tag-fr","19":"tag-france","20":"tag-loire","21":"tag-news","22":"tag-republique-francaise","23":"tag-saint-etienne","24":"tag-saint-etienne-ville"},"share_on_mastodon":{"url":"https:\/\/pubeurope.com\/@fr\/114816272788660886","error":""},"_links":{"self":[{"href":"https:\/\/www.europesays.com\/fr\/wp-json\/wp\/v2\/posts\/234496","targetHints":{"allow":["GET"]}}],"collection":[{"href":"https:\/\/www.europesays.com\/fr\/wp-json\/wp\/v2\/posts"}],"about":[{"href":"https:\/\/www.europesays.com\/fr\/wp-json\/wp\/v2\/types\/post"}],"author":[{"embeddable":true,"href":"https:\/\/www.europesays.com\/fr\/wp-json\/wp\/v2\/users\/2"}],"replies":[{"embeddable":true,"href":"https:\/\/www.europesays.com\/fr\/wp-json\/wp\/v2\/comments?post=234496"}],"version-history":[{"count":0,"href":"https:\/\/www.europesays.com\/fr\/wp-json\/wp\/v2\/posts\/234496\/revisions"}],"wp:featuredmedia":[{"embeddable":true,"href":"https:\/\/www.europesays.com\/fr\/wp-json\/wp\/v2\/media\/234497"}],"wp:attachment":[{"href":"https:\/\/www.europesays.com\/fr\/wp-json\/wp\/v2\/media?parent=234496"}],"wp:term":[{"taxonomy":"category","embeddable":true,"href":"https:\/\/www.europesays.com\/fr\/wp-json\/wp\/v2\/categories?post=234496"},{"taxonomy":"post_tag","embeddable":true,"href":"https:\/\/www.europesays.com\/fr\/wp-json\/wp\/v2\/tags?post=234496"}],"curies":[{"name":"wp","href":"https:\/\/api.w.org\/{rel}","templated":true}]}}