{"id":23450,"date":"2025-04-14T01:44:10","date_gmt":"2025-04-14T01:44:10","guid":{"rendered":"https:\/\/www.europesays.com\/fr\/23450\/"},"modified":"2025-04-14T01:44:10","modified_gmt":"2025-04-14T01:44:10","slug":"est-ce-que-benson-boone-a-fait-un-salto-sur-scene-a-coachella-bien-sur-que-oui","status":"publish","type":"post","link":"https:\/\/www.europesays.com\/fr\/23450\/","title":{"rendered":"Est-ce que Benson Boone a fait un salto sur sc\u00e8ne \u00e0 Coachella ? Bien s\u00fbr que oui"},"content":{"rendered":"<p>Il n&rsquo;a pas une seule chanson qui justifie de le faire mais il le fait quand m\u00eame.<\/p>\n<p>Et \u00e0 ce stade, ce serait presque une d\u00e9ception s\u2019il ne le faisait pas.<\/p>\n<p class=\"text-konbiniBlack px-3 pt-0 text-left font-bold text-2xl\">\u00c0 voir aussi sur Konbini<\/p>\n<p>Depuis ses d\u00e9buts rep\u00e9r\u00e9s sur American Idol (qu\u2019il a rapidement quitt\u00e9), jusqu\u2019\u00e0 son explosion sur TikTok avec ses ballades pop-folk \u00e0 grands renforts de refrains d\u00e9chirants, Benson Boone s\u2019est taill\u00e9 une place dans la nouvelle g\u00e9n\u00e9ration d\u2019artistes qui misent autant sur la voix que sur le spectacle. Et dans son cas, le spectacle, c\u2019est un salto parfaitement ex\u00e9cut\u00e9 \u2014 souvent en plein pont musical, comme pour mieux d\u00e9tourner l\u2019attention du reste.<\/p>\n<p>C\u2019est peut-\u00eatre la raison majeure pour laquelle les gens le connaissent. Les sauts spectaculaires de l\u2019artiste am\u00e9ricain font toujours le tour des r\u00e9seaux sociaux, souvent plus vite que ses propres singles. Alors avec sa pr\u00e9sence au festival Coachella, qui d\u00e9marrait ce vendredi 11 avril, personne n\u2019allait y \u00e9chapper. Le festival, connu pour ses t\u00eates d\u2019affiche d\u00e9mesur\u00e9es, ses looks extravagants et ses sc\u00e8nes toujours plus imposantes, semblait \u00eatre le cadre id\u00e9al pour une nouvelle cascade.<\/p>\n<p>Spoiler : il l\u2019a fait. Flip valid\u00e9.<\/p>\n<p>Mais ce n\u2019est pas tout. Entre deux envol\u00e9es vocales, un hommage au groupe Queen plut\u00f4t r\u00e9ussi, et un salto ma\u00eetris\u00e9, Benson Boone en a profit\u00e9 pour annoncer son prochain album : American Heart, pr\u00e9vu pour le 20 juin. De quoi faire patienter les fans entre deux cabrioles.<\/p>\n<p>On attend d\u00e9sormais le salto ultime sur les marches du MET Gala, en tenue couture, bien s\u00fbr.<\/p>\n<p>En attendant, on vous laisse appr\u00e9cier l\u2019acrobatie, et vous d\u00e9lecter des r\u00e9actions d\u2019Internet, toujours promptes \u00e0 transformer une cabriole en moment culte.<\/p>\n","protected":false},"excerpt":{"rendered":"Il n&rsquo;a pas une seule chanson qui justifie de le faire mais il le fait quand m\u00eame. Et&hellip;\n","protected":false},"author":2,"featured_media":23451,"comment_status":"","ping_status":"","sticky":false,"template":"","format":"standard","meta":{"footnotes":""},"categories":[1355],"tags":[58,59,1011,27,1361,873,1970],"class_list":{"0":"post-23450","1":"post","2":"type-post","3":"status-publish","4":"format-standard","5":"has-post-thumbnail","7":"category-musique","8":"tag-divertissement","9":"tag-entertainment","10":"tag-fr","11":"tag-france","12":"tag-music","13":"tag-musique","14":"tag-pop-culture"},"share_on_mastodon":{"url":"https:\/\/pubeurope.com\/@fr\/114333788726455096","error":""},"_links":{"self":[{"href":"https:\/\/www.europesays.com\/fr\/wp-json\/wp\/v2\/posts\/23450","targetHints":{"allow":["GET"]}}],"collection":[{"href":"https:\/\/www.europesays.com\/fr\/wp-json\/wp\/v2\/posts"}],"about":[{"href":"https:\/\/www.europesays.com\/fr\/wp-json\/wp\/v2\/types\/post"}],"author":[{"embeddable":true,"href":"https:\/\/www.europesays.com\/fr\/wp-json\/wp\/v2\/users\/2"}],"replies":[{"embeddable":true,"href":"https:\/\/www.europesays.com\/fr\/wp-json\/wp\/v2\/comments?post=23450"}],"version-history":[{"count":0,"href":"https:\/\/www.europesays.com\/fr\/wp-json\/wp\/v2\/posts\/23450\/revisions"}],"wp:featuredmedia":[{"embeddable":true,"href":"https:\/\/www.europesays.com\/fr\/wp-json\/wp\/v2\/media\/23451"}],"wp:attachment":[{"href":"https:\/\/www.europesays.com\/fr\/wp-json\/wp\/v2\/media?parent=23450"}],"wp:term":[{"taxonomy":"category","embeddable":true,"href":"https:\/\/www.europesays.com\/fr\/wp-json\/wp\/v2\/categories?post=23450"},{"taxonomy":"post_tag","embeddable":true,"href":"https:\/\/www.europesays.com\/fr\/wp-json\/wp\/v2\/tags?post=23450"}],"curies":[{"name":"wp","href":"https:\/\/api.w.org\/{rel}","templated":true}]}}