{"id":234520,"date":"2025-07-08T07:01:11","date_gmt":"2025-07-08T07:01:11","guid":{"rendered":"https:\/\/www.europesays.com\/fr\/234520\/"},"modified":"2025-07-08T07:01:11","modified_gmt":"2025-07-08T07:01:11","slug":"strasbourg-au-csc-victor-schoelcher-des-initiatives-pour-garder-le-lien-hors-de-laquarium-ferme-pour-2-ans","status":"publish","type":"post","link":"https:\/\/www.europesays.com\/fr\/234520\/","title":{"rendered":"Strasbourg. Au CSC Victor-Schoelcher, des initiatives pour garder le lien hors de l\u2019Aquarium ferm\u00e9 pour 2 ans"},"content":{"rendered":"<p>C\u2019est un b\u00e2timent embl\u00e9matique du quartier, dont les lettres argent\u00e9es se d\u00e9tachent encore sur le fronton malgr\u00e9 les travaux de r\u00e9novation entam\u00e9s en mars\u00a02024\u00a0: \u00ab\u00a0L\u2019Aquarium\u00a0\u00bb. Cette annexe du CSC Victor-Schoelcher est un phare de jour comme en soir\u00e9e depuis 1969 pour les jeunes du quartier. L\u2019Aquarium est situ\u00e9 en pleine Cit\u00e9 nucl\u00e9aire, cet ensemble d\u2019immeubles des ann\u00e9es 60-70, aujourd\u2019hui <a href=\"https:\/\/www.dna.fr\/societe\/2024\/02\/26\/la-geographie-prioritaire-evolue-avec-quatre-nouveaux-quartiers\" target=\"_blank\" rel=\"noopener\">quartier prioritaire de la politique de la ville (QPV)<\/a> qui compte 23,4\u00a0% des 16-25 ans non scolaris\u00e9s et sans emploi (Insee, 2020).<\/p>\n<p>\u00ab\u00a0Tout le monde pense que \u00e7a s\u2019appelle l\u2019Aquarium \u00e0 cause des grandes baies vitr\u00e9es, mais il y avait de v\u00e9ritables poissons exotiques dans l\u2019entr\u00e9e les premi\u00e8res ann\u00e9es\u00a0!\u00a0\u00bb, se souvient Mohamed Khettab, responsable jeunesse. Ce dernier d\u00e9crit un \u00ab\u00a0lieu de vie\u00a0\u00bb pour la centaine de jeunes de 12 \u00e0 20 ans qui le fr\u00e9quentaient chaque jour. \u00ab\u00a0Les croque-monsieur et les boissons \u00e0 1\u00a0euro de la&#8230;<\/p>\n","protected":false},"excerpt":{"rendered":"C\u2019est un b\u00e2timent embl\u00e9matique du quartier, dont les lettres argent\u00e9es se d\u00e9tachent encore sur le fronton malgr\u00e9 les&hellip;\n","protected":false},"author":2,"featured_media":234521,"comment_status":"","ping_status":"","sticky":false,"template":"","format":"standard","meta":{"footnotes":""},"categories":[2820],"tags":[1111,11,2880,1777,674,107,1011,27,775,3035,12,25,801,104,640,2879],"class_list":{"0":"post-234520","1":"post","2":"type-post","3":"status-publish","4":"format-standard","5":"has-post-thumbnail","7":"category-strasbourg","8":"tag-actu","9":"tag-actualites","10":"tag-edition-strasbourg","11":"tag-eu","12":"tag-europe","13":"tag-fil-info","14":"tag-fr","15":"tag-france","16":"tag-grand-est","17":"tag-la-matinale-strasbourg","18":"tag-news","19":"tag-republique-francaise","20":"tag-social","21":"tag-societe","22":"tag-strasbourg","23":"tag-strasbourg-ville"},"share_on_mastodon":{"url":"https:\/\/pubeurope.com\/@fr\/114816331561109964","error":""},"_links":{"self":[{"href":"https:\/\/www.europesays.com\/fr\/wp-json\/wp\/v2\/posts\/234520","targetHints":{"allow":["GET"]}}],"collection":[{"href":"https:\/\/www.europesays.com\/fr\/wp-json\/wp\/v2\/posts"}],"about":[{"href":"https:\/\/www.europesays.com\/fr\/wp-json\/wp\/v2\/types\/post"}],"author":[{"embeddable":true,"href":"https:\/\/www.europesays.com\/fr\/wp-json\/wp\/v2\/users\/2"}],"replies":[{"embeddable":true,"href":"https:\/\/www.europesays.com\/fr\/wp-json\/wp\/v2\/comments?post=234520"}],"version-history":[{"count":0,"href":"https:\/\/www.europesays.com\/fr\/wp-json\/wp\/v2\/posts\/234520\/revisions"}],"wp:featuredmedia":[{"embeddable":true,"href":"https:\/\/www.europesays.com\/fr\/wp-json\/wp\/v2\/media\/234521"}],"wp:attachment":[{"href":"https:\/\/www.europesays.com\/fr\/wp-json\/wp\/v2\/media?parent=234520"}],"wp:term":[{"taxonomy":"category","embeddable":true,"href":"https:\/\/www.europesays.com\/fr\/wp-json\/wp\/v2\/categories?post=234520"},{"taxonomy":"post_tag","embeddable":true,"href":"https:\/\/www.europesays.com\/fr\/wp-json\/wp\/v2\/tags?post=234520"}],"curies":[{"name":"wp","href":"https:\/\/api.w.org\/{rel}","templated":true}]}}