{"id":234522,"date":"2025-07-08T07:02:14","date_gmt":"2025-07-08T07:02:14","guid":{"rendered":"https:\/\/www.europesays.com\/fr\/234522\/"},"modified":"2025-07-08T07:02:14","modified_gmt":"2025-07-08T07:02:14","slug":"strasbourg-ou-finissent-les-velos-epaves-qui-sont-ramasses-et-stockes-a-la-fourriere","status":"publish","type":"post","link":"https:\/\/www.europesays.com\/fr\/234522\/","title":{"rendered":"Strasbourg. O\u00f9 finissent les v\u00e9los \u00e9paves qui sont ramass\u00e9s et stock\u00e9s \u00e0 la fourri\u00e8re\u00a0?"},"content":{"rendered":"<p>            Par<br \/>\n        <strong><br \/>\n            <a href=\"https:\/\/actu.fr\/auteur\/olivia-kouassi\" title=\"Consulter tous les articles de Olivia Kouassi\" rel=\"nofollow noopener\" target=\"_blank\">Olivia Kouassi<\/a><br \/>\n        <\/strong><\/p>\n<p>        Publi\u00e9 le<\/p>\n<p>            8 juil. 2025 \u00e0 7h00        <\/p>\n<p>V\u00e9ritable serpent de mer strasbourgeois, la question de la <a href=\"https:\/\/actu.fr\/grand-est\/strasbourg_67482\/strasbourg-mise-en-fourriere-des-velos-voici-ce-qu-il-faut-faire-pour-l-eviter_61732333.html\" rel=\"nofollow noopener\" target=\"_blank\">gestion des v\u00e9los \u00e9paves<\/a> reste d\u2019actualit\u00e9. Si le ramassage incombait auparavant au service propret\u00e9, ce n\u2019est plus le cas depuis le 1er\u00a0juin 2024, date \u00e0 laquelle la mission d\u2019enl\u00e8vement des v\u00e9los \u00e9paves a \u00e9t\u00e9 confi\u00e9e \u00e0 la fourri\u00e8re eurom\u00e9tropolitaine par le biais d\u2019une d\u00e9l\u00e9gation de service public (DSP).<\/p>\n<p class=\" wall-content\">Depuis juillet\u00a02024, ce ne sont ainsi pas moins de <strong>2\u2009428 v\u00e9los<\/strong> qui ont \u00e9t\u00e9 collect\u00e9s par les services sur le territoire de Strasbourg (<a href=\"https:\/\/actu.fr\/strasbourg\/\" rel=\"nofollow noopener\" target=\"_blank\">Bas-Rhin<\/a>) avant d\u2019\u00eatre stock\u00e9s temporairement \u00e0 la fourri\u00e8re. 689 cycles avaient \u00e9t\u00e9 ramass\u00e9s en 2023 avant la mise en place du nouveau syst\u00e8me de collecte. Mais o\u00f9 termine cette montagne de v\u00e9los\u2009?<\/p>\n<p>Des v\u00e9los \u00e9paves donn\u00e9s et r\u00e9habilit\u00e9s<\/p>\n<p class=\" wall-content\">Pour rappel, pour \u00eatre consid\u00e9r\u00e9s comme \u00e9paves et \u00eatre ramass\u00e9s, les v\u00e9los doivent pr\u00e9senter <strong>plusieurs \u00e9l\u00e9ments manquants<\/strong> tels que des roues, des freins, des p\u00e9dales. L\u2019absence de selle ne rentre pas en compte, \u00e9tant souvent d\u00e9tach\u00e9e par les propri\u00e9taires pour \u00e9viter les vols.<\/p>\n<p class=\" wall-content\">Gr\u00e2ce aux signalements des habitants via l\u2019application StrasApp ou dans la rubrique Propret\u00e9 voie publique du site de la municipalit\u00e9, mais aussi gr\u00e2ce au travail des agents de la commune,<strong> des zones d\u2019actions<\/strong> sont d\u00e9finies une fois un nombre important de v\u00e9los \u00e9paves rep\u00e9r\u00e9s. Des panneaux sont ensuite install\u00e9s pour pr\u00e9venir de l\u2019op\u00e9ration d\u2019enl\u00e8vement \u00e0 venir.<\/p>\n<p>    <img   decoding=\"async\" loading=\"lazy\" src=\"https:\/\/www.europesays.com\/fr\/wp-content\/uploads\/2025\/07\/velo-epaves-strasbourg-960x640.jpg\" alt=\"Des panneaux de pr\u00e9vention avant une op\u00e9ration de ramassage de v\u00e9los \u00e9paves \u00e0 Strasbourg.\" width=\"960\" height=\"640\"\/><br \/>\n    Des panneaux de pr\u00e9vention avant une op\u00e9ration de ramassage de v\u00e9los \u00e9paves \u00e0 Strasbourg. (\u00a9Olivia Kouassi \/ actu Strasbourg)Vid\u00e9os : en ce moment sur Actu<\/p>\n<p class=\" wall-content\">Une fois stock\u00e9s \u00e0 la fourri\u00e8re, les v\u00e9los collect\u00e9s sont ensuite <strong>remis gratuitement<\/strong> \u00ab\u2009\u00e0 des acteurs du r\u00e9emploi et de l\u2019\u00e9conomie sociale et solidaire\u2009\u00bb pour leur offrir une <strong>seconde vie<\/strong>. Parmi ces acteurs se trouvent des associations comme Emma\u00fcs, A\u2019Cro du v\u00e9lo, Bretz\u2019selle, Savoir et comp\u00e9tences ou encore V\u00e9lo station.<\/p>\n<p class=\" wall-content\">Une d\u00e9marche qui permet \u00e0 la Ville<strong> d\u2019agir contre l\u2019encombrement<\/strong>, de cr\u00e9er des <strong>activit\u00e9s d\u2019autor\u00e9paration<\/strong> et de proposer une gamme de v\u00e9los pour tous les budgets. En 2024, ce sont<strong> 60\u2009%<\/strong> des v\u00e9los \u00e9paves redistribu\u00e9s qui ont pu b\u00e9n\u00e9ficier d\u2019une seconde vie, fait savoir la Ville.<\/p>\n<p>Vers la mise en place d\u2019un syst\u00e8me de fourri\u00e8re\u2009?<\/p>\n<p class=\" wall-content\">Sur la question du d\u00e9sencombrement de Strasbourg et de ses centaines de milliers de v\u00e9los, \u00ab\u2009il y a encore beaucoup \u00e0 faire\u2009\u00bb, reconna\u00eet Sophie Dupressoir, conseill\u00e8re municipale d\u00e9l\u00e9gu\u00e9e en ce qui concerne la ville cyclable et marchable. La Ville souhaite aller plus loin et<strong> s\u2019interroge<\/strong> sur la potentielle mise en place <strong>d\u2019un syst\u00e8me de fourri\u00e8re et d\u2019amende<\/strong> pour les <strong>v\u00e9los ventouses<\/strong> (qui ne bougent pas de leur emplacement durant plus de quinze jours) et les<strong> v\u00e9los mal gar\u00e9s.<\/strong><\/p>\n<p class=\" wall-content\">Un grand bouleversement \u00ab\u2009qui devra se faire avec p\u00e9dagogie\u2009\u00bb et qui, s\u2019il voit le jour, pourrait se mettre en place \u00e0 l\u2019horizon 2027.<\/p>\n<p class=\" wall-content\">Suivez toute l\u2019actualit\u00e9 de vos villes et m\u00e9dias favoris en vous inscrivant \u00e0 <a href=\"https:\/\/moncompte.actu.fr\" title=\"D\u00e9couvez Mon Actu\" rel=\"nofollow noopener\" data-trk=\"{&quot;cta&quot;:{&quot;action&quot;:&quot;https:\\\/\\\/moncompte.actu.fr&quot;,&quot;category&quot;:&quot;mon compte&quot;,&quot;from&quot;:&quot;article footer&quot;,&quot;name&quot;:&quot;Mon actu&quot;,&quot;type&quot;:&quot;cta&quot;}}\" target=\"_blank\">Mon Actu<\/a>.<\/p>\n","protected":false},"excerpt":{"rendered":"Par Olivia Kouassi Publi\u00e9 le 8 juil. 2025 \u00e0 7h00 V\u00e9ritable serpent de mer strasbourgeois, la question de&hellip;\n","protected":false},"author":2,"featured_media":234523,"comment_status":"","ping_status":"","sticky":false,"template":"","format":"standard","meta":{"footnotes":""},"categories":[2820],"tags":[1111,11,1777,674,1011,27,775,12,25,104,640,208],"class_list":{"0":"post-234522","1":"post","2":"type-post","3":"status-publish","4":"format-standard","5":"has-post-thumbnail","7":"category-strasbourg","8":"tag-actu","9":"tag-actualites","10":"tag-eu","11":"tag-europe","12":"tag-fr","13":"tag-france","14":"tag-grand-est","15":"tag-news","16":"tag-republique-francaise","17":"tag-societe","18":"tag-strasbourg","19":"tag-velo"},"share_on_mastodon":{"url":"https:\/\/pubeurope.com\/@fr\/114816335596361669","error":""},"_links":{"self":[{"href":"https:\/\/www.europesays.com\/fr\/wp-json\/wp\/v2\/posts\/234522","targetHints":{"allow":["GET"]}}],"collection":[{"href":"https:\/\/www.europesays.com\/fr\/wp-json\/wp\/v2\/posts"}],"about":[{"href":"https:\/\/www.europesays.com\/fr\/wp-json\/wp\/v2\/types\/post"}],"author":[{"embeddable":true,"href":"https:\/\/www.europesays.com\/fr\/wp-json\/wp\/v2\/users\/2"}],"replies":[{"embeddable":true,"href":"https:\/\/www.europesays.com\/fr\/wp-json\/wp\/v2\/comments?post=234522"}],"version-history":[{"count":0,"href":"https:\/\/www.europesays.com\/fr\/wp-json\/wp\/v2\/posts\/234522\/revisions"}],"wp:featuredmedia":[{"embeddable":true,"href":"https:\/\/www.europesays.com\/fr\/wp-json\/wp\/v2\/media\/234523"}],"wp:attachment":[{"href":"https:\/\/www.europesays.com\/fr\/wp-json\/wp\/v2\/media?parent=234522"}],"wp:term":[{"taxonomy":"category","embeddable":true,"href":"https:\/\/www.europesays.com\/fr\/wp-json\/wp\/v2\/categories?post=234522"},{"taxonomy":"post_tag","embeddable":true,"href":"https:\/\/www.europesays.com\/fr\/wp-json\/wp\/v2\/tags?post=234522"}],"curies":[{"name":"wp","href":"https:\/\/api.w.org\/{rel}","templated":true}]}}