{"id":234524,"date":"2025-07-08T07:03:10","date_gmt":"2025-07-08T07:03:10","guid":{"rendered":"https:\/\/www.europesays.com\/fr\/234524\/"},"modified":"2025-07-08T07:03:10","modified_gmt":"2025-07-08T07:03:10","slug":"nice-cannes-antibes-decouvrez-quelles-villes-de-la-cote-dazur-sont-menacees-par-le-surtourisme","status":"publish","type":"post","link":"https:\/\/www.europesays.com\/fr\/234524\/","title":{"rendered":"Nice, Cannes, Antibes&#8230; D\u00e9couvrez quelles villes de la C\u00f4te d&rsquo;Azur sont menac\u00e9es par le surtourisme"},"content":{"rendered":"<p>Trop de touristes sur la C\u00f4te d&rsquo;Azur? C&rsquo;est grosso modo ce qu&rsquo;affirme <a href=\"https:\/\/www.villedereve.fr\/etudes\/tourisme-et-surtourisme-en-france\" target=\"_blank\" rel=\"noopener\">une \u00e9tude publi\u00e9e par la start-up Ville de r\u00eave<\/a>, \u00e9tablissant un classement des villes fran\u00e7aises <strong>les plus menac\u00e9es par le surtourisme<\/strong>.<\/p>\n<p>La start-up a dress\u00e9 son classement en adoptant le m\u00eame fonctionnement que celui du nutriscore pour nos aliments: <strong>le \u00ab\u00a0touriscore\u00a0\u00bb<\/strong>.<\/p>\n<p>Plus de <strong>300 communes de plus de 10.000 habitants<\/strong> ont \u00e9t\u00e9 \u00e9tudi\u00e9es, en prenant en compte des param\u00e8tres tels que le taux de meubl\u00e9s touristiques, la part de loueurs professionnels d\u00e9tenant au moins trois biens sur la plateforme Airbnb, la densit\u00e9 de bars et restaurants dans le centre-ville, ou encore <strong>la \u00ab\u00a0pr\u00e9dation immobili\u00e8re\u00a0\u00bb<\/strong>&#8230;<\/p>\n<p>R\u00e9sultat, des notes comprises entre A et E, E \u00e9tant le pire note du classement. Et dans le top 3, deux villes azur\u00e9ennes: Cannes en num\u00e9ro 1, Nice en num\u00e9ro 2. Antibes arrives au pied du podium.<\/p>\n<p>              <img ci-src=\"https:\/\/www.nicematin.com\/faits-de-societe\/Capture+d%E2%80%99e%CC%81cran+2025-07-07+a%CC%80+14-IrkNiS3w.png?vh=39a27c&amp;ci_seal=72517e7676\" alt=\"\"\/><br \/>\n        Touriscore C\u00f4te d&rsquo;Azur <strong>Capture villedereve.fr.<\/strong> <\/p>\n<p>                                <strong>25% d&rsquo;Airbnb \u00e0 Cannes<\/strong><\/p>\n<p>\u00ab\u00a0Le fait que la th\u00e9matique du surtourisme arrive dans les villes, c\u2019est assez r\u00e9cent parce qu\u2019il y a eu une explosion du nombre d\u2019Airbnb. <strong>En dix ans, on est pass\u00e9 d\u2019environ 200.000 \u00e0 800.000<\/strong>. Cette hausse-l\u00e0 est quand m\u00eame assez difficile \u00e0 absorber pour les villes, pour les habitants, pour des endroits qui souvent sont des centres-villes assez patrimoniaux, resserr\u00e9s\u00a0\u00bb, a expliqu\u00e9\u00a0J\u00e9r\u00f4me Devouge, le fondateur de Ville de r\u00eave, <a href=\"https:\/\/www.huffingtonpost.fr\/france\/article\/la-france-est-loin-d-etre-epargnee-par-le-surtourisme-et-ces-donnees-le-prouvent_252117.html\" target=\"_blank\" rel=\"noopener\">au Huffpost<\/a>, ajoutant qu&rsquo;il y a \u00ab\u00a0<strong>25 % d\u2019Airbnb \u00e0 Cannes<\/strong> et dans les <strong>11 % \u00e0 Annecy et \u00e0 Nice<\/strong><strong>.<\/strong>\u00ab\u00a0<\/p>\n<p>La France est la premi\u00e8re destination touristique mondiale, avec une centaine de millions de visiteurs en 2024, devant l&rsquo;Espagne, o\u00f9 <a href=\"https:\/\/www.nicematin.com\/faits-de-societe\/tourist-go-home-les-habitants-de-barcelone-n-en-peuvent-plus-et-sortent-les-pistolets-a-eau-contre-le-tourisme-de-masse-990646\" target=\"_blank\" rel=\"noopener\">des tensions \u00e9clatent r\u00e9guli\u00e8rement<\/a>\u00a0depuis ces derni\u00e8res ann\u00e9es entre locaux et touristes.<\/p>\n<p>Selon <a href=\"https:\/\/www.assemblee-nationale.fr\/dyn\/15\/rapports\/cion-eco\/l15b2190_rapport-information\" target=\"_blank\" rel=\"noopener\">un rapport parlementaire sur le tourisme datant de 2019<\/a>,\u00a080 % de l\u2019activit\u00e9 touristique se concentre sur 20 % du territoire fran\u00e7ais.\u00a0<\/p>\n","protected":false},"excerpt":{"rendered":"Trop de touristes sur la C\u00f4te d&rsquo;Azur? C&rsquo;est grosso modo ce qu&rsquo;affirme une \u00e9tude publi\u00e9e par la start-up&hellip;\n","protected":false},"author":2,"featured_media":234525,"comment_status":"","ping_status":"","sticky":false,"template":"","format":"standard","meta":{"footnotes":""},"categories":[2819],"tags":[1111,11,1777,674,332,1011,27,12,2401,882,25],"class_list":{"0":"post-234524","1":"post","2":"type-post","3":"status-publish","4":"format-standard","5":"has-post-thumbnail","7":"category-nice","8":"tag-actu","9":"tag-actualites","10":"tag-eu","11":"tag-europe","12":"tag-faits-de-societe","13":"tag-fr","14":"tag-france","15":"tag-news","16":"tag-nice","17":"tag-provence-alpes-cote-dazur","18":"tag-republique-francaise"},"share_on_mastodon":{"url":"https:\/\/pubeurope.com\/@fr\/114816339562583576","error":""},"_links":{"self":[{"href":"https:\/\/www.europesays.com\/fr\/wp-json\/wp\/v2\/posts\/234524","targetHints":{"allow":["GET"]}}],"collection":[{"href":"https:\/\/www.europesays.com\/fr\/wp-json\/wp\/v2\/posts"}],"about":[{"href":"https:\/\/www.europesays.com\/fr\/wp-json\/wp\/v2\/types\/post"}],"author":[{"embeddable":true,"href":"https:\/\/www.europesays.com\/fr\/wp-json\/wp\/v2\/users\/2"}],"replies":[{"embeddable":true,"href":"https:\/\/www.europesays.com\/fr\/wp-json\/wp\/v2\/comments?post=234524"}],"version-history":[{"count":0,"href":"https:\/\/www.europesays.com\/fr\/wp-json\/wp\/v2\/posts\/234524\/revisions"}],"wp:featuredmedia":[{"embeddable":true,"href":"https:\/\/www.europesays.com\/fr\/wp-json\/wp\/v2\/media\/234525"}],"wp:attachment":[{"href":"https:\/\/www.europesays.com\/fr\/wp-json\/wp\/v2\/media?parent=234524"}],"wp:term":[{"taxonomy":"category","embeddable":true,"href":"https:\/\/www.europesays.com\/fr\/wp-json\/wp\/v2\/categories?post=234524"},{"taxonomy":"post_tag","embeddable":true,"href":"https:\/\/www.europesays.com\/fr\/wp-json\/wp\/v2\/tags?post=234524"}],"curies":[{"name":"wp","href":"https:\/\/api.w.org\/{rel}","templated":true}]}}