{"id":234526,"date":"2025-07-08T07:04:11","date_gmt":"2025-07-08T07:04:11","guid":{"rendered":"https:\/\/www.europesays.com\/fr\/234526\/"},"modified":"2025-07-08T07:04:11","modified_gmt":"2025-07-08T07:04:11","slug":"guide-de-lete-une-soiree-les-pieds-dans-le-sable-pour-lancer-la-saison-sur-la-cote-dazur","status":"publish","type":"post","link":"https:\/\/www.europesays.com\/fr\/234526\/","title":{"rendered":"Guide de l\u2019\u00e9t\u00e9: une soir\u00e9e les pieds dans le sable pour lancer la saison sur la C\u00f4te d\u2019Azur"},"content":{"rendered":"<p>                                <b>Le guide de l&rsquo;\u00e9t\u00e9, un indispensable pour d\u00e9couvrir la C\u00f4te d\u2019Azur\u00a0<\/b><\/p>\n<p>Avec ses 250 000 exemplaires, son format pocket bilingue et sa rubrique en ligne sur les sites <a href=\"https:\/\/www.nicematin.com\/sujet\/guide-ete\" target=\"_blank\" rel=\"noopener\">nicematin.com<\/a>, <a href=\"https:\/\/www.varmatin.com\/sujet\/guide-ete\" target=\"_blank\" rel=\"noopener\">varmatin.com<\/a> et <a href=\"https:\/\/www.monacomatin.mc\/sujet\/guide-ete\" target=\"_blank\" rel=\"noopener\">monacomatin.mc<\/a>, le Guide de l\u2019\u00e9t\u00e9 est pr\u00eat \u00e0 accompagner habitants comme visiteurs jusqu\u2019en septembre! <\/p>\n<p>\u00c0 l\u2019int\u00e9rieur, une mine d\u2019id\u00e9es pour profiter de l\u2019\u00e9t\u00e9 sur la C\u00f4te d\u2019Azur : plages de r\u00eave, festivals en plein air, expos \u00e0 ne pas manquer, randos panoramiques, sorties avec les enfants, feux d\u2019artifice ou bonnes adresses gourmandes\u2026 il y en a pour tous les go\u00fbts et toutes les envies. <\/p>\n<p>              <img ci-src=\"https:\/\/www.nicematin.com\/detente\/GUIDE_1016-5EUboRe9.JPG?vh=16ae3d&amp;ci_seal=a3c1a919a1\" alt=\"\"\/><\/p>\n<p>Nouveaut\u00e9 cette ann\u00e9e, le guide propose un dossier sur l\u2019<a href=\"https:\/\/www.nicematin.com\/guide-ete\/oenotourisme-decouvrez-notre-selection-de-l-ete-990803\" target=\"_blank\" rel=\"noopener\">\u0153notourisme<\/a> pour explorer les plus beaux vignobles de la r\u00e9gion, ainsi qu\u2019une rubrique <a href=\"https:\/\/www.nicematin.com\/guide-ete\/food-and-chill-notre-selection-azureenne-de-l-ete-990533\" target=\"_blank\" rel=\"noopener\">food &amp; chill<\/a> o\u00f9 d\u00e9nicher les meilleures adresses gourmandes et lieux de d\u00e9tente. Sans oublier le <a href=\"https:\/\/www.nicematin.com\/guide-ete\/top-5-des-plus-beaux-villages-des-alpes-maritimes-990516\" target=\"_blank\" rel=\"noopener\">Top 5 (tr\u00e8s subjectif) des plus beaux villages des Alpes-Maritimes<\/a>! Une orientation r\u00e9solument tourn\u00e9e vers le plaisir et l\u2019art de vivre azur\u00e9en!<\/p>\n<p>              <img ci-src=\"https:\/\/www.nicematin.com\/detente\/GUIDE_1033-TNShztdg.JPG?vh=6bdf37&amp;ci_seal=c4eca7030c\" alt=\"\"\/><\/p>\n<p>                                <b>Un cocktail au bord de l\u2019eau pour lancer la saison<\/b><\/p>\n<p>Pour lancer cette \u00e9dition 2025, le Groupe Nice-Matin avait donn\u00e9 rendez-vous \u00e0 ses invit\u00e9s sur la plage, dans une ambiance d\u00e9contract\u00e9e. Plus de 150 partenaires, annonceurs et acteurs locaux ont ainsi profit\u00e9 d\u2019une soir\u00e9e les pieds dans le sable, rythm\u00e9e par le bruit des vagues et la musique du lieu. Avec l\u2019envie simple de trinquer ensemble au retour de l\u2019\u00e9t\u00e9, de capturer quelques souvenirs au photocall et de partager un moment simple et chaleureux.<\/p>\n<p>              <img ci-src=\"https:\/\/www.nicematin.com\/detente\/GUIDE_1009-v5xr3qoX.JPG?vh=dcf01b&amp;ci_seal=90043d7132\" alt=\"\"\/><\/p>\n<p>                                <b>Un guide qui rassemble et inspire<\/b><\/p>\n<p>Partenaire majeur, C\u00f4te d&rsquo;Azur France Tourisme a \u00e9t\u00e9 mis \u00e0 l\u2019honneur avec l\u2019intervention d\u2019Alexandra Borchio Fontimp, sa pr\u00e9sidente, \u00e9galement s\u00e9natrice et conseill\u00e8re d\u00e9partementale des Alpes-Maritimes. Elle a ainsi rappel\u00e9 l\u2019attachement commun \u00e0 promouvoir un \u00e9t\u00e9 riche, attractif et accessible \u00e0 tous sur la C\u00f4te d\u2019Azur.<\/p>\n<p>              <img ci-src=\"https:\/\/www.nicematin.com\/detente\/GUIDE_1130-nJcmEFK8.JPG?vh=0ba700&amp;ci_seal=f7ba0c55f1\" alt=\"\"\/><\/p>\n<p>Quant \u00e0 Simon Perrot, Directeur G\u00e9n\u00e9ral du Groupe Nice-Matin, il a rappel\u00e9 que\u202f\u201dce guide incarne l\u2019ADN de Nice-Matin, tourn\u00e9 vers la proximit\u00e9, l\u2019inspiration et l\u2019accompagnement de nos lecteurs. Il est pens\u00e9 pour leur donner chaque jour de quoi profiter pleinement de la saison, en toute libert\u00e9\u201d.\u00a0Apr\u00e8s ce moment symbolique et la pr\u00e9sentation officielle du guide, la soir\u00e9e s\u2019est prolong\u00e9e jusqu\u2019\u00e0 la tomb\u00e9e de la nuit, en nous donnant un avant-go\u00fbt de tout ce que l\u2019\u00e9t\u00e9 nous r\u00e9serve sur la C\u00f4te d\u2019Azur.<\/p>\n<p>              <img ci-src=\"https:\/\/www.nicematin.com\/detente\/GUIDE_1137-Pqmw7RZm.JPG?vh=2872ce&amp;ci_seal=be5ac64118\" alt=\"\"\/><\/p>\n<p><a href=\"https:\/\/www.calameo.com\/read\/0075174993e3ac7e37106\" target=\"_blank\" rel=\"noopener\"><b>D\u00e9couvrez le Guide de l&rsquo;Et\u00e9 des Alpes-Maritimes 2025!<\/b><\/a><\/p>\n","protected":false},"excerpt":{"rendered":"Le guide de l&rsquo;\u00e9t\u00e9, un indispensable pour d\u00e9couvrir la C\u00f4te d\u2019Azur\u00a0 Avec ses 250 000 exemplaires, son format&hellip;\n","protected":false},"author":2,"featured_media":234527,"comment_status":"","ping_status":"","sticky":false,"template":"","format":"standard","meta":{"footnotes":""},"categories":[2819],"tags":[1111,11,1777,674,1011,27,1393,12,2401,882,25],"class_list":{"0":"post-234526","1":"post","2":"type-post","3":"status-publish","4":"format-standard","5":"has-post-thumbnail","7":"category-nice","8":"tag-actu","9":"tag-actualites","10":"tag-eu","11":"tag-europe","12":"tag-fr","13":"tag-france","14":"tag-loisirs","15":"tag-news","16":"tag-nice","17":"tag-provence-alpes-cote-dazur","18":"tag-republique-francaise"},"share_on_mastodon":{"url":"https:\/\/pubeurope.com\/@fr\/114816343420705052","error":""},"_links":{"self":[{"href":"https:\/\/www.europesays.com\/fr\/wp-json\/wp\/v2\/posts\/234526","targetHints":{"allow":["GET"]}}],"collection":[{"href":"https:\/\/www.europesays.com\/fr\/wp-json\/wp\/v2\/posts"}],"about":[{"href":"https:\/\/www.europesays.com\/fr\/wp-json\/wp\/v2\/types\/post"}],"author":[{"embeddable":true,"href":"https:\/\/www.europesays.com\/fr\/wp-json\/wp\/v2\/users\/2"}],"replies":[{"embeddable":true,"href":"https:\/\/www.europesays.com\/fr\/wp-json\/wp\/v2\/comments?post=234526"}],"version-history":[{"count":0,"href":"https:\/\/www.europesays.com\/fr\/wp-json\/wp\/v2\/posts\/234526\/revisions"}],"wp:featuredmedia":[{"embeddable":true,"href":"https:\/\/www.europesays.com\/fr\/wp-json\/wp\/v2\/media\/234527"}],"wp:attachment":[{"href":"https:\/\/www.europesays.com\/fr\/wp-json\/wp\/v2\/media?parent=234526"}],"wp:term":[{"taxonomy":"category","embeddable":true,"href":"https:\/\/www.europesays.com\/fr\/wp-json\/wp\/v2\/categories?post=234526"},{"taxonomy":"post_tag","embeddable":true,"href":"https:\/\/www.europesays.com\/fr\/wp-json\/wp\/v2\/tags?post=234526"}],"curies":[{"name":"wp","href":"https:\/\/api.w.org\/{rel}","templated":true}]}}