{"id":234528,"date":"2025-07-08T07:05:09","date_gmt":"2025-07-08T07:05:09","guid":{"rendered":"https:\/\/www.europesays.com\/fr\/234528\/"},"modified":"2025-07-08T07:05:09","modified_gmt":"2025-07-08T07:05:09","slug":"en-bord-de-sevre-pres-de-nantes-ce-restaurant-a-ete-repris-par-un-salarie","status":"publish","type":"post","link":"https:\/\/www.europesays.com\/fr\/234528\/","title":{"rendered":"En bord de S\u00e8vre pr\u00e8s de Nantes, ce restaurant a \u00e9t\u00e9 repris par un salari\u00e9"},"content":{"rendered":"<p>            Par<br \/>\n        <strong><br \/>\n            <a href=\"https:\/\/actu.fr\/auteur\/laurent-fortin\" title=\"Consulter tous les articles de Laurent Fortin\" target=\"_blank\" rel=\"noopener\">Laurent Fortin<\/a><br \/>\n        <\/strong><\/p>\n<p>        Publi\u00e9 le<\/p>\n<p>            8 juil. 2025 \u00e0 8h38        <\/p>\n<p>Il faut manger tant que c\u2019est chaud. Ce n\u2019est pas R\u00e9mi Quinchard qui dira le contraire. <b>Ou saisir les occasions quand elles se pr\u00e9sentent<\/b>. Arriv\u00e9 il y a un an comme responsable de salle dans le <a href=\"https:\/\/telperetelfils.fr\/\" target=\"_blank\" rel=\"noopener\">restaurant Tel p\u00e8re tel fils,<\/a> sur les <a href=\"https:\/\/www.google.com\/maps\/place\/Portillon,+44120+Vertou\/@47.1490637,-1.4704039,384m\/data=!3m1!1e3!4m6!3m5!1s0x4805e7dfcafb93e3:0xafad8795f9a9a661!8m2!3d47.1471837!4d-1.4705628!16s%2Fg%2F1tklpy69?entry=ttu&amp;g_ep=EgoyMDI1MDYzMC4wIKXMDSoASAFQAw%3D%3D\" target=\"_blank\" rel=\"noopener\">bords de la S\u00e8vre<\/a> \u00e0 <a href=\"https:\/\/actu.fr\/pays-de-la-loire\/vertou_44215\" target=\"_blank\" rel=\"noopener\"><b>Vertou<\/b><\/a>, le gar\u00e7on de 37\u00a0ans ne savait pas qu\u2019il porterait si vite le tablier de chef.<\/p>\n<blockquote class=\"ac-article-quote wall-content\">\n<p>Je connais bien Thibaut Le Coulm (ndlr. Le pr\u00e9c\u00e9dent g\u00e9rant) avec qui j\u2019ai travaill\u00e9 pour un traiteur dans un moment de ma carri\u00e8re. Il m\u2019avait plus ou moins laiss\u00e9 entendre que je pourrai reprendre un jour cette table. Plut\u00f4t dans deux-trois ans, mais pas six mois apr\u00e8s mon arriv\u00e9e.<\/p>\n<\/blockquote>\n<p class=\" wall-content\">Il accepte quand m\u00eame cette nouvelle aventure.<\/p>\n<blockquote class=\"ac-article-quote wall-content\">\n<p>J\u2019\u00e9tais venu ici parce que j\u2019avais eu un coup de c\u0153ur pour le lieu avec son m\u00e9lange de modernit\u00e9 (verri\u00e8re) et d\u2019authenticit\u00e9 (vieilles pierres, grande chemin\u00e9e\u2026). Sans oublier le cadre (en bord de S\u00e8vre). Donc, apr\u00e8s 15\u00a0ans de m\u00e9tier aussi bien en cuisine qu\u2019en salle, en Savoie, sur la C\u00f4te d\u2019Azur, en Espagne et en Italie, \u00e0 Paris et \u00e0 Nantes (La Cigale, F\u00e9lix, le Mo\u00efa), je me suis dit que c\u2019\u00e9tait le bon moment pour prendre une affaire \u00e0 mon compte.<\/p>\n<p>R\u00e9mi Quinchard<\/p><\/blockquote>\n<p class=\" wall-content\">Ce dernier a toutefois \u00e9t\u00e9 associ\u00e9 une petite ann\u00e9e au <a href=\"https:\/\/www.facebook.com\/people\/Bar-Le-Ponton\/100068953300062\/\" target=\"_blank\" rel=\"noopener\">Ponton <\/a>\u00e0 Saint-Julien-de-Concelles.<\/p>\n<p>Vid\u00e9os : en ce moment sur Actu\u00ab\u2009La bonne humeur, ingr\u00e9dient indispensable\u2009\u00bb<\/p>\n<p class=\" wall-content\">Autre atout du restaurant \u00e0 ses yeux, \u00ab\u2009la bonne entente de l\u2019\u00e9quipe\u2009\u00bb. Constitu\u00e9e de quatre personnes \u2013 deux en salle et deux en cuisine -, elle a \u00e9t\u00e9 conserv\u00e9e.<\/p>\n<blockquote class=\"ac-article-quote wall-content\">\n<p>On travaille en bin\u00f4me mais pas en clan. Et avec l\u2019importance de vouloir transmettre. On cuisine des choses simples, mais de qualit\u00e9, et surtout avec des produits locaux. Un peu comme le fait une famille. \u00c7a tombe bien, le restaurant s\u2019appelle Tel p\u00e8re, tel fils. J\u2019ai gard\u00e9 le nom.<\/p>\n<\/blockquote>\n<p class=\" wall-content\">Le nouveau g\u00e9rant tient \u00e0 ce que les <b>moments pass\u00e9s \u00e0 ses tables soient \u00ab\u2009une parenth\u00e8se apaisante\u2009\u00bb <\/b>dans une journ\u00e9e qui en contient \u00ab\u2009souvent peu\u2009\u00bb. Ici, on sert aussi<b> le sourire et la bonne humeur avec l\u2019assiette<\/b>.<\/p>\n<blockquote class=\"ac-article-quote wall-content\">\n<p>C\u2019est mon \u00e9tat d\u2019esprit. C\u2019est aussi celui de l\u2019\u00e9quipe.<\/p>\n<\/blockquote>\n<p class=\" wall-content\">R\u00e9mi Quinchard a \u00e9t\u00e9 inspir\u00e9 par la cuisine de sa grand-m\u00e8re.<\/p>\n<p class=\" wall-content\">Elle \u00e9tait d\u2019origine portugaise et \u00e9tait venue habiter les Landes. Un terroir o\u00f9 on cultive la convivialit\u00e9, la simplicit\u00e9 et l\u2019amiti\u00e9. \u00c7a se ressent dans les plats. Le poulet fermier avec les petites pommes de terre cuites dans la graisse, c\u2019\u00e9tait sacr\u00e9.<\/p>\n<p class=\" wall-content\">Il rappelle d\u2019ailleurs que <b>cette table a eu un pass\u00e9 basque<\/b> de ce lieu (le restaurant a pendant une quinzaine d\u2019ann\u00e9es \u00e9t\u00e9 appel\u00e9 Euskadi), autre contr\u00e9e aux m\u00eames valeurs.<\/p>\n<p class=\" wall-content\">Cette nostalgie s<b>e remarque \u00e0 travers les objets de son enfance parsem\u00e9s dans le restaurant<\/b>\u2009: quelques <b>vieilles consoles<\/b> (Nintendo, Sega\u2026), <b>des romans d\u2019Harry Potter <\/b>et surtout dans <b>menus ins\u00e9r\u00e9s dans les bandes dessin\u00e9es de Tintin<\/b> ou de <b>Gaston Lagaffe<\/b>.<\/p>\n<p class=\" wall-content\">Tels ses a\u00efeux, le nouveau g\u00e9rant travaille avec un<b> maximum de partenaires locaux \u00e0 l\u2019instar des vignerons <\/b>(de Loire-Atlantique et de Vend\u00e9e) pour une carte des vins qu\u2019il a resserr\u00e9. Comme les repas (3 entr\u00e9es, 3 plats, 3 desserts le midi\u2009; 4 entr\u00e9es, 4 plats, 4 desserts le soir). Pour lesquels,<b> il faut compter 23\u00a0euros au d\u00e9jeuner et 39\u00a0euros au d\u00eener.<\/b> Sourire compris.<\/p>\n<p>Restaurant Tel p\u00e8re, tel fils, 1 route de Chateau-Th\u00e9baud. Contact\u2009: 02\u200940\u200933\u200916\u200984. Renseignements sur https:\/\/telperetelfils.fr\/. Ouverture du mardi au samedi midi ainsi que du jeudi au samedi soir.<\/p>\n<p class=\" wall-content\">Suivez toute l\u2019actualit\u00e9 de vos villes et m\u00e9dias favoris en vous inscrivant \u00e0 <a href=\"https:\/\/moncompte.actu.fr\" title=\"D\u00e9couvez Mon Actu\" rel=\"nofollow noopener\" data-trk=\"{&quot;cta&quot;:{&quot;action&quot;:&quot;https:\\\/\\\/moncompte.actu.fr&quot;,&quot;category&quot;:&quot;mon compte&quot;,&quot;from&quot;:&quot;article footer&quot;,&quot;name&quot;:&quot;Mon actu&quot;,&quot;type&quot;:&quot;cta&quot;}}\" target=\"_blank\">Mon Actu<\/a>.<\/p>\n","protected":false},"excerpt":{"rendered":"Par Laurent Fortin Publi\u00e9 le 8 juil. 2025 \u00e0 8h38 Il faut manger tant que c\u2019est chaud. Ce&hellip;\n","protected":false},"author":2,"featured_media":234529,"comment_status":"","ping_status":"","sticky":false,"template":"","format":"standard","meta":{"footnotes":""},"categories":[2818],"tags":[1111,11,1777,674,1011,27,766,12,2636,25,1340,37319,104,2900],"class_list":{"0":"post-234528","1":"post","2":"type-post","3":"status-publish","4":"format-standard","5":"has-post-thumbnail","7":"category-nantes","8":"tag-actu","9":"tag-actualites","10":"tag-eu","11":"tag-europe","12":"tag-fr","13":"tag-france","14":"tag-nantes","15":"tag-news","16":"tag-pays-de-la-loire","17":"tag-republique-francaise","18":"tag-restaurant","19":"tag-sevre-nantaise","20":"tag-societe","21":"tag-vignoble-nantais"},"share_on_mastodon":{"url":"https:\/\/pubeurope.com\/@fr\/114816347299947061","error":""},"_links":{"self":[{"href":"https:\/\/www.europesays.com\/fr\/wp-json\/wp\/v2\/posts\/234528","targetHints":{"allow":["GET"]}}],"collection":[{"href":"https:\/\/www.europesays.com\/fr\/wp-json\/wp\/v2\/posts"}],"about":[{"href":"https:\/\/www.europesays.com\/fr\/wp-json\/wp\/v2\/types\/post"}],"author":[{"embeddable":true,"href":"https:\/\/www.europesays.com\/fr\/wp-json\/wp\/v2\/users\/2"}],"replies":[{"embeddable":true,"href":"https:\/\/www.europesays.com\/fr\/wp-json\/wp\/v2\/comments?post=234528"}],"version-history":[{"count":0,"href":"https:\/\/www.europesays.com\/fr\/wp-json\/wp\/v2\/posts\/234528\/revisions"}],"wp:featuredmedia":[{"embeddable":true,"href":"https:\/\/www.europesays.com\/fr\/wp-json\/wp\/v2\/media\/234529"}],"wp:attachment":[{"href":"https:\/\/www.europesays.com\/fr\/wp-json\/wp\/v2\/media?parent=234528"}],"wp:term":[{"taxonomy":"category","embeddable":true,"href":"https:\/\/www.europesays.com\/fr\/wp-json\/wp\/v2\/categories?post=234528"},{"taxonomy":"post_tag","embeddable":true,"href":"https:\/\/www.europesays.com\/fr\/wp-json\/wp\/v2\/tags?post=234528"}],"curies":[{"name":"wp","href":"https:\/\/api.w.org\/{rel}","templated":true}]}}